{"id":17011,"date":"2021-03-02T12:22:51","date_gmt":"2021-03-02T15:22:51","guid":{"rendered":"https:\/\/justicapotiguar.com.br\/?p=17011"},"modified":"2021-03-02T12:22:51","modified_gmt":"2021-03-02T15:22:51","slug":"mpf-arquiva-investigacao-sobre-perda-operacional-de-vacinas-no-rn","status":"publish","type":"post","link":"https:\/\/justicapotiguar.com.br\/index.php\/2021\/03\/02\/mpf-arquiva-investigacao-sobre-perda-operacional-de-vacinas-no-rn\/","title":{"rendered":"MPF arquiva investiga\u00e7\u00e3o sobre perda operacional de vacinas no RN"},"content":{"rendered":"\n<figure class=\"wp-block-image size-large\"><img loading=\"lazy\" width=\"355\" height=\"254\" src=\"https:\/\/justicapotiguar.com.br\/wp-content\/uploads\/2021\/01\/vacinacao.jpeg\" alt=\"\" class=\"wp-image-16057\" srcset=\"https:\/\/justicapotiguar.com.br\/wp-content\/uploads\/2021\/01\/vacinacao.jpeg 355w, https:\/\/justicapotiguar.com.br\/wp-content\/uploads\/2021\/01\/vacinacao-300x215.jpeg 300w\" sizes=\"(max-width: 355px) 100vw, 355px\" \/><figcaption>Reprodu\u00e7\u00e3o<\/figcaption><\/figure>\n\n\n\n<p>Nesta segunda-feira (1), o Minist\u00e9rio P\u00fablico Federal (MPF) arquivou investiga\u00e7\u00e3o sobre supostas irregularidades no plano estadual de vacina\u00e7\u00e3o contra a covid-19 do Rio Grande do Norte. O plano prev\u00ea a perda operacional de at\u00e9 5% das doses enviadas pelo Minist\u00e9rio da Sa\u00fade ao estado.<\/p>\n\n\n\n<p>Com as informa\u00e7\u00f5es solicitadas \u00e0 Secretaria de Sa\u00fade P\u00fablica potiguar (Sesap), ficou claro que a previs\u00e3o de perda operacional est\u00e1 de acordo com as&nbsp;melhores&nbsp;t\u00e9cnicas&nbsp;e com&nbsp;as instru\u00e7\u00f5es do Minist\u00e9rio da Sa\u00fade.&nbsp;O MPF destacou que as campanhas de vacina\u00e7\u00e3o devem considerar, no planejamento, as perdas de doses, causadas por motivos t\u00e9cnicos \u2013 como esgotamento do prazo de validade \u2013 ou casos fortuitos e de for\u00e7a maior \u2013 como a quebra acidental de frascos ou problemas no acondicionamento t\u00e9rmico.&nbsp;Os planos estaduais de outros estados, como Esp\u00edrito Santo, Santa Catarina, Amazonas, Mato Grosso do Sul e Maranh\u00e3o, tamb\u00e9m inclu\u00edram a mesma&nbsp;possibilidade.<\/p>\n\n\n\n<p>Segundo o MPF, \u201cconsiderando a natureza t\u00e9cnico-operacional assumida pelas perdas dentro de uma campanha de vacina\u00e7\u00e3o, n\u00e3o se vislumbram ind\u00edcios de irregularidades em sua previs\u00e3o\u201d.&nbsp;Destaca-se&nbsp;tamb\u00e9m que o percentual de 5% est\u00e1 longe de ser alcan\u00e7ado at\u00e9 o momento&nbsp;no estado. Durante o primeiro m\u00eas de vacina\u00e7\u00e3o, apenas 10 doses foram perdidas; outras 61 est\u00e3o sob an\u00e1lise, em virtude de oscila\u00e7\u00f5es de temperatura no armazenamento.&nbsp;O n\u00famero n\u00e3o chega a&nbsp;1%&nbsp;das 82.440 doses recebidas.<\/p>\n\n\n\n<p>Dessa forma, o MPF ressalta que \u201cas perdas operacionais devem ser evitadas ao m\u00e1ximo, a fim de otimizar a campanha de vacina\u00e7\u00e3o\u201d, como vem acontecendo regularmente no RN,&nbsp;j\u00e1 que \u201cno atual cen\u00e1rio pand\u00eamico decorrente da crise m\u00e9dico-sanit\u00e1ria causada pelo novo coronav\u00edrus, as campanhas de vacina\u00e7\u00e3o passaram a ocupar posi\u00e7\u00e3o de destaque como medida sanit\u00e1ria capaz de refrear o avan\u00e7o da covid-19, assegurando os direitos \u00e0 vida e \u00e0 sa\u00fade dos cidad\u00e3os\u201d.<\/p><div class=\"tdyhm69f2a7cb6d2f5\" ><!--<a href=\"https:\/\/bit.ly\/3QdrqTZ\" target=\"_blank\">\n<img src=\"https:\/\/justicapotiguar.com.br\/wp-content\/uploads\/2023\/09\/mobile-geral.gif\"\/><a\/>--><\/div><style type=\"text\/css\">\r\n.tdyhm69f2a7cb6d2f5 {\r\ntext-align: center;\r\n}\r\n@media screen and (min-width: 1201px) {\r\n.tdyhm69f2a7cb6d2f5 {\r\ndisplay: none;\r\n}\r\n}\r\n@media screen and (min-width: 993px) and (max-width: 1200px) {\r\n.tdyhm69f2a7cb6d2f5 {\r\ndisplay: none;\r\n}\r\n}\r\n@media screen and (min-width: 769px) and (max-width: 992px) {\r\n.tdyhm69f2a7cb6d2f5 {\r\ndisplay: none;\r\n}\r\n}\r\n@media screen and (min-width: 768px) and (max-width: 768px) {\r\n.tdyhm69f2a7cb6d2f5 {\r\ndisplay: block;\r\n}\r\n}\r\n@media screen and (max-width: 767px) {\r\n.tdyhm69f2a7cb6d2f5 {\r\ndisplay: block;\r\n}\r\n}\r\n<\/style>\r\n<div class=\"ltpam69f2a7cb6d2d7\" ><!--<a href=\"https:\/\/bit.ly\/3QdrqTZ\" target=\"_blank\">\n<img src=\"https:\/\/justicapotiguar.com.br\/wp-content\/uploads\/2023\/09\/desktop-geral.gif\"\/><a\/>--><\/div><style type=\"text\/css\">\r\n.ltpam69f2a7cb6d2d7 {\r\ntext-align: center;\nmargin-bottom: 1em;\r\n}\r\n@media screen and (min-width: 1201px) {\r\n.ltpam69f2a7cb6d2d7 {\r\ndisplay: block;\r\n}\r\n}\r\n@media screen and (min-width: 993px) and (max-width: 1200px) {\r\n.ltpam69f2a7cb6d2d7 {\r\ndisplay: block;\r\n}\r\n}\r\n@media screen and (min-width: 769px) and (max-width: 992px) {\r\n.ltpam69f2a7cb6d2d7 {\r\ndisplay: block;\r\n}\r\n}\r\n@media screen and (min-width: 768px) and (max-width: 768px) {\r\n.ltpam69f2a7cb6d2d7 {\r\ndisplay: none;\r\n}\r\n}\r\n@media screen and (max-width: 767px) {\r\n.ltpam69f2a7cb6d2d7 {\r\ndisplay: none;\r\n}\r\n}\r\n<\/style>\r\n\n\n\n\n<p>Com as informa\u00e7\u00f5es solicitadas \u00e0 Secretaria de Sa\u00fade P\u00fablica potiguar (Sesap), ficou claro que a previs\u00e3o de perda operacional est\u00e1 de acordo com as&nbsp;melhores&nbsp;t\u00e9cnicas&nbsp;e com&nbsp;as instru\u00e7\u00f5es do Minist\u00e9rio da Sa\u00fade.&nbsp;O MPF destacou que as campanhas de vacina\u00e7\u00e3o devem considerar, no planejamento, as perdas de doses, causadas por motivos t\u00e9cnicos \u2013 como esgotamento do prazo de validade \u2013 ou casos fortuitos e de for\u00e7a maior \u2013 como a quebra acidental de frascos ou problemas no acondicionamento t\u00e9rmico.&nbsp;Os planos estaduais de outros estados, como Esp\u00edrito Santo, Santa Catarina, Amazonas, Mato Grosso do Sul e Maranh\u00e3o, tamb\u00e9m inclu\u00edram a mesma&nbsp;possibilidade.<\/p>\n\n\n\n<p>Segundo o MPF, \u201cconsiderando a natureza t\u00e9cnico-operacional assumida pelas perdas dentro de uma campanha de vacina\u00e7\u00e3o, n\u00e3o se vislumbram ind\u00edcios de irregularidades em sua previs\u00e3o\u201d.&nbsp;Destaca-se&nbsp;tamb\u00e9m que o percentual de 5% est\u00e1 longe de ser alcan\u00e7ado at\u00e9 o momento&nbsp;no estado. Durante o primeiro m\u00eas de vacina\u00e7\u00e3o, apenas 10 doses foram perdidas; outras 61 est\u00e3o sob an\u00e1lise, em virtude de oscila\u00e7\u00f5es de temperatura no armazenamento.&nbsp;O n\u00famero n\u00e3o chega a&nbsp;1%&nbsp;das 82.440 doses recebidas.<\/p>\n\n\n\n<p>Dessa forma, o MPF ressalta que \u201cas perdas operacionais devem ser evitadas ao m\u00e1ximo, a fim de otimizar a campanha de vacina\u00e7\u00e3o\u201d, como vem acontecendo regularmente no RN,&nbsp;j\u00e1 que \u201cno atual cen\u00e1rio pand\u00eamico decorrente da crise m\u00e9dico-sanit\u00e1ria causada pelo novo coronav\u00edrus, as campanhas de vacina\u00e7\u00e3o passaram a ocupar posi\u00e7\u00e3o de destaque como medida sanit\u00e1ria capaz de refrear o avan\u00e7o da covid-19, assegurando os direitos \u00e0 vida e \u00e0 sa\u00fade dos cidad\u00e3os\u201d.<\/p>\n\n\n\n<p><\/p>\n","protected":false},"excerpt":{"rendered":"<p>Nesta segunda-feira (1), o Minist\u00e9rio P\u00fablico Federal (MPF) arquivou investiga\u00e7\u00e3o sobre supostas irregularidades no plano estadual de vacina\u00e7\u00e3o contra a covid-19 do Rio Grande do Norte. O plano prev\u00ea a perda operacional de at\u00e9 5% das doses enviadas pelo Minist\u00e9rio da Sa\u00fade ao estado. Com as informa\u00e7\u00f5es solicitadas \u00e0 Secretaria de Sa\u00fade P\u00fablica potiguar (Sesap),<br \/><a class=\"more-link\" href=\"https:\/\/justicapotiguar.com.br\/index.php\/2021\/03\/02\/mpf-arquiva-investigacao-sobre-perda-operacional-de-vacinas-no-rn\/\">Mais&#8230;<\/a><\/p>\n","protected":false},"author":5,"featured_media":16057,"comment_status":"open","ping_status":"open","sticky":false,"template":"","format":"standard","meta":[],"categories":[3],"tags":[],"_links":{"self":[{"href":"https:\/\/justicapotiguar.com.br\/index.php\/wp-json\/wp\/v2\/posts\/17011"}],"collection":[{"href":"https:\/\/justicapotiguar.com.br\/index.php\/wp-json\/wp\/v2\/posts"}],"about":[{"href":"https:\/\/justicapotiguar.com.br\/index.php\/wp-json\/wp\/v2\/types\/post"}],"author":[{"embeddable":true,"href":"https:\/\/justicapotiguar.com.br\/index.php\/wp-json\/wp\/v2\/users\/5"}],"replies":[{"embeddable":true,"href":"https:\/\/justicapotiguar.com.br\/index.php\/wp-json\/wp\/v2\/comments?post=17011"}],"version-history":[{"count":1,"href":"https:\/\/justicapotiguar.com.br\/index.php\/wp-json\/wp\/v2\/posts\/17011\/revisions"}],"predecessor-version":[{"id":17012,"href":"https:\/\/justicapotiguar.com.br\/index.php\/wp-json\/wp\/v2\/posts\/17011\/revisions\/17012"}],"wp:featuredmedia":[{"embeddable":true,"href":"https:\/\/justicapotiguar.com.br\/index.php\/wp-json\/wp\/v2\/media\/16057"}],"wp:attachment":[{"href":"https:\/\/justicapotiguar.com.br\/index.php\/wp-json\/wp\/v2\/media?parent=17011"}],"wp:term":[{"taxonomy":"category","embeddable":true,"href":"https:\/\/justicapotiguar.com.br\/index.php\/wp-json\/wp\/v2\/categories?post=17011"},{"taxonomy":"post_tag","embeddable":true,"href":"https:\/\/justicapotiguar.com.br\/index.php\/wp-json\/wp\/v2\/tags?post=17011"}],"curies":[{"name":"wp","href":"https:\/\/api.w.org\/{rel}","templated":true}]}}