{"id":17009,"date":"2021-03-02T11:08:05","date_gmt":"2021-03-02T14:08:05","guid":{"rendered":"https:\/\/justicapotiguar.com.br\/?p=17009"},"modified":"2021-03-02T11:08:05","modified_gmt":"2021-03-02T14:08:05","slug":"pf-cumpre-mandados-contra-desembargadores-do-trt-rj","status":"publish","type":"post","link":"https:\/\/justicapotiguar.com.br\/index.php\/2021\/03\/02\/pf-cumpre-mandados-contra-desembargadores-do-trt-rj\/","title":{"rendered":"PF cumpre mandados contra desembargadores do TRT\/RJ"},"content":{"rendered":"\n<p>A PF e o MPF cumprem nesta ter\u00e7a-feira, 2, 11 mandados de pris\u00e3o preventiva e 26 de busca e apreens\u00e3o contra suspeitos de participa\u00e7\u00e3o em uma organiza\u00e7\u00e3o criminosa que atua junto ao governo do Estado do Rio de Janeiro. Entre os alvos da opera\u00e7\u00e3o Mais Valia est\u00e3o desembargadores do TRT do Rio de Janeiro (TRT da 1\u00aa regi\u00e3o).<\/p>\n\n\n\n<p>Tamb\u00e9m s\u00e3o investigados o governador afastado do Rio, Wilson Witzel, e advogados ligados a ele.<\/p>\n\n\n\n<figure class=\"wp-block-image\"><img src=\"https:\/\/img2.migalhas.uol.com.br\/_MEDPROC_\/https__img1.migalhas.uol.com.br__SL__gf_base__SL__empresas__SL__MIGA__SL__imagens__SL__2021__SL__03__SL__02__SL__ba906632-a701-44f6-996f-5dc9c357cb1b.jpg._PROC_CP75.jpg\" alt=\"(Imagem: Marcello Casal\/Ag\u00eancia Brasil)\" title=\"(Imagem: Marcello Casal\/Ag\u00eancia Brasil)\"\/><\/figure>\n\n\n\n<p>(Imagem: Marcello Casal\/Ag\u00eancia Brasil)<\/p>\n\n\n\n<p>A opera\u00e7\u00e3o Mais Valia investiga o pagamento de vantagens indevidas a desembargadores para que integrantes do esquema criminoso fossem beneficiados.<\/p><div class=\"horip69f2a787d65bb\" ><!--<a href=\"https:\/\/bit.ly\/3QdrqTZ\" target=\"_blank\">\n<img src=\"https:\/\/justicapotiguar.com.br\/wp-content\/uploads\/2023\/09\/mobile-geral.gif\"\/><a\/>--><\/div><style type=\"text\/css\">\r\n.horip69f2a787d65bb {\r\ntext-align: center;\r\n}\r\n@media screen and (min-width: 1201px) {\r\n.horip69f2a787d65bb {\r\ndisplay: none;\r\n}\r\n}\r\n@media screen and (min-width: 993px) and (max-width: 1200px) {\r\n.horip69f2a787d65bb {\r\ndisplay: none;\r\n}\r\n}\r\n@media screen and (min-width: 769px) and (max-width: 992px) {\r\n.horip69f2a787d65bb {\r\ndisplay: none;\r\n}\r\n}\r\n@media screen and (min-width: 768px) and (max-width: 768px) {\r\n.horip69f2a787d65bb {\r\ndisplay: block;\r\n}\r\n}\r\n@media screen and (max-width: 767px) {\r\n.horip69f2a787d65bb {\r\ndisplay: block;\r\n}\r\n}\r\n<\/style>\r\n<div class=\"ssduq69f2a787d65a1\" ><!--<a href=\"https:\/\/bit.ly\/3QdrqTZ\" target=\"_blank\">\n<img src=\"https:\/\/justicapotiguar.com.br\/wp-content\/uploads\/2023\/09\/desktop-geral.gif\"\/><a\/>--><\/div><style type=\"text\/css\">\r\n.ssduq69f2a787d65a1 {\r\ntext-align: center;\nmargin-bottom: 1em;\r\n}\r\n@media screen and (min-width: 1201px) {\r\n.ssduq69f2a787d65a1 {\r\ndisplay: block;\r\n}\r\n}\r\n@media screen and (min-width: 993px) and (max-width: 1200px) {\r\n.ssduq69f2a787d65a1 {\r\ndisplay: block;\r\n}\r\n}\r\n@media screen and (min-width: 769px) and (max-width: 992px) {\r\n.ssduq69f2a787d65a1 {\r\ndisplay: block;\r\n}\r\n}\r\n@media screen and (min-width: 768px) and (max-width: 768px) {\r\n.ssduq69f2a787d65a1 {\r\ndisplay: none;\r\n}\r\n}\r\n@media screen and (max-width: 767px) {\r\n.ssduq69f2a787d65a1 {\r\ndisplay: none;\r\n}\r\n}\r\n<\/style>\r\n\n\n\n\n<p><strong>Den\u00fancia<\/strong><\/p>\n\n\n\n<p>Witzel foi\u00a0<a rel=\"noreferrer noopener\" href=\"https:\/\/migalhas.uol.com.br\/quentes\/332610\/governador-wilson-witzel-e-afastado-do-cargo-por-determinacao-do-stj\" target=\"_blank\">afastado<\/a>\u00a0do cargo de governador em agosto do ano passado, por determina\u00e7\u00e3o do STJ. Segundo o MPF, o governador afastado foi denunciado tr\u00eas vezes ao STJ por suspeita de envolvimento em esquemas de corrup\u00e7\u00e3o, entre eles, o desvio de recursos destinados ao enfrentamento da pandemia de covid-19.<\/p>\n\n\n\n<p>Ainda de acordo com o MPF, a primeira den\u00fancia j\u00e1 foi recebida por unanimidade pelos ministros da Corte Especial do STJ. Witzel nega as acusa\u00e7\u00f5es e diz que \u00e9 v\u00edtima de persegui\u00e7\u00e3o pol\u00edtica.<\/p>\n\n\n\n<ul><li>Leia a\u00a0<a rel=\"noreferrer noopener\" href=\"https:\/\/www.migalhas.uol.com.br\/arquivos\/2021\/3\/1EDE6A55B58C56_denuncia.pdf\" target=\"_blank\">den\u00fancia<\/a>\u00a0na \u00edntegra.<\/li><li>Ag\u00eancia Brasil<\/li><\/ul>\n","protected":false},"excerpt":{"rendered":"<p>A PF e o MPF cumprem nesta ter\u00e7a-feira, 2, 11 mandados de pris\u00e3o preventiva e 26 de busca e apreens\u00e3o contra suspeitos de participa\u00e7\u00e3o em uma organiza\u00e7\u00e3o criminosa que atua junto ao governo do Estado do Rio de Janeiro. Entre os alvos da opera\u00e7\u00e3o Mais Valia est\u00e3o desembargadores do TRT do Rio de Janeiro (TRT<br \/><a class=\"more-link\" href=\"https:\/\/justicapotiguar.com.br\/index.php\/2021\/03\/02\/pf-cumpre-mandados-contra-desembargadores-do-trt-rj\/\">Mais&#8230;<\/a><\/p>\n","protected":false},"author":5,"featured_media":6123,"comment_status":"open","ping_status":"open","sticky":false,"template":"","format":"standard","meta":[],"categories":[3],"tags":[],"_links":{"self":[{"href":"https:\/\/justicapotiguar.com.br\/index.php\/wp-json\/wp\/v2\/posts\/17009"}],"collection":[{"href":"https:\/\/justicapotiguar.com.br\/index.php\/wp-json\/wp\/v2\/posts"}],"about":[{"href":"https:\/\/justicapotiguar.com.br\/index.php\/wp-json\/wp\/v2\/types\/post"}],"author":[{"embeddable":true,"href":"https:\/\/justicapotiguar.com.br\/index.php\/wp-json\/wp\/v2\/users\/5"}],"replies":[{"embeddable":true,"href":"https:\/\/justicapotiguar.com.br\/index.php\/wp-json\/wp\/v2\/comments?post=17009"}],"version-history":[{"count":1,"href":"https:\/\/justicapotiguar.com.br\/index.php\/wp-json\/wp\/v2\/posts\/17009\/revisions"}],"predecessor-version":[{"id":17010,"href":"https:\/\/justicapotiguar.com.br\/index.php\/wp-json\/wp\/v2\/posts\/17009\/revisions\/17010"}],"wp:featuredmedia":[{"embeddable":true,"href":"https:\/\/justicapotiguar.com.br\/index.php\/wp-json\/wp\/v2\/media\/6123"}],"wp:attachment":[{"href":"https:\/\/justicapotiguar.com.br\/index.php\/wp-json\/wp\/v2\/media?parent=17009"}],"wp:term":[{"taxonomy":"category","embeddable":true,"href":"https:\/\/justicapotiguar.com.br\/index.php\/wp-json\/wp\/v2\/categories?post=17009"},{"taxonomy":"post_tag","embeddable":true,"href":"https:\/\/justicapotiguar.com.br\/index.php\/wp-json\/wp\/v2\/tags?post=17009"}],"curies":[{"name":"wp","href":"https:\/\/api.w.org\/{rel}","templated":true}]}}