{"id":17006,"date":"2021-03-02T09:32:54","date_gmt":"2021-03-02T12:32:54","guid":{"rendered":"https:\/\/justicapotiguar.com.br\/?p=17006"},"modified":"2021-03-01T21:53:28","modified_gmt":"2021-03-02T00:53:28","slug":"stf-proibe-bloqueio-de-verbas-de-convenios-para-captacao-de-agua-e-construcao-de-barragem-no-rn","status":"publish","type":"post","link":"https:\/\/justicapotiguar.com.br\/index.php\/2021\/03\/02\/stf-proibe-bloqueio-de-verbas-de-convenios-para-captacao-de-agua-e-construcao-de-barragem-no-rn\/","title":{"rendered":"STF pro\u00edbe bloqueio de verbas de conv\u00eanios para capta\u00e7\u00e3o de \u00e1gua e constru\u00e7\u00e3o de barragem no RN"},"content":{"rendered":"\n<figure class=\"wp-block-image size-large\"><img loading=\"lazy\" width=\"680\" height=\"325\" src=\"https:\/\/justicapotiguar.com.br\/wp-content\/uploads\/2020\/03\/50EE565DABD7DD6853928363C9C504888EE8_stf-1.jpg\" alt=\"\" class=\"wp-image-7229\" srcset=\"https:\/\/justicapotiguar.com.br\/wp-content\/uploads\/2020\/03\/50EE565DABD7DD6853928363C9C504888EE8_stf-1.jpg 680w, https:\/\/justicapotiguar.com.br\/wp-content\/uploads\/2020\/03\/50EE565DABD7DD6853928363C9C504888EE8_stf-1-300x143.jpg 300w\" sizes=\"(max-width: 680px) 100vw, 680px\" \/><figcaption>Reprodu\u00e7\u00e3o<\/figcaption><\/figure>\n\n\n\n<p>Por unanimidade, o Supremo Tribunal Federal (STF) declarou a inconstitucionalidade de decis\u00f5es judiciais que resultaram no bloqueio ou no sequestro de recursos p\u00fablicos vinculados a conv\u00eanios celebrados entre o Estado do Rio Grande do Norte e a Uni\u00e3o, para a quita\u00e7\u00e3o de obriga\u00e7\u00f5es estranhas ao objeto desses contratos. O entendimento \u00e9 que n\u00e3o cabe ao Poder Judici\u00e1rio interferir discricionariamente na destina\u00e7\u00e3o de verbas p\u00fablicas, sob pena de incompatibilidade com a Constitui\u00e7\u00e3o Federal. A decis\u00e3o foi tomada no julgamento da Argui\u00e7\u00e3o de Descumprimento de Preceito Fundamental (ADPF) 620, na sess\u00e3o virtual finalizada no dia 23\/2.<\/p>\n\n\n\n<p>Em mar\u00e7o de 2020, o relator, ministro Lu\u00eds Roberto Barroso, havia concedido liminar na ADPF, ajuizada pelo governo do Rio Grande do Norte, para suspender os efeitos das decis\u00f5es judiciais e determinar a devolu\u00e7\u00e3o das verbas j\u00e1 bloqueadas. A liminar foi referendada pelo Plen\u00e1rio em abril do ano passado.&nbsp;<\/p>\n\n\n\n<p><strong>Capta\u00e7\u00e3o de \u00e1gua<\/strong><\/p><div class=\"vrgbj69f2a7b2a7b12\" ><!--<a href=\"https:\/\/bit.ly\/3QdrqTZ\" target=\"_blank\">\n<img src=\"https:\/\/justicapotiguar.com.br\/wp-content\/uploads\/2023\/09\/mobile-geral.gif\"\/><a\/>--><\/div><style type=\"text\/css\">\r\n.vrgbj69f2a7b2a7b12 {\r\ntext-align: center;\r\n}\r\n@media screen and (min-width: 1201px) {\r\n.vrgbj69f2a7b2a7b12 {\r\ndisplay: none;\r\n}\r\n}\r\n@media screen and (min-width: 993px) and (max-width: 1200px) {\r\n.vrgbj69f2a7b2a7b12 {\r\ndisplay: none;\r\n}\r\n}\r\n@media screen and (min-width: 769px) and (max-width: 992px) {\r\n.vrgbj69f2a7b2a7b12 {\r\ndisplay: none;\r\n}\r\n}\r\n@media screen and (min-width: 768px) and (max-width: 768px) {\r\n.vrgbj69f2a7b2a7b12 {\r\ndisplay: block;\r\n}\r\n}\r\n@media screen and (max-width: 767px) {\r\n.vrgbj69f2a7b2a7b12 {\r\ndisplay: block;\r\n}\r\n}\r\n<\/style>\r\n<div class=\"ncrrq69f2a7b2a7af3\" ><!--<a href=\"https:\/\/bit.ly\/3QdrqTZ\" target=\"_blank\">\n<img src=\"https:\/\/justicapotiguar.com.br\/wp-content\/uploads\/2023\/09\/desktop-geral.gif\"\/><a\/>--><\/div><style type=\"text\/css\">\r\n.ncrrq69f2a7b2a7af3 {\r\ntext-align: center;\nmargin-bottom: 1em;\r\n}\r\n@media screen and (min-width: 1201px) {\r\n.ncrrq69f2a7b2a7af3 {\r\ndisplay: block;\r\n}\r\n}\r\n@media screen and (min-width: 993px) and (max-width: 1200px) {\r\n.ncrrq69f2a7b2a7af3 {\r\ndisplay: block;\r\n}\r\n}\r\n@media screen and (min-width: 769px) and (max-width: 992px) {\r\n.ncrrq69f2a7b2a7af3 {\r\ndisplay: block;\r\n}\r\n}\r\n@media screen and (min-width: 768px) and (max-width: 768px) {\r\n.ncrrq69f2a7b2a7af3 {\r\ndisplay: none;\r\n}\r\n}\r\n@media screen and (max-width: 767px) {\r\n.ncrrq69f2a7b2a7af3 {\r\ndisplay: none;\r\n}\r\n}\r\n<\/style>\r\n\n\n\n\n<p>No caso dos autos, decis\u00f5es das Justi\u00e7as Estadual e Federal haviam determinado o bloqueio de verbas de conv\u00eanios destinados \u00e0 execu\u00e7\u00e3o do projeto de Tecnologia Social de Acesso \u00e0 \u00c1gua, voltado ao desenvolvimento de capacidades gerenciais na capta\u00e7\u00e3o e no uso de \u00e1gua de chuva, sobretudo para as popula\u00e7\u00f5es de baixa renda no semi\u00e1rido, e \u00e0 constru\u00e7\u00e3o da Barragem Oiticica, no Munic\u00edpio de Jucurutu, que ser\u00e1 o segundo maior reservat\u00f3rio h\u00eddrico do estado e atender\u00e1 habitantes da Regi\u00e3o Serid\u00f3.&nbsp;<\/p>\n\n\n\n<p><strong>Obst\u00e1culo \u00e0 gest\u00e3o p\u00fablica<\/strong><\/p>\n\n\n\n<p>Em seu voto no julgamento do m\u00e9rito, o ministro Barroso reiterou o entendimento de que os recursos vinculados \u00e0 execu\u00e7\u00e3o de conv\u00eanios celebrados entre entes federados n\u00e3o podem ser utilizados para pagamento de despesas estranhas a seu objeto, sob pena de viola\u00e7\u00e3o aos princ\u00edpios constitucionais da legalidade or\u00e7ament\u00e1ria, da efici\u00eancia da administra\u00e7\u00e3o p\u00fablica e da harmonia entre os Poderes. Para o relator, as decis\u00f5es, ao impedirem o uso das verbas federais para o cumprimento dos conv\u00eanios, &#8220;agiram como obst\u00e1culo ao pleno exerc\u00edcio da atividade de gest\u00e3o p\u00fablica, vulnerando a execu\u00e7\u00e3o de projetos do Poder Executivo&#8221;.<\/p>\n","protected":false},"excerpt":{"rendered":"<p>Por unanimidade, o Supremo Tribunal Federal (STF) declarou a inconstitucionalidade de decis\u00f5es judiciais que resultaram no bloqueio ou no sequestro de recursos p\u00fablicos vinculados a conv\u00eanios celebrados entre o Estado do Rio Grande do Norte e a Uni\u00e3o, para a quita\u00e7\u00e3o de obriga\u00e7\u00f5es estranhas ao objeto desses contratos. O entendimento \u00e9 que n\u00e3o cabe ao<br \/><a class=\"more-link\" href=\"https:\/\/justicapotiguar.com.br\/index.php\/2021\/03\/02\/stf-proibe-bloqueio-de-verbas-de-convenios-para-captacao-de-agua-e-construcao-de-barragem-no-rn\/\">Mais&#8230;<\/a><\/p>\n","protected":false},"author":5,"featured_media":7753,"comment_status":"open","ping_status":"open","sticky":false,"template":"","format":"standard","meta":[],"categories":[3],"tags":[],"_links":{"self":[{"href":"https:\/\/justicapotiguar.com.br\/index.php\/wp-json\/wp\/v2\/posts\/17006"}],"collection":[{"href":"https:\/\/justicapotiguar.com.br\/index.php\/wp-json\/wp\/v2\/posts"}],"about":[{"href":"https:\/\/justicapotiguar.com.br\/index.php\/wp-json\/wp\/v2\/types\/post"}],"author":[{"embeddable":true,"href":"https:\/\/justicapotiguar.com.br\/index.php\/wp-json\/wp\/v2\/users\/5"}],"replies":[{"embeddable":true,"href":"https:\/\/justicapotiguar.com.br\/index.php\/wp-json\/wp\/v2\/comments?post=17006"}],"version-history":[{"count":1,"href":"https:\/\/justicapotiguar.com.br\/index.php\/wp-json\/wp\/v2\/posts\/17006\/revisions"}],"predecessor-version":[{"id":17007,"href":"https:\/\/justicapotiguar.com.br\/index.php\/wp-json\/wp\/v2\/posts\/17006\/revisions\/17007"}],"wp:featuredmedia":[{"embeddable":true,"href":"https:\/\/justicapotiguar.com.br\/index.php\/wp-json\/wp\/v2\/media\/7753"}],"wp:attachment":[{"href":"https:\/\/justicapotiguar.com.br\/index.php\/wp-json\/wp\/v2\/media?parent=17006"}],"wp:term":[{"taxonomy":"category","embeddable":true,"href":"https:\/\/justicapotiguar.com.br\/index.php\/wp-json\/wp\/v2\/categories?post=17006"},{"taxonomy":"post_tag","embeddable":true,"href":"https:\/\/justicapotiguar.com.br\/index.php\/wp-json\/wp\/v2\/tags?post=17006"}],"curies":[{"name":"wp","href":"https:\/\/api.w.org\/{rel}","templated":true}]}}