{"id":16997,"date":"2021-03-02T10:00:43","date_gmt":"2021-03-02T13:00:43","guid":{"rendered":"https:\/\/justicapotiguar.com.br\/?p=16997"},"modified":"2021-03-01T21:24:57","modified_gmt":"2021-03-02T00:24:57","slug":"nunes-marques-mantem-penalidade-a-procuradora-que-ofendeu-bolsonaro","status":"publish","type":"post","link":"https:\/\/justicapotiguar.com.br\/index.php\/2021\/03\/02\/nunes-marques-mantem-penalidade-a-procuradora-que-ofendeu-bolsonaro\/","title":{"rendered":"Nunes Marques mant\u00e9m penalidade a procuradora que ofendeu Bolsonaro"},"content":{"rendered":"\n<p>O ministro<strong>&nbsp;Nunes Marques<\/strong>, do STF, n\u00e3o reconheceu nulidade de decis\u00e3o do CNMP que aplicou a san\u00e7\u00e3o disciplinar de censura a procuradora da Rep\u00fablica Paula Cristine Bellotti por publica\u00e7\u00f5es ofensivas a&nbsp;<strong>Bolsonaro<\/strong>&nbsp;no Facebook.<\/p>\n\n\n\n<figure class=\"wp-block-image\"><img src=\"https:\/\/img2.migalhas.uol.com.br\/_MEDPROC_\/https__img1.migalhas.uol.com.br__SL__gf_base__SL__empresas__SL__MIGA__SL__imagens__SL__2021__SL__03__SL__01__SL__18b5c07f-0761-4274-b6dc-cd03a6c830ac.jpg._PROC_CP75.jpg\" alt=\"(Imagem: Carolina Antunes-PR\/Fellipe Sampaio\/SCO\/STF)\" title=\"(Imagem: Carolina Antunes-PR\/Fellipe Sampaio\/SCO\/STF)\"\/><\/figure>\n\n\n\n<p>(Imagem: Carolina Antunes-PR\/Fellipe Sampaio\/SCO\/STF)<\/p>\n\n\n\n<p><strong>Postagens ofensivas<\/strong><\/p>\n\n\n\n<p>De acordo com o CNMP, procuradora publicou, em maio de 2019, em sua p\u00e1gina pessoal no Facebook, charge com a imagem de eleitores de Bolsonaro com n\u00e1degas em vez de rostos e su\u00e1sticas estampadas nas camisas e montagem em que o rosto do presidente da Rep\u00fablica aparece no corpo da apresentadora Xuxa.<\/p>\n\n\n\n<p>Em outra publica\u00e7\u00e3o, uma charge mostra Bolsonaro de joelhos, lambendo os sapatos do ex-presidente dos Estados Unidos Donald Trump, com coment\u00e1rio ofensivo. A terceira postagem trazia fotografias da manifesta\u00e7\u00e3o dos estudantes em defesa da educa\u00e7\u00e3o e de ato a favor do governo federal, tamb\u00e9m acompanhadas de afirma\u00e7\u00e3o ofensiva.<\/p>\n\n\n\n<p>No processo administrativo disciplinar em que foi aplicada a san\u00e7\u00e3o de censura, o CNMP entendeu que houve viola\u00e7\u00e3o dos deveres funcionais dos membros do Minist\u00e9rio P\u00fablico de tratar a todos com urbanidade e de guardar decoro pessoal.<\/p><div class=\"bocwx69f2a7cc6dc2c\" ><!--<a href=\"https:\/\/bit.ly\/3QdrqTZ\" target=\"_blank\">\n<img src=\"https:\/\/justicapotiguar.com.br\/wp-content\/uploads\/2023\/09\/mobile-geral.gif\"\/><a\/>--><\/div><style type=\"text\/css\">\r\n.bocwx69f2a7cc6dc2c {\r\ntext-align: center;\r\n}\r\n@media screen and (min-width: 1201px) {\r\n.bocwx69f2a7cc6dc2c {\r\ndisplay: none;\r\n}\r\n}\r\n@media screen and (min-width: 993px) and (max-width: 1200px) {\r\n.bocwx69f2a7cc6dc2c {\r\ndisplay: none;\r\n}\r\n}\r\n@media screen and (min-width: 769px) and (max-width: 992px) {\r\n.bocwx69f2a7cc6dc2c {\r\ndisplay: none;\r\n}\r\n}\r\n@media screen and (min-width: 768px) and (max-width: 768px) {\r\n.bocwx69f2a7cc6dc2c {\r\ndisplay: block;\r\n}\r\n}\r\n@media screen and (max-width: 767px) {\r\n.bocwx69f2a7cc6dc2c {\r\ndisplay: block;\r\n}\r\n}\r\n<\/style>\r\n<div class=\"oedfr69f2a7cc6dc0f\" ><!--<a href=\"https:\/\/bit.ly\/3QdrqTZ\" target=\"_blank\">\n<img src=\"https:\/\/justicapotiguar.com.br\/wp-content\/uploads\/2023\/09\/desktop-geral.gif\"\/><a\/>--><\/div><style type=\"text\/css\">\r\n.oedfr69f2a7cc6dc0f {\r\ntext-align: center;\nmargin-bottom: 1em;\r\n}\r\n@media screen and (min-width: 1201px) {\r\n.oedfr69f2a7cc6dc0f {\r\ndisplay: block;\r\n}\r\n}\r\n@media screen and (min-width: 993px) and (max-width: 1200px) {\r\n.oedfr69f2a7cc6dc0f {\r\ndisplay: block;\r\n}\r\n}\r\n@media screen and (min-width: 769px) and (max-width: 992px) {\r\n.oedfr69f2a7cc6dc0f {\r\ndisplay: block;\r\n}\r\n}\r\n@media screen and (min-width: 768px) and (max-width: 768px) {\r\n.oedfr69f2a7cc6dc0f {\r\ndisplay: none;\r\n}\r\n}\r\n@media screen and (max-width: 767px) {\r\n.oedfr69f2a7cc6dc0f {\r\ndisplay: none;\r\n}\r\n}\r\n<\/style>\r\n\n\n\n\n<p><strong>Limites \u00e0 liberdade de express\u00e3o<\/strong><\/p>\n\n\n\n<p>No exame da liminar, o ministro Nunes Marques observou que a discuss\u00e3o est\u00e1 relacionada \u00e0 extens\u00e3o e aos limites do direito constitucional \u00e0 liberdade de express\u00e3o e de cr\u00edtica. Nesse sentido, citou como paradigma a resolu\u00e7\u00e3o 305\/19, do CNJ, que estabeleceu limites \u00e0 manifesta\u00e7\u00e3o dos magistrados em redes sociais.<\/p>\n\n\n\n<p>O relator afirmou que, embora a san\u00e7\u00e3o aplicada tenha o objetivo de impedir eventual promo\u00e7\u00e3o por merecimento no per\u00edodo de um ano, \u00e9 pouco prov\u00e1vel que isso ocorra em per\u00edodo pr\u00f3ximo. Ele destacou, ainda, que n\u00e3o h\u00e1 qualquer indica\u00e7\u00e3o de que a procuradora esteja na imin\u00eancia de sofrer preju\u00edzos concretos decorrentes do ato questionado, como a preteri\u00e7\u00e3o na inscri\u00e7\u00e3o em cursos ou semin\u00e1rios.<\/p>\n\n\n\n<ul><li>Processo: Pet&nbsp;<a href=\"http:\/\/portal.stf.jus.br\/processos\/detalhe.asp?incidente=6093833\" target=\"_blank\" rel=\"noreferrer noopener\">9.413<\/a><\/li><\/ul>\n\n\n\n<p>Veja a\u00a0<a rel=\"noreferrer noopener\" href=\"https:\/\/migalhas.uol.com.br\/arquivos\/2021\/3\/cfca0083b3d72f_pet9413.pdf\" target=\"_blank\">decis\u00e3o<\/a>.\u00a0<\/p>\n\n\n\n<p>Migalhas<\/p>\n","protected":false},"excerpt":{"rendered":"<p>O ministro&nbsp;Nunes Marques, do STF, n\u00e3o reconheceu nulidade de decis\u00e3o do CNMP que aplicou a san\u00e7\u00e3o disciplinar de censura a procuradora da Rep\u00fablica Paula Cristine Bellotti por publica\u00e7\u00f5es ofensivas a&nbsp;Bolsonaro&nbsp;no Facebook. (Imagem: Carolina Antunes-PR\/Fellipe Sampaio\/SCO\/STF) Postagens ofensivas De acordo com o CNMP, procuradora publicou, em maio de 2019, em sua p\u00e1gina pessoal no Facebook, charge<br \/><a class=\"more-link\" href=\"https:\/\/justicapotiguar.com.br\/index.php\/2021\/03\/02\/nunes-marques-mantem-penalidade-a-procuradora-que-ofendeu-bolsonaro\/\">Mais&#8230;<\/a><\/p>\n","protected":false},"author":5,"featured_media":13964,"comment_status":"open","ping_status":"open","sticky":false,"template":"","format":"standard","meta":[],"categories":[3],"tags":[],"_links":{"self":[{"href":"https:\/\/justicapotiguar.com.br\/index.php\/wp-json\/wp\/v2\/posts\/16997"}],"collection":[{"href":"https:\/\/justicapotiguar.com.br\/index.php\/wp-json\/wp\/v2\/posts"}],"about":[{"href":"https:\/\/justicapotiguar.com.br\/index.php\/wp-json\/wp\/v2\/types\/post"}],"author":[{"embeddable":true,"href":"https:\/\/justicapotiguar.com.br\/index.php\/wp-json\/wp\/v2\/users\/5"}],"replies":[{"embeddable":true,"href":"https:\/\/justicapotiguar.com.br\/index.php\/wp-json\/wp\/v2\/comments?post=16997"}],"version-history":[{"count":1,"href":"https:\/\/justicapotiguar.com.br\/index.php\/wp-json\/wp\/v2\/posts\/16997\/revisions"}],"predecessor-version":[{"id":16998,"href":"https:\/\/justicapotiguar.com.br\/index.php\/wp-json\/wp\/v2\/posts\/16997\/revisions\/16998"}],"wp:featuredmedia":[{"embeddable":true,"href":"https:\/\/justicapotiguar.com.br\/index.php\/wp-json\/wp\/v2\/media\/13964"}],"wp:attachment":[{"href":"https:\/\/justicapotiguar.com.br\/index.php\/wp-json\/wp\/v2\/media?parent=16997"}],"wp:term":[{"taxonomy":"category","embeddable":true,"href":"https:\/\/justicapotiguar.com.br\/index.php\/wp-json\/wp\/v2\/categories?post=16997"},{"taxonomy":"post_tag","embeddable":true,"href":"https:\/\/justicapotiguar.com.br\/index.php\/wp-json\/wp\/v2\/tags?post=16997"}],"curies":[{"name":"wp","href":"https:\/\/api.w.org\/{rel}","templated":true}]}}