{"id":16995,"date":"2021-03-02T08:29:13","date_gmt":"2021-03-02T11:29:13","guid":{"rendered":"https:\/\/justicapotiguar.com.br\/?p=16995"},"modified":"2021-03-01T21:23:09","modified_gmt":"2021-03-02T00:23:09","slug":"mpf-quer-derrubar-limite-de-consultas-e-sessoes-de-tratamentos-para-autistas","status":"publish","type":"post","link":"https:\/\/justicapotiguar.com.br\/index.php\/2021\/03\/02\/mpf-quer-derrubar-limite-de-consultas-e-sessoes-de-tratamentos-para-autistas\/","title":{"rendered":"MPF quer derrubar limite de consultas e sess\u00f5es de tratamentos para autistas"},"content":{"rendered":"\n<figure class=\"wp-block-image\"><img src=\"https:\/\/images.jota.info\/wp-content\/uploads\/2021\/03\/whatsapp-image-2021-03-01-at-15-55-45.jpeg\" alt=\"Crian\u00e7a \u00e9 atendida por psic\u00f3loga.\"\/><figcaption>Conselhos profissionais afirmam que restri\u00e7\u00e3o de cobertura compromete o restabelecimento do usu\u00e1rio (Foto: Freepik)<\/figcaption><\/figure>\n\n\n\n<p>Por meio de uma&nbsp;<a href=\"https:\/\/images.jota.info\/wp-content\/uploads\/2021\/03\/acp-tea.pdf\">a\u00e7\u00e3o civil p\u00fablica<\/a>, o Minist\u00e9rio P\u00fablico Federal (MPF) quer derrubar o limite de consultas e sess\u00f5es de fisioterapia, fonoaudiologia, terapia ocupacional e psicoterapia no tratamento das pessoas com Transtorno do Espectro Autista (TEA). A a\u00e7\u00e3o foi proposta pela Procuradoria da Rep\u00fablica no Estado de S\u00e3o Paulo em face da Ag\u00eancia Nacional de Sa\u00fade Suplementar (ANS).<\/p>\n\n\n\n<p>O limite de sess\u00f5es que teriam cobertura obrigat\u00f3ria pelos planos de sa\u00fade \u00e9 estabelecido pela Resolu\u00e7\u00e3o Normativa 428\/2017, que atualiza o rol de procedimentos da ANS. O MPF considera que a quantidade de sess\u00f5es assegurada pelas normas da reguladora, em grande parte dos casos, \u00e9 insuficiente para o tratamento completo.<\/p>\n\n\n\n<p><a href=\"https:\/\/conteudo.jota.info\/saude\"><\/a><\/p>\n\n\n\n<h3>Conselhos profissionais defendem cobertura ilimitada<\/h3>\n\n\n\n<p>O MPF afirma que consultou os conselhos profissionais de Psicologia; Fisioterapia e Terapia Ocupacional; Fonoaudiologia; e de Medicina com o objetivo de obter informa\u00e7\u00f5es t\u00e9cnicas que pudessem embasar a a\u00e7\u00e3o civil p\u00fablica. De acordo com o \u00f3rg\u00e3o, todos os conselhos destacaram pontos em favor da continuidade do tratamento, afirmando que a restri\u00e7\u00e3o de cobertura poderia provocar a interrup\u00e7\u00e3o da referida terapia, o que comprometeria o restabelecimento do usu\u00e1rio.<\/p>\n\n\n\n<p>A ANS, por sua vez, declarou que o rol de procedimentos vem sendo atualizado baseado em evid\u00eancias e que, neste \u00faltimo ciclo de atualiza\u00e7\u00f5es, n\u00e3o h\u00e1 propostas eleg\u00edveis em an\u00e1lise para tecnologias com indica\u00e7\u00e3o de uso para o Transtorno do Espectro Autista. O que existe, segundo a ag\u00eancia, j\u00e1 est\u00e1 contemplado pela RN 428.<\/p>\n\n\n\n<h3>MPF: ANS n\u00e3o apresenta estudos t\u00e9cnicos<\/h3>\n\n\n\n<p>Para o Minist\u00e9rio P\u00fablico Federal, as limita\u00e7\u00f5es impostas pela legisla\u00e7\u00e3o da ANS n\u00e3o possuem \u201cfundamento sanit\u00e1rio\u201d e imp\u00f5e preju\u00edzo \u00e0 sa\u00fade dos pacientes com autismo:<\/p><div class=\"xotgh69f2a7caa9986\" ><!--<a href=\"https:\/\/bit.ly\/3QdrqTZ\" target=\"_blank\">\n<img src=\"https:\/\/justicapotiguar.com.br\/wp-content\/uploads\/2023\/09\/mobile-geral.gif\"\/><a\/>--><\/div><style type=\"text\/css\">\r\n.xotgh69f2a7caa9986 {\r\ntext-align: center;\r\n}\r\n@media screen and (min-width: 1201px) {\r\n.xotgh69f2a7caa9986 {\r\ndisplay: none;\r\n}\r\n}\r\n@media screen and (min-width: 993px) and (max-width: 1200px) {\r\n.xotgh69f2a7caa9986 {\r\ndisplay: none;\r\n}\r\n}\r\n@media screen and (min-width: 769px) and (max-width: 992px) {\r\n.xotgh69f2a7caa9986 {\r\ndisplay: none;\r\n}\r\n}\r\n@media screen and (min-width: 768px) and (max-width: 768px) {\r\n.xotgh69f2a7caa9986 {\r\ndisplay: block;\r\n}\r\n}\r\n@media screen and (max-width: 767px) {\r\n.xotgh69f2a7caa9986 {\r\ndisplay: block;\r\n}\r\n}\r\n<\/style>\r\n<div class=\"jgdpr69f2a7caa9972\" ><!--<a href=\"https:\/\/bit.ly\/3QdrqTZ\" target=\"_blank\">\n<img src=\"https:\/\/justicapotiguar.com.br\/wp-content\/uploads\/2023\/09\/desktop-geral.gif\"\/><a\/>--><\/div><style type=\"text\/css\">\r\n.jgdpr69f2a7caa9972 {\r\ntext-align: center;\nmargin-bottom: 1em;\r\n}\r\n@media screen and (min-width: 1201px) {\r\n.jgdpr69f2a7caa9972 {\r\ndisplay: block;\r\n}\r\n}\r\n@media screen and (min-width: 993px) and (max-width: 1200px) {\r\n.jgdpr69f2a7caa9972 {\r\ndisplay: block;\r\n}\r\n}\r\n@media screen and (min-width: 769px) and (max-width: 992px) {\r\n.jgdpr69f2a7caa9972 {\r\ndisplay: block;\r\n}\r\n}\r\n@media screen and (min-width: 768px) and (max-width: 768px) {\r\n.jgdpr69f2a7caa9972 {\r\ndisplay: none;\r\n}\r\n}\r\n@media screen and (max-width: 767px) {\r\n.jgdpr69f2a7caa9972 {\r\ndisplay: none;\r\n}\r\n}\r\n<\/style>\r\n\n\n\n\n<p>\u201cObserva-se haver resist\u00eancia da r\u00e9 em retirar as limita\u00e7\u00f5es existentes para as sess\u00f5es de fisioterapia, fonoaudiologia, terapia ocupacional e psicoterapia. A ANS apenas invoca a observ\u00e2ncia da \u2018sa\u00fade baseada em evid\u00eancias\u2019 sem contudo demonstrar com estudos t\u00e9cnicos quais seriam as evid\u00eancias bastantes a fundamentar os limites existentes. A conduta da r\u00e9 contraria frontalmente o ordenamento jur\u00eddico e o estado da arte do tratamento de pessoas com TEA\u201d, afirma a procuradoria.<\/p>\n\n\n\n<p>O \u00f3rg\u00e3o sustenta, entre outras coisas, que a ANS estaria violando a lei que instituiu a pol\u00edtica nacional de prote\u00e7\u00e3o dos direitos da pessoa com Transtorno do Espectro Autista, a legisla\u00e7\u00e3o de prote\u00e7\u00e3o ao consumidor e a de prote\u00e7\u00e3o \u00e0 crian\u00e7a e adolescente, al\u00e9m de infringir princ\u00edpios constitucionais de acesso universal \u00e0 sa\u00fade e atendimento integral.<\/p>\n\n\n\n<h3>A\u00e7\u00e3o pede que n\u00famero de consultas e sess\u00f5es seja definido por profissionais de sa\u00fade<\/h3>\n\n\n\n<p>No pedido apresentado \u00e0 Justi\u00e7a Federal no \u00faltimo dia 24 de fevereiro, o MPF pede que se sejam declarados nulos os limites de consultas e sess\u00f5es de fisioterapia, fonoaudiologia, terapia ocupacional e psicoterapia previstos na RN 428\/2017 e que o n\u00famero de consultas e sess\u00f5es passe a ser observado a partir de indica\u00e7\u00e3o feita pelos profissionais da sa\u00fade respons\u00e1veis pelo tratamento.<\/p>\n\n\n\n<p>O MPF requer tamb\u00e9m que, caso o pedido seja concedido, a Justi\u00e7a determine que a ANS d\u00ea ampla divulga\u00e7\u00e3o do teor da decis\u00e3o em seus canais de comunica\u00e7\u00e3o e notifique as operadoras de sa\u00fade para darem ci\u00eancia da decis\u00e3o aos benefici\u00e1rios.<\/p>\n\n\n\n<p>A a\u00e7\u00e3o est\u00e1 na 2\u00aa Vara C\u00edvel Federal de S\u00e3o Paulo, sob o n\u00famero 5003789-95.2021.4.03.6100, com relatoria da ju\u00edza Rosana Ferri.<\/p>\n\n\n\n<p>Jota<\/p>\n","protected":false},"excerpt":{"rendered":"<p>Por meio de uma&nbsp;a\u00e7\u00e3o civil p\u00fablica, o Minist\u00e9rio P\u00fablico Federal (MPF) quer derrubar o limite de consultas e sess\u00f5es de fisioterapia, fonoaudiologia, terapia ocupacional e psicoterapia no tratamento das pessoas com Transtorno do Espectro Autista (TEA). A a\u00e7\u00e3o foi proposta pela Procuradoria da Rep\u00fablica no Estado de S\u00e3o Paulo em face da Ag\u00eancia Nacional de<br \/><a class=\"more-link\" href=\"https:\/\/justicapotiguar.com.br\/index.php\/2021\/03\/02\/mpf-quer-derrubar-limite-de-consultas-e-sessoes-de-tratamentos-para-autistas\/\">Mais&#8230;<\/a><\/p>\n","protected":false},"author":5,"featured_media":661,"comment_status":"open","ping_status":"open","sticky":false,"template":"","format":"standard","meta":[],"categories":[3],"tags":[],"_links":{"self":[{"href":"https:\/\/justicapotiguar.com.br\/index.php\/wp-json\/wp\/v2\/posts\/16995"}],"collection":[{"href":"https:\/\/justicapotiguar.com.br\/index.php\/wp-json\/wp\/v2\/posts"}],"about":[{"href":"https:\/\/justicapotiguar.com.br\/index.php\/wp-json\/wp\/v2\/types\/post"}],"author":[{"embeddable":true,"href":"https:\/\/justicapotiguar.com.br\/index.php\/wp-json\/wp\/v2\/users\/5"}],"replies":[{"embeddable":true,"href":"https:\/\/justicapotiguar.com.br\/index.php\/wp-json\/wp\/v2\/comments?post=16995"}],"version-history":[{"count":1,"href":"https:\/\/justicapotiguar.com.br\/index.php\/wp-json\/wp\/v2\/posts\/16995\/revisions"}],"predecessor-version":[{"id":16996,"href":"https:\/\/justicapotiguar.com.br\/index.php\/wp-json\/wp\/v2\/posts\/16995\/revisions\/16996"}],"wp:featuredmedia":[{"embeddable":true,"href":"https:\/\/justicapotiguar.com.br\/index.php\/wp-json\/wp\/v2\/media\/661"}],"wp:attachment":[{"href":"https:\/\/justicapotiguar.com.br\/index.php\/wp-json\/wp\/v2\/media?parent=16995"}],"wp:term":[{"taxonomy":"category","embeddable":true,"href":"https:\/\/justicapotiguar.com.br\/index.php\/wp-json\/wp\/v2\/categories?post=16995"},{"taxonomy":"post_tag","embeddable":true,"href":"https:\/\/justicapotiguar.com.br\/index.php\/wp-json\/wp\/v2\/tags?post=16995"}],"curies":[{"name":"wp","href":"https:\/\/api.w.org\/{rel}","templated":true}]}}