{"id":16945,"date":"2021-02-26T16:06:30","date_gmt":"2021-02-26T19:06:30","guid":{"rendered":"https:\/\/justicapotiguar.com.br\/?p=16945"},"modified":"2021-02-26T16:06:30","modified_gmt":"2021-02-26T19:06:30","slug":"tre-rn-estabelece-retorno-ao-trabalho-remoto-em-funcao-da-pandemia","status":"publish","type":"post","link":"https:\/\/justicapotiguar.com.br\/index.php\/2021\/02\/26\/tre-rn-estabelece-retorno-ao-trabalho-remoto-em-funcao-da-pandemia\/","title":{"rendered":"TRE-RN estabelece retorno ao trabalho remoto em fun\u00e7\u00e3o da pandemia"},"content":{"rendered":"\n<figure class=\"wp-block-image size-large\"><img loading=\"lazy\" width=\"602\" height=\"400\" src=\"https:\/\/justicapotiguar.com.br\/wp-content\/uploads\/2020\/03\/TRE-RN.jpg\" alt=\"\" class=\"wp-image-7252\" srcset=\"https:\/\/justicapotiguar.com.br\/wp-content\/uploads\/2020\/03\/TRE-RN.jpg 602w, https:\/\/justicapotiguar.com.br\/wp-content\/uploads\/2020\/03\/TRE-RN-300x199.jpg 300w\" sizes=\"(max-width: 602px) 100vw, 602px\" \/><figcaption>Reprodu\u00e7\u00e3o<\/figcaption><\/figure>\n\n\n\n<p>O Tribunal Regional Eleitoral do Rio Grande do Norte (TRE-RN) estabeleceu o retorno parcial dos seus servidores ao trabalho remoto, ficando apenas 30% do contingente em regime presencial, como medida preventiva diante da situa\u00e7\u00e3o excepcional de agravamento da pandemia. A altera\u00e7\u00e3o do regime de trabalho ser\u00e1 publicada no DJE desta sexta (26), por meio da Portaria Conjunta Pres\/CRE no. 06, assinada pelo presidente do TRE-RN, Desembargador Gilson Barbosa, e pelo Corregedor Geral Eleitoral em substitui\u00e7\u00e3o, Desembargador Ibanez Monteiro.<\/p>\n\n\n\n<p>A medida leva em considera\u00e7\u00e3o os recentes e elevados \u00edndices de ocupa\u00e7\u00e3o dos leitos cr\u00edticos para Covid-19 nos hospitais p\u00fablicos e privados da Regi\u00e3o Metropolitana de Natal e nos demais munic\u00edpios do Estado do Rio Grande do Norte; al\u00e9m da necessidade de uma atua\u00e7\u00e3o respons\u00e1vel da Justi\u00e7a Eleitoral e de observ\u00e2ncia \u00e0s medidas de preven\u00e7\u00e3o \u00e0 dissemina\u00e7\u00e3o do novo coronav\u00edrus, de modo a garantir seguran\u00e7a no desenvolvimento das atividades presenciais.<\/p><div class=\"iytco69f2baccc6889\" ><!--<a href=\"https:\/\/bit.ly\/3QdrqTZ\" target=\"_blank\">\n<img src=\"https:\/\/justicapotiguar.com.br\/wp-content\/uploads\/2023\/09\/mobile-geral.gif\"\/><a\/>--><\/div><style type=\"text\/css\">\r\n.iytco69f2baccc6889 {\r\ntext-align: center;\r\n}\r\n@media screen and (min-width: 1201px) {\r\n.iytco69f2baccc6889 {\r\ndisplay: none;\r\n}\r\n}\r\n@media screen and (min-width: 993px) and (max-width: 1200px) {\r\n.iytco69f2baccc6889 {\r\ndisplay: none;\r\n}\r\n}\r\n@media screen and (min-width: 769px) and (max-width: 992px) {\r\n.iytco69f2baccc6889 {\r\ndisplay: none;\r\n}\r\n}\r\n@media screen and (min-width: 768px) and (max-width: 768px) {\r\n.iytco69f2baccc6889 {\r\ndisplay: block;\r\n}\r\n}\r\n@media screen and (max-width: 767px) {\r\n.iytco69f2baccc6889 {\r\ndisplay: block;\r\n}\r\n}\r\n<\/style>\r\n<div class=\"vxsid69f2baccc6877\" ><!--<a href=\"https:\/\/bit.ly\/3QdrqTZ\" target=\"_blank\">\n<img src=\"https:\/\/justicapotiguar.com.br\/wp-content\/uploads\/2023\/09\/desktop-geral.gif\"\/><a\/>--><\/div><style type=\"text\/css\">\r\n.vxsid69f2baccc6877 {\r\ntext-align: center;\nmargin-bottom: 1em;\r\n}\r\n@media screen and (min-width: 1201px) {\r\n.vxsid69f2baccc6877 {\r\ndisplay: block;\r\n}\r\n}\r\n@media screen and (min-width: 993px) and (max-width: 1200px) {\r\n.vxsid69f2baccc6877 {\r\ndisplay: block;\r\n}\r\n}\r\n@media screen and (min-width: 769px) and (max-width: 992px) {\r\n.vxsid69f2baccc6877 {\r\ndisplay: block;\r\n}\r\n}\r\n@media screen and (min-width: 768px) and (max-width: 768px) {\r\n.vxsid69f2baccc6877 {\r\ndisplay: none;\r\n}\r\n}\r\n@media screen and (max-width: 767px) {\r\n.vxsid69f2baccc6877 {\r\ndisplay: none;\r\n}\r\n}\r\n<\/style>\r\n\n\n\n\n<p>A retomada parcial do trabalho remoto no \u00e2mbito da Justi\u00e7a Eleitoral do Rio Grande do Norte ocorrer\u00e1 a partir do dia 2 de mar\u00e7o de 2021. Ser\u00e1 obrigat\u00f3ria a perman\u00eancia de, no m\u00ednimo, um servidor no regime de trabalho presencial,&nbsp;preferencialmente os titulares de cargos em comiss\u00e3o, chefes e respectivos substitutos.&nbsp;Os demais servidores lotados nas unidades administrativas poder\u00e3o exercer suas atividades em regime de trabalho remoto.<\/p>\n\n\n\n<p>N\u00e3o ser\u00e3o alcan\u00e7ados\u00a0pela medida\u00a0os servidores e colaboradores em atividade nas \u00e1reas de seguran\u00e7a, sa\u00fade ou em outras atividades consideradas essenciais pela Presid\u00eancia do Tribunal Regional Eleitoral\/RN.\u00a0A produtividade dos servidores que estiverem em trabalho remoto ser\u00e1 acompanhada pelo gestor da unidade de lota\u00e7\u00e3o e pelo respectivo superior hier\u00e1rquico, mediante a utiliza\u00e7\u00e3o de relat\u00f3rio di\u00e1rio de atividades, a ser publicado em pasta virtual pr\u00f3pria nas \u00e1reas de cada unidade administrativo.<\/p>\n","protected":false},"excerpt":{"rendered":"<p>O Tribunal Regional Eleitoral do Rio Grande do Norte (TRE-RN) estabeleceu o retorno parcial dos seus servidores ao trabalho remoto, ficando apenas 30% do contingente em regime presencial, como medida preventiva diante da situa\u00e7\u00e3o excepcional de agravamento da pandemia. A altera\u00e7\u00e3o do regime de trabalho ser\u00e1 publicada no DJE desta sexta (26), por meio da<br \/><a class=\"more-link\" href=\"https:\/\/justicapotiguar.com.br\/index.php\/2021\/02\/26\/tre-rn-estabelece-retorno-ao-trabalho-remoto-em-funcao-da-pandemia\/\">Mais&#8230;<\/a><\/p>\n","protected":false},"author":5,"featured_media":7252,"comment_status":"open","ping_status":"open","sticky":false,"template":"","format":"standard","meta":[],"categories":[3],"tags":[],"_links":{"self":[{"href":"https:\/\/justicapotiguar.com.br\/index.php\/wp-json\/wp\/v2\/posts\/16945"}],"collection":[{"href":"https:\/\/justicapotiguar.com.br\/index.php\/wp-json\/wp\/v2\/posts"}],"about":[{"href":"https:\/\/justicapotiguar.com.br\/index.php\/wp-json\/wp\/v2\/types\/post"}],"author":[{"embeddable":true,"href":"https:\/\/justicapotiguar.com.br\/index.php\/wp-json\/wp\/v2\/users\/5"}],"replies":[{"embeddable":true,"href":"https:\/\/justicapotiguar.com.br\/index.php\/wp-json\/wp\/v2\/comments?post=16945"}],"version-history":[{"count":1,"href":"https:\/\/justicapotiguar.com.br\/index.php\/wp-json\/wp\/v2\/posts\/16945\/revisions"}],"predecessor-version":[{"id":16946,"href":"https:\/\/justicapotiguar.com.br\/index.php\/wp-json\/wp\/v2\/posts\/16945\/revisions\/16946"}],"wp:featuredmedia":[{"embeddable":true,"href":"https:\/\/justicapotiguar.com.br\/index.php\/wp-json\/wp\/v2\/media\/7252"}],"wp:attachment":[{"href":"https:\/\/justicapotiguar.com.br\/index.php\/wp-json\/wp\/v2\/media?parent=16945"}],"wp:term":[{"taxonomy":"category","embeddable":true,"href":"https:\/\/justicapotiguar.com.br\/index.php\/wp-json\/wp\/v2\/categories?post=16945"},{"taxonomy":"post_tag","embeddable":true,"href":"https:\/\/justicapotiguar.com.br\/index.php\/wp-json\/wp\/v2\/tags?post=16945"}],"curies":[{"name":"wp","href":"https:\/\/api.w.org\/{rel}","templated":true}]}}