{"id":16892,"date":"2021-02-24T19:58:24","date_gmt":"2021-02-24T22:58:24","guid":{"rendered":"https:\/\/justicapotiguar.com.br\/?p=16892"},"modified":"2021-02-24T20:08:22","modified_gmt":"2021-02-24T23:08:22","slug":"justica-determina-que-humana-saude-custeie-tratamento-com-tocilizumabe-em-paciente-com-covid-19-em-natal","status":"publish","type":"post","link":"https:\/\/justicapotiguar.com.br\/index.php\/2021\/02\/24\/justica-determina-que-humana-saude-custeie-tratamento-com-tocilizumabe-em-paciente-com-covid-19-em-natal\/","title":{"rendered":"Justi\u00e7a determina que Humana Sa\u00fade custeie tratamento com Tocilizumabe em paciente com Covid-19 em Natal"},"content":{"rendered":"\n<figure class=\"wp-block-image size-large\"><img loading=\"lazy\" width=\"282\" height=\"179\" src=\"https:\/\/justicapotiguar.com.br\/wp-content\/uploads\/2021\/02\/download-2-1.jpeg\" alt=\"\" class=\"wp-image-16893\"\/><figcaption>Reprodu\u00e7\u00e3o<\/figcaption><\/figure>\n\n\n\n<p>Decis\u00e3o do juiz, Gustavo Eug\u00eanio Carvalho, do 3\u00ba Juizado Especial C\u00edvel da Comarca de Natal, determinou que o plano Humana Sa\u00fade custeie o tratamento de um paciente v\u00edtima de Covid-19 com o medicamento \u00a0Tocilizumabe (TCZ). A medica\u00e7\u00e3o \u00e9 apontada em estudos como tratamento efetivo em pacientes graves.<\/p>\n\n\n\n<p>A decis\u00e3o judicial determinou que o plano de sa\u00fade \u201cforne\u00e7a&nbsp; \u00e0 promovente&nbsp; o&nbsp; medicamento Tocilizumabe-Actemra 80mg e&nbsp;demais&nbsp; medicamentos&nbsp;e insumos&nbsp;que&nbsp; se&nbsp;fizerem&nbsp;necess\u00e1rios&nbsp; na&nbsp; busca&nbsp;da&nbsp;cura&nbsp;em&nbsp;tratamento&nbsp; da&nbsp;Covid-19,&nbsp;enquanto perdurar&nbsp;a&nbsp;necessidade do paciente, no&nbsp; prazo&nbsp;improrrog\u00e1vel&nbsp;<br>de&nbsp;24&nbsp;horas,&nbsp;consoante&nbsp; prescri\u00e7\u00e3o m\u00e9dica,&nbsp;at\u00e9&nbsp; ulterior&nbsp;delibera\u00e7\u00e3o, sob&nbsp;pena&nbsp; de&nbsp;multa&nbsp;di\u00e1ria&nbsp;no&nbsp;valor&nbsp;de&nbsp; R$&nbsp; 1.500,00&nbsp;(um mil&nbsp; e quinhentos Reais) para cada dia caracterizador de descumprimento.\u201d<\/p>\n\n\n\n<p>A defesa da a\u00e7\u00e3o foi realizada pelo advogado Leonardo Ximenes.<\/p>\n\n\n\n<p><\/p><div class=\"uottw69f25daeb076f\" ><!--<a href=\"https:\/\/bit.ly\/3QdrqTZ\" target=\"_blank\">\n<img src=\"https:\/\/justicapotiguar.com.br\/wp-content\/uploads\/2023\/09\/mobile-geral.gif\"\/><a\/>--><\/div><style type=\"text\/css\">\r\n.uottw69f25daeb076f {\r\ntext-align: center;\r\n}\r\n@media screen and (min-width: 1201px) {\r\n.uottw69f25daeb076f {\r\ndisplay: none;\r\n}\r\n}\r\n@media screen and (min-width: 993px) and (max-width: 1200px) {\r\n.uottw69f25daeb076f {\r\ndisplay: none;\r\n}\r\n}\r\n@media screen and (min-width: 769px) and (max-width: 992px) {\r\n.uottw69f25daeb076f {\r\ndisplay: none;\r\n}\r\n}\r\n@media screen and (min-width: 768px) and (max-width: 768px) {\r\n.uottw69f25daeb076f {\r\ndisplay: block;\r\n}\r\n}\r\n@media screen and (max-width: 767px) {\r\n.uottw69f25daeb076f {\r\ndisplay: block;\r\n}\r\n}\r\n<\/style>\r\n<div class=\"xmtaf69f25daeb0755\" ><!--<a href=\"https:\/\/bit.ly\/3QdrqTZ\" target=\"_blank\">\n<img src=\"https:\/\/justicapotiguar.com.br\/wp-content\/uploads\/2023\/09\/desktop-geral.gif\"\/><a\/>--><\/div><style type=\"text\/css\">\r\n.xmtaf69f25daeb0755 {\r\ntext-align: center;\nmargin-bottom: 1em;\r\n}\r\n@media screen and (min-width: 1201px) {\r\n.xmtaf69f25daeb0755 {\r\ndisplay: block;\r\n}\r\n}\r\n@media screen and (min-width: 993px) and (max-width: 1200px) {\r\n.xmtaf69f25daeb0755 {\r\ndisplay: block;\r\n}\r\n}\r\n@media screen and (min-width: 769px) and (max-width: 992px) {\r\n.xmtaf69f25daeb0755 {\r\ndisplay: block;\r\n}\r\n}\r\n@media screen and (min-width: 768px) and (max-width: 768px) {\r\n.xmtaf69f25daeb0755 {\r\ndisplay: none;\r\n}\r\n}\r\n@media screen and (max-width: 767px) {\r\n.xmtaf69f25daeb0755 {\r\ndisplay: none;\r\n}\r\n}\r\n<\/style>\r\n\n\n\n\n<p><\/p>\n\n\n\n<p><\/p>\n\n\n\n<p><\/p>\n","protected":false},"excerpt":{"rendered":"<p>Decis\u00e3o do juiz, Gustavo Eug\u00eanio Carvalho, do 3\u00ba Juizado Especial C\u00edvel da Comarca de Natal, determinou que o plano Humana Sa\u00fade custeie o tratamento de um paciente v\u00edtima de Covid-19 com o medicamento \u00a0Tocilizumabe (TCZ). A medica\u00e7\u00e3o \u00e9 apontada em estudos como tratamento efetivo em pacientes graves. A decis\u00e3o judicial determinou que o plano de<br \/><a class=\"more-link\" href=\"https:\/\/justicapotiguar.com.br\/index.php\/2021\/02\/24\/justica-determina-que-humana-saude-custeie-tratamento-com-tocilizumabe-em-paciente-com-covid-19-em-natal\/\">Mais&#8230;<\/a><\/p>\n","protected":false},"author":5,"featured_media":16893,"comment_status":"open","ping_status":"open","sticky":false,"template":"","format":"standard","meta":[],"categories":[3],"tags":[],"_links":{"self":[{"href":"https:\/\/justicapotiguar.com.br\/index.php\/wp-json\/wp\/v2\/posts\/16892"}],"collection":[{"href":"https:\/\/justicapotiguar.com.br\/index.php\/wp-json\/wp\/v2\/posts"}],"about":[{"href":"https:\/\/justicapotiguar.com.br\/index.php\/wp-json\/wp\/v2\/types\/post"}],"author":[{"embeddable":true,"href":"https:\/\/justicapotiguar.com.br\/index.php\/wp-json\/wp\/v2\/users\/5"}],"replies":[{"embeddable":true,"href":"https:\/\/justicapotiguar.com.br\/index.php\/wp-json\/wp\/v2\/comments?post=16892"}],"version-history":[{"count":2,"href":"https:\/\/justicapotiguar.com.br\/index.php\/wp-json\/wp\/v2\/posts\/16892\/revisions"}],"predecessor-version":[{"id":16895,"href":"https:\/\/justicapotiguar.com.br\/index.php\/wp-json\/wp\/v2\/posts\/16892\/revisions\/16895"}],"wp:featuredmedia":[{"embeddable":true,"href":"https:\/\/justicapotiguar.com.br\/index.php\/wp-json\/wp\/v2\/media\/16893"}],"wp:attachment":[{"href":"https:\/\/justicapotiguar.com.br\/index.php\/wp-json\/wp\/v2\/media?parent=16892"}],"wp:term":[{"taxonomy":"category","embeddable":true,"href":"https:\/\/justicapotiguar.com.br\/index.php\/wp-json\/wp\/v2\/categories?post=16892"},{"taxonomy":"post_tag","embeddable":true,"href":"https:\/\/justicapotiguar.com.br\/index.php\/wp-json\/wp\/v2\/tags?post=16892"}],"curies":[{"name":"wp","href":"https:\/\/api.w.org\/{rel}","templated":true}]}}