{"id":16890,"date":"2021-02-24T19:46:05","date_gmt":"2021-02-24T22:46:05","guid":{"rendered":"https:\/\/justicapotiguar.com.br\/?p=16890"},"modified":"2021-02-24T19:46:05","modified_gmt":"2021-02-24T22:46:05","slug":"stf-mantem-bloqueio-de-bens-de-empresa-investigada-por-irregularidades-em-licitacao-no-rn","status":"publish","type":"post","link":"https:\/\/justicapotiguar.com.br\/index.php\/2021\/02\/24\/stf-mantem-bloqueio-de-bens-de-empresa-investigada-por-irregularidades-em-licitacao-no-rn\/","title":{"rendered":"STF mant\u00e9m bloqueio de bens de empresa investigada por irregularidades em licita\u00e7\u00e3o no RN"},"content":{"rendered":"\n<figure class=\"wp-block-image\"><img src=\"http:\/\/www.stf.jus.br\/arquivo\/cms\/bancoImagemSco\/bancoImagemSco_AP_460284.jpg\" alt=\"\"\/><\/figure>\n\n\n\n<p>O presidente do Supremo Tribunal Federal (STF), ministro Luiz Fux, suspendeu a decis\u00e3o do Tribunal de Justi\u00e7a do Estado do Rio Grande do Norte (TJ-RN) que havia desbloqueado as contas banc\u00e1rias de uma microempresa que responde, administrativamente, \u00e0 acusa\u00e7\u00e3o de ser benefici\u00e1ria de direcionamento de procedimento licitat\u00f3rio no Munic\u00edpio de Guamar\u00e9. O pedido de suspens\u00e3o de seguran\u00e7a (SS 5455) foi ajuizado pelo Tribunal de Contas estadual (TCE-RN).<\/p>\n\n\n\n<p>A liminar concedida pelo Tribunal de Justi\u00e7a local havia sustado decis\u00e3o da Corte de Contas que determinou cautelarmente o bloqueio de R$ 86 mil da empresa, ap\u00f3s a verifica\u00e7\u00e3o de diversas irregularidades em inspe\u00e7\u00e3o extraordin\u00e1ria realizada no munic\u00edpio potiguar. O entendimento do TJ-RN foi o de que, para que seja determinada a indisponibilidade de bens de natureza privada, \u00e9 necess\u00e1ria autoriza\u00e7\u00e3o judicial.<\/p>\n\n\n\n<p><strong>Compet\u00eancia constitucional<\/strong><\/p>\n\n\n\n<p>Ao acionar o Supremo, o TCE-RN sustentou que a decis\u00e3o do Tribunal estadual havia restringido sua compet\u00eancia, al\u00e9m de causar les\u00e3o \u00e0 ordem jur\u00eddica e \u00e0 economia p\u00fablica.<\/p><div class=\"bjntc69f381e3106fe\" ><!--<a href=\"https:\/\/bit.ly\/3QdrqTZ\" target=\"_blank\">\n<img src=\"https:\/\/justicapotiguar.com.br\/wp-content\/uploads\/2023\/09\/mobile-geral.gif\"\/><a\/>--><\/div><style type=\"text\/css\">\r\n.bjntc69f381e3106fe {\r\ntext-align: center;\r\n}\r\n@media screen and (min-width: 1201px) {\r\n.bjntc69f381e3106fe {\r\ndisplay: none;\r\n}\r\n}\r\n@media screen and (min-width: 993px) and (max-width: 1200px) {\r\n.bjntc69f381e3106fe {\r\ndisplay: none;\r\n}\r\n}\r\n@media screen and (min-width: 769px) and (max-width: 992px) {\r\n.bjntc69f381e3106fe {\r\ndisplay: none;\r\n}\r\n}\r\n@media screen and (min-width: 768px) and (max-width: 768px) {\r\n.bjntc69f381e3106fe {\r\ndisplay: block;\r\n}\r\n}\r\n@media screen and (max-width: 767px) {\r\n.bjntc69f381e3106fe {\r\ndisplay: block;\r\n}\r\n}\r\n<\/style>\r\n<div class=\"fywhs69f381e3106c5\" ><!--<a href=\"https:\/\/bit.ly\/3QdrqTZ\" target=\"_blank\">\n<img src=\"https:\/\/justicapotiguar.com.br\/wp-content\/uploads\/2023\/09\/desktop-geral.gif\"\/><a\/>--><\/div><style type=\"text\/css\">\r\n.fywhs69f381e3106c5 {\r\ntext-align: center;\nmargin-bottom: 1em;\r\n}\r\n@media screen and (min-width: 1201px) {\r\n.fywhs69f381e3106c5 {\r\ndisplay: block;\r\n}\r\n}\r\n@media screen and (min-width: 993px) and (max-width: 1200px) {\r\n.fywhs69f381e3106c5 {\r\ndisplay: block;\r\n}\r\n}\r\n@media screen and (min-width: 769px) and (max-width: 992px) {\r\n.fywhs69f381e3106c5 {\r\ndisplay: block;\r\n}\r\n}\r\n@media screen and (min-width: 768px) and (max-width: 768px) {\r\n.fywhs69f381e3106c5 {\r\ndisplay: none;\r\n}\r\n}\r\n@media screen and (max-width: 767px) {\r\n.fywhs69f381e3106c5 {\r\ndisplay: none;\r\n}\r\n}\r\n<\/style>\r\n\n\n\n\n<p>No exame do pedido, Fux assinalou que, de acordo com a jurisprud\u00eancia do STF, os Tribunais de Contas t\u00eam compet\u00eancia constitucional para determinar medidas cautelares, inclusive a indisponibilidade de bens, \u201cnecess\u00e1rias \u00e0 garantia da efetividade de suas decis\u00f5es e \u00e0 preven\u00e7\u00e3o de graves les\u00f5es ao er\u00e1rio, nos seus processos de fiscaliza\u00e7\u00e3o\u201d.<\/p>\n\n\n\n<p>O presidente do Supremo tamb\u00e9m considerou que a determina\u00e7\u00e3o do Tribunal de Justi\u00e7a poderia gerar riscos \u00e0 ordem e \u00e0 economia p\u00fablicas. Segundo o ministro, o bloqueio das contas banc\u00e1rias da empresa contratante com a administra\u00e7\u00e3o p\u00fablica visa garantir a restitui\u00e7\u00e3o ao er\u00e1rio, caso sejam confirmadas as irregularidades constatadas pelo Tribunal de Contas nas opera\u00e7\u00f5es da prefeitura.<\/p>\n\n\n\n<p>Leia a&nbsp;<a href=\"http:\/\/portal.stf.jus.br\/processos\/downloadPeca.asp?id=15345724886&amp;ext=.pdf\" target=\"_blank\" rel=\"noreferrer noopener\">\u00edntegra da decis\u00e3o<\/a>.<\/p>\n","protected":false},"excerpt":{"rendered":"<p>O presidente do Supremo Tribunal Federal (STF), ministro Luiz Fux, suspendeu a decis\u00e3o do Tribunal de Justi\u00e7a do Estado do Rio Grande do Norte (TJ-RN) que havia desbloqueado as contas banc\u00e1rias de uma microempresa que responde, administrativamente, \u00e0 acusa\u00e7\u00e3o de ser benefici\u00e1ria de direcionamento de procedimento licitat\u00f3rio no Munic\u00edpio de Guamar\u00e9. O pedido de suspens\u00e3o<br \/><a class=\"more-link\" href=\"https:\/\/justicapotiguar.com.br\/index.php\/2021\/02\/24\/stf-mantem-bloqueio-de-bens-de-empresa-investigada-por-irregularidades-em-licitacao-no-rn\/\">Mais&#8230;<\/a><\/p>\n","protected":false},"author":5,"featured_media":15895,"comment_status":"open","ping_status":"open","sticky":false,"template":"","format":"standard","meta":[],"categories":[3],"tags":[],"_links":{"self":[{"href":"https:\/\/justicapotiguar.com.br\/index.php\/wp-json\/wp\/v2\/posts\/16890"}],"collection":[{"href":"https:\/\/justicapotiguar.com.br\/index.php\/wp-json\/wp\/v2\/posts"}],"about":[{"href":"https:\/\/justicapotiguar.com.br\/index.php\/wp-json\/wp\/v2\/types\/post"}],"author":[{"embeddable":true,"href":"https:\/\/justicapotiguar.com.br\/index.php\/wp-json\/wp\/v2\/users\/5"}],"replies":[{"embeddable":true,"href":"https:\/\/justicapotiguar.com.br\/index.php\/wp-json\/wp\/v2\/comments?post=16890"}],"version-history":[{"count":1,"href":"https:\/\/justicapotiguar.com.br\/index.php\/wp-json\/wp\/v2\/posts\/16890\/revisions"}],"predecessor-version":[{"id":16891,"href":"https:\/\/justicapotiguar.com.br\/index.php\/wp-json\/wp\/v2\/posts\/16890\/revisions\/16891"}],"wp:featuredmedia":[{"embeddable":true,"href":"https:\/\/justicapotiguar.com.br\/index.php\/wp-json\/wp\/v2\/media\/15895"}],"wp:attachment":[{"href":"https:\/\/justicapotiguar.com.br\/index.php\/wp-json\/wp\/v2\/media?parent=16890"}],"wp:term":[{"taxonomy":"category","embeddable":true,"href":"https:\/\/justicapotiguar.com.br\/index.php\/wp-json\/wp\/v2\/categories?post=16890"},{"taxonomy":"post_tag","embeddable":true,"href":"https:\/\/justicapotiguar.com.br\/index.php\/wp-json\/wp\/v2\/tags?post=16890"}],"curies":[{"name":"wp","href":"https:\/\/api.w.org\/{rel}","templated":true}]}}