{"id":16888,"date":"2021-02-24T17:15:20","date_gmt":"2021-02-24T20:15:20","guid":{"rendered":"https:\/\/justicapotiguar.com.br\/?p=16888"},"modified":"2021-02-24T17:15:20","modified_gmt":"2021-02-24T20:15:20","slug":"stj-ministros-repudiam-intencao-de-procuradores-de-investigar-contas","status":"publish","type":"post","link":"https:\/\/justicapotiguar.com.br\/index.php\/2021\/02\/24\/stj-ministros-repudiam-intencao-de-procuradores-de-investigar-contas\/","title":{"rendered":"STJ: Ministros repudiam inten\u00e7\u00e3o de procuradores de investigar contas"},"content":{"rendered":"\n<p>O ministro Sebasti\u00e3o Reis J\u00fanior, do STJ, pediu a palavra no come\u00e7o da sess\u00e3o desta quarta-feira, 24, para prestar sua solidariedade aos ministros citados nos di\u00e1logos que vieram a p\u00fablico dos procuradores da Rep\u00fablica, que mostram&nbsp;<a href=\"https:\/\/migalhas.uol.com.br\/quentes\/339956\/procuradores-colocam-em-xeque-atuacao-de-ministros-do-stj\">inten\u00e7\u00e3o de investigar<\/a>&nbsp;os ministros que \u00e0 \u00e9poca integravam a 3\u00aa se\u00e7\u00e3o.<\/p>\n\n\n\n<p>O ministro ressaltou que n\u00e3o poderia deixar de abra\u00e7ar em p\u00fablico os colegas &#8220;<em>cuja integridade foi posta sob suspeita<\/em>&#8220;.<\/p>\n\n\n\n<figure class=\"wp-block-image\"><img src=\"https:\/\/img2.migalhas.uol.com.br\/_MEDPROC_\/https__img1.migalhas.uol.com.br__SL__gf_base__SL__empresas__SL__MIGA__SL__imagens__SL__2021__SL__02__SL__24__SL__88a220bd-0c2f-41a8-b35f-609e6abf921c.jpg._PROC_CP75.jpg\" alt=\"(Imagem: Reprodu\u00e7\u00e3o)\" title=\"(Imagem: Reprodu\u00e7\u00e3o)\"\/><\/figure>\n\n\n\n<p>(Imagem: Reprodu\u00e7\u00e3o)<\/p>\n\n\n\n<p>Sebasti\u00e3o Reis considerou inadmiss\u00edvel que, sem qualquer elemento que justificasse, fosse proposta uma devassa financeira nas contas, ainda mais de maneira oficiosa e informal.<\/p>\n\n\n\n<p>Citando os ministros Ribeiro Dantas e Reynaldo Soares da Fonseca, que integravam e ainda integram a 3\u00aa se\u00e7\u00e3o, ministro Sebasti\u00e3o disse que \u00e0 \u00e9poca era presidente do colegiado e teve oportunidade de externar sua repulsa aos ataques sofridos pela nomea\u00e7\u00e3o de Ribeiro Dantas.<\/p>\n\n\n\n<p><em>&#8220;Na \u00e9poca o conhecia apenas de forma profissional, sem o maior contato pessoal. Passados alguns anos, e tendo a oportunidade n\u00e3o s\u00f3 de trabalhar no dia a dia ao lado de S. Exa., como tamb\u00e9m de estreitar nosso relacionamento pessoal, posso dizer que o que falei naquele momento foi pouco diante da dimens\u00e3o de Ribeiro Dantas como juiz e como pessoa. Posso afirmar que tenho orgulho de t\u00ea-lo ao meu lado nesse colegiado.&#8221;<\/em><\/p>\n\n\n\n<p>Quanto ao ministro Reynaldo da Fonseca, Sebasti\u00e3o afirmou que n\u00e3o \u00e9 diferente do que j\u00e1 havia dito e destacou as qualidades do colega.<\/p>\n\n\n\n<p><em>&#8220;Juiz de carreira impec\u00e1vel, com um conhecimento jur\u00eddico raro e profundo, tem, desde a sua chegada, contribu\u00eddo sobremaneira para os trabalhos desta Casa, n\u00e3o s\u00f3 com seus votos profundos e bem elaborados como tamb\u00e9m com sua capacidade de trabalhar em colegiado, sempre disposto a ouvir e debater com respeito e integridade profissional.&#8221;<\/em><\/p>\n\n\n\n<p><strong>Justi\u00e7a vingativa<\/strong><\/p><div class=\"iksmz69f2d0b0379c8\" ><!--<a href=\"https:\/\/bit.ly\/3QdrqTZ\" target=\"_blank\">\n<img src=\"https:\/\/justicapotiguar.com.br\/wp-content\/uploads\/2023\/09\/mobile-geral.gif\"\/><a\/>--><\/div><style type=\"text\/css\">\r\n.iksmz69f2d0b0379c8 {\r\ntext-align: center;\r\n}\r\n@media screen and (min-width: 1201px) {\r\n.iksmz69f2d0b0379c8 {\r\ndisplay: none;\r\n}\r\n}\r\n@media screen and (min-width: 993px) and (max-width: 1200px) {\r\n.iksmz69f2d0b0379c8 {\r\ndisplay: none;\r\n}\r\n}\r\n@media screen and (min-width: 769px) and (max-width: 992px) {\r\n.iksmz69f2d0b0379c8 {\r\ndisplay: none;\r\n}\r\n}\r\n@media screen and (min-width: 768px) and (max-width: 768px) {\r\n.iksmz69f2d0b0379c8 {\r\ndisplay: block;\r\n}\r\n}\r\n@media screen and (max-width: 767px) {\r\n.iksmz69f2d0b0379c8 {\r\ndisplay: block;\r\n}\r\n}\r\n<\/style>\r\n<div class=\"axdrx69f2d0b0379a7\" ><!--<a href=\"https:\/\/bit.ly\/3QdrqTZ\" target=\"_blank\">\n<img src=\"https:\/\/justicapotiguar.com.br\/wp-content\/uploads\/2023\/09\/desktop-geral.gif\"\/><a\/>--><\/div><style type=\"text\/css\">\r\n.axdrx69f2d0b0379a7 {\r\ntext-align: center;\nmargin-bottom: 1em;\r\n}\r\n@media screen and (min-width: 1201px) {\r\n.axdrx69f2d0b0379a7 {\r\ndisplay: block;\r\n}\r\n}\r\n@media screen and (min-width: 993px) and (max-width: 1200px) {\r\n.axdrx69f2d0b0379a7 {\r\ndisplay: block;\r\n}\r\n}\r\n@media screen and (min-width: 769px) and (max-width: 992px) {\r\n.axdrx69f2d0b0379a7 {\r\ndisplay: block;\r\n}\r\n}\r\n@media screen and (min-width: 768px) and (max-width: 768px) {\r\n.axdrx69f2d0b0379a7 {\r\ndisplay: none;\r\n}\r\n}\r\n@media screen and (max-width: 767px) {\r\n.axdrx69f2d0b0379a7 {\r\ndisplay: none;\r\n}\r\n}\r\n<\/style>\r\n\n\n\n\n<p>O presidente da se\u00e7\u00e3o, ministro Nefi Cordeiro, ressaltou que imediato \u00e9 o dano moral, o desalento, ante o abuso por quem do povo recebe poderes para perseguir crimes dentro da lei.<\/p>\n\n\n\n<p><em>&#8220;S\u00e3o exce\u00e7\u00f5es. Integrantes do MP s\u00e3o voz e poder da sociedade que representa. Delegados s\u00e3o corajosos buscadores da prova indici\u00e1ria de autoria em crimes. Ju\u00edzes condenam ou absolvem s\u00f3 pela prova dos autos. Nenhuma dessas fun\u00e7\u00f5es combina, orienta ou simula justi\u00e7a vingativa.&#8221;<\/em><\/p>\n\n\n\n<p>Nefi disse que a chaga maior da corrup\u00e7\u00e3o precisa se manter como foco de repulsa social, de apenamento eficiente. &#8220;<em>Essa Corte segue cumprindo seu papel de concretiza\u00e7\u00e3o uniforme da jurisdi\u00e7\u00e3o criminal no pa\u00eds por ministros que legal e moralmente exp\u00f5e suas vidas e finan\u00e7as<\/em>&#8220;, completou.<\/p>\n\n\n\n<p><strong>Agradecimento<\/strong><\/p>\n\n\n\n<p>Ribeiro Dantas disse que estava emocionado com a solidariedade dos ministros e agradeceu o apoio. S. Exa. ressaltou que, do ponto de vista moral, se sentiu aliviado pois sofreu muito e por muito tempo uma s\u00e9rie de injusti\u00e7as.<\/p>\n\n\n\n<p>Reynaldo da Fonseca tamb\u00e9m agradeceu, dizendo que n\u00e3o tinha conhecimento do di\u00e1logo em que foi citado, mas que soube do interesse na avalia\u00e7\u00e3o patrimonial. O ministro, ent\u00e3o, colocou suas contas e de seus familiares \u00e0 disposi\u00e7\u00e3o do procurador que atua junto ao STF.<\/p>\n\n\n\n<p><em>&#8220;Tenho 39 anos de servi\u00e7o p\u00fablico, e\u00a0pr\u00f3ximo de 30 anos\u00a0de magistratura. Jamais tive qualquer iniciativa privada. Sempre fui servidor p\u00fablico, advogado p\u00fablico, procurador de Estado, juiz de Direito e juiz Federal. Tudo que conquistei com minha esposa e com meus filhos, todos servidores p\u00fablicos, foi tudo com base no que aprendi com meu pai, j\u00e1 falecido.\u00a0Se \u00e9 que pretenderam me envolver, insinuar algo de tal natureza, n\u00e3o precisam, de forma alguma. Meu sigilo banc\u00e1rio e fiscal, da minha esposa, dos meus tr\u00eas filhos e da minha nora est\u00e3o \u00e0 disposi\u00e7\u00e3o do senhor procurador-Geral da Rep\u00fablica que atua junto ao STF.&#8221;<\/em><\/p>\n\n\n\n<p>Migalhas<\/p>\n","protected":false},"excerpt":{"rendered":"<p>O ministro Sebasti\u00e3o Reis J\u00fanior, do STJ, pediu a palavra no come\u00e7o da sess\u00e3o desta quarta-feira, 24, para prestar sua solidariedade aos ministros citados nos di\u00e1logos que vieram a p\u00fablico dos procuradores da Rep\u00fablica, que mostram&nbsp;inten\u00e7\u00e3o de investigar&nbsp;os ministros que \u00e0 \u00e9poca integravam a 3\u00aa se\u00e7\u00e3o. O ministro ressaltou que n\u00e3o poderia deixar de abra\u00e7ar<br \/><a class=\"more-link\" href=\"https:\/\/justicapotiguar.com.br\/index.php\/2021\/02\/24\/stj-ministros-repudiam-intencao-de-procuradores-de-investigar-contas\/\">Mais&#8230;<\/a><\/p>\n","protected":false},"author":5,"featured_media":7439,"comment_status":"open","ping_status":"open","sticky":false,"template":"","format":"standard","meta":[],"categories":[3],"tags":[],"_links":{"self":[{"href":"https:\/\/justicapotiguar.com.br\/index.php\/wp-json\/wp\/v2\/posts\/16888"}],"collection":[{"href":"https:\/\/justicapotiguar.com.br\/index.php\/wp-json\/wp\/v2\/posts"}],"about":[{"href":"https:\/\/justicapotiguar.com.br\/index.php\/wp-json\/wp\/v2\/types\/post"}],"author":[{"embeddable":true,"href":"https:\/\/justicapotiguar.com.br\/index.php\/wp-json\/wp\/v2\/users\/5"}],"replies":[{"embeddable":true,"href":"https:\/\/justicapotiguar.com.br\/index.php\/wp-json\/wp\/v2\/comments?post=16888"}],"version-history":[{"count":1,"href":"https:\/\/justicapotiguar.com.br\/index.php\/wp-json\/wp\/v2\/posts\/16888\/revisions"}],"predecessor-version":[{"id":16889,"href":"https:\/\/justicapotiguar.com.br\/index.php\/wp-json\/wp\/v2\/posts\/16888\/revisions\/16889"}],"wp:featuredmedia":[{"embeddable":true,"href":"https:\/\/justicapotiguar.com.br\/index.php\/wp-json\/wp\/v2\/media\/7439"}],"wp:attachment":[{"href":"https:\/\/justicapotiguar.com.br\/index.php\/wp-json\/wp\/v2\/media?parent=16888"}],"wp:term":[{"taxonomy":"category","embeddable":true,"href":"https:\/\/justicapotiguar.com.br\/index.php\/wp-json\/wp\/v2\/categories?post=16888"},{"taxonomy":"post_tag","embeddable":true,"href":"https:\/\/justicapotiguar.com.br\/index.php\/wp-json\/wp\/v2\/tags?post=16888"}],"curies":[{"name":"wp","href":"https:\/\/api.w.org\/{rel}","templated":true}]}}