{"id":16886,"date":"2021-02-24T15:45:45","date_gmt":"2021-02-24T18:45:45","guid":{"rendered":"https:\/\/justicapotiguar.com.br\/?p=16886"},"modified":"2021-02-24T15:14:07","modified_gmt":"2021-02-24T18:14:07","slug":"informativo-1-005-do-stf-de-19-de-fevereiro-de-2021","status":"publish","type":"post","link":"https:\/\/justicapotiguar.com.br\/index.php\/2021\/02\/24\/informativo-1-005-do-stf-de-19-de-fevereiro-de-2021\/","title":{"rendered":"Informativo 1.005 do STF, de 19 de fevereiro de 2021"},"content":{"rendered":"\n<p><\/p>\n\n\n\n<p><strong>Rodrigo Leite | P\u00edlulas Jur\u00eddicas | STF e STJ\u00a0<\/strong>https:\/\/t.me\/pilulasjuridicasSTFSTJ<\/p>\n\n\n\n<figure class=\"wp-block-image size-large\"><img loading=\"lazy\" width=\"680\" height=\"453\" src=\"https:\/\/justicapotiguar.com.br\/wp-content\/uploads\/2020\/09\/stf-2.gif\" alt=\"\" class=\"wp-image-12735\"\/><figcaption>Reprodu\u00e7\u00e3o<\/figcaption><\/figure>\n\n\n\n<p><strong>PLEN\u00c1RIO<\/strong><\/p>\n\n\n\n<p>&#8211; \u00c9 incompat\u00edvel com a Constitui\u00e7\u00e3o a ideia de um direito ao esquecimento, assim entendido como o poder de obstar, em raz\u00e3o da passagem do tempo, a divulga\u00e7\u00e3o de fatos ou dados ver\u00eddicos e licitamente obtidos e publicados em meios de comunica\u00e7\u00e3o social anal\u00f3gicos ou digitais. Eventuais excessos ou abusos no exerc\u00edcio da liberdade de express\u00e3o e de informa\u00e7\u00e3o devem ser analisados caso a caso, a partir dos par\u00e2metros constitucionais \u2013 especialmente os relativos \u00e0 prote\u00e7\u00e3o da honra, da imagem, da privacidade e da personalidade em geral \u2013 e as expressas e espec\u00edficas previs\u00f5es legais nos \u00e2mbitos penal e c\u00edvel\u201d &#8211; <strong>RE 1010606\/RJ<\/strong>, Tema 786.<\/p><div class=\"tdwuj69f2c3f15d112\" ><!--<a href=\"https:\/\/bit.ly\/3QdrqTZ\" target=\"_blank\">\n<img src=\"https:\/\/justicapotiguar.com.br\/wp-content\/uploads\/2023\/09\/mobile-geral.gif\"\/><a\/>--><\/div><style type=\"text\/css\">\r\n.tdwuj69f2c3f15d112 {\r\ntext-align: center;\r\n}\r\n@media screen and (min-width: 1201px) {\r\n.tdwuj69f2c3f15d112 {\r\ndisplay: none;\r\n}\r\n}\r\n@media screen and (min-width: 993px) and (max-width: 1200px) {\r\n.tdwuj69f2c3f15d112 {\r\ndisplay: none;\r\n}\r\n}\r\n@media screen and (min-width: 769px) and (max-width: 992px) {\r\n.tdwuj69f2c3f15d112 {\r\ndisplay: none;\r\n}\r\n}\r\n@media screen and (min-width: 768px) and (max-width: 768px) {\r\n.tdwuj69f2c3f15d112 {\r\ndisplay: block;\r\n}\r\n}\r\n@media screen and (max-width: 767px) {\r\n.tdwuj69f2c3f15d112 {\r\ndisplay: block;\r\n}\r\n}\r\n<\/style>\r\n<div class=\"iswub69f2c3f15d0ff\" ><!--<a href=\"https:\/\/bit.ly\/3QdrqTZ\" target=\"_blank\">\n<img src=\"https:\/\/justicapotiguar.com.br\/wp-content\/uploads\/2023\/09\/desktop-geral.gif\"\/><a\/>--><\/div><style type=\"text\/css\">\r\n.iswub69f2c3f15d0ff {\r\ntext-align: center;\nmargin-bottom: 1em;\r\n}\r\n@media screen and (min-width: 1201px) {\r\n.iswub69f2c3f15d0ff {\r\ndisplay: block;\r\n}\r\n}\r\n@media screen and (min-width: 993px) and (max-width: 1200px) {\r\n.iswub69f2c3f15d0ff {\r\ndisplay: block;\r\n}\r\n}\r\n@media screen and (min-width: 769px) and (max-width: 992px) {\r\n.iswub69f2c3f15d0ff {\r\ndisplay: block;\r\n}\r\n}\r\n@media screen and (min-width: 768px) and (max-width: 768px) {\r\n.iswub69f2c3f15d0ff {\r\ndisplay: none;\r\n}\r\n}\r\n@media screen and (max-width: 767px) {\r\n.iswub69f2c3f15d0ff {\r\ndisplay: none;\r\n}\r\n}\r\n<\/style>\r\n\n\n\n\n<p>&#8211; N\u00e3o se admite \u201cnovo veto\u201d em lei j\u00e1 promulgada e publicada. Manifestada a aquiesc\u00eancia do Poder Executivo com projeto de lei, pela aposi\u00e7\u00e3o de san\u00e7\u00e3o, evidencia-se a ocorr\u00eancia de preclus\u00e3o entre as etapas do processo legislativo, sendo incab\u00edvel eventual retrata\u00e7\u00e3o (<strong>ADPF 714\/DF<\/strong>, <strong>ADPF 715\/DF<\/strong> e <strong>ADPF 716\/DF<\/strong>).<\/p>\n\n\n\n<p><strong>SEGUNDA TURMA<\/strong><\/p>\n\n\n\n<p>&#8211; Os pedidos de reconsidera\u00e7\u00e3o carecem de qualquer respaldo no regramento processual vigente. Eles n\u00e3o constituem recursos, em sentido estrito, nem mesmo meios de impugna\u00e7\u00e3o at\u00edpicos. Por isso, n\u00e3o suspendem prazos e tampouco impedem a preclus\u00e3o (<strong>Rcl 43.007 AgR\/DF<\/strong>)<\/p>\n\n\n\n<p>&#8211; O art. 46 da Lei Complementar 75\/1993 (Lei Org\u00e2nica do Minist\u00e9rio P\u00fablico) atribui compet\u00eancia exclusiva \u00e0 Procuradoria-Geral da Rep\u00fablica para oficiar nos processos em curso perante o Supremo Tribunal Federal. A reclama\u00e7\u00e3o constitucional s\u00f3 pode ser ajuizada perante o STF pelo Minist\u00e9rio P\u00fablico ou pela parte interessada. Se o feito e a pr\u00f3pria a\u00e7\u00e3o penal em tramita\u00e7\u00e3o no ju\u00edzo de piso envolvem o exerc\u00edcio do <em>jus accusationis<\/em> estatal e a atua\u00e7\u00e3o do \u00f3rg\u00e3o ministerial na qualidade de <em>dominus litis<\/em>, averiguando-se a atua\u00e7\u00e3o institucional do <em>Parquet<\/em> n\u00e3o h\u00e1 espa\u00e7o para que os Procuradores da Rep\u00fablica, ingressem nos autos na qualidade de simples particulares (<strong>Rcl 43.007 AgR\/DF<\/strong>)<\/p>\n","protected":false},"excerpt":{"rendered":"<p>Rodrigo Leite | P\u00edlulas Jur\u00eddicas | STF e STJ\u00a0https:\/\/t.me\/pilulasjuridicasSTFSTJ PLEN\u00c1RIO &#8211; \u00c9 incompat\u00edvel com a Constitui\u00e7\u00e3o a ideia de um direito ao esquecimento, assim entendido como o poder de obstar, em raz\u00e3o da passagem do tempo, a divulga\u00e7\u00e3o de fatos ou dados ver\u00eddicos e licitamente obtidos e publicados em meios de comunica\u00e7\u00e3o social anal\u00f3gicos ou<br \/><a class=\"more-link\" href=\"https:\/\/justicapotiguar.com.br\/index.php\/2021\/02\/24\/informativo-1-005-do-stf-de-19-de-fevereiro-de-2021\/\">Mais&#8230;<\/a><\/p>\n","protected":false},"author":5,"featured_media":0,"comment_status":"open","ping_status":"open","sticky":false,"template":"","format":"standard","meta":[],"categories":[3],"tags":[],"_links":{"self":[{"href":"https:\/\/justicapotiguar.com.br\/index.php\/wp-json\/wp\/v2\/posts\/16886"}],"collection":[{"href":"https:\/\/justicapotiguar.com.br\/index.php\/wp-json\/wp\/v2\/posts"}],"about":[{"href":"https:\/\/justicapotiguar.com.br\/index.php\/wp-json\/wp\/v2\/types\/post"}],"author":[{"embeddable":true,"href":"https:\/\/justicapotiguar.com.br\/index.php\/wp-json\/wp\/v2\/users\/5"}],"replies":[{"embeddable":true,"href":"https:\/\/justicapotiguar.com.br\/index.php\/wp-json\/wp\/v2\/comments?post=16886"}],"version-history":[{"count":1,"href":"https:\/\/justicapotiguar.com.br\/index.php\/wp-json\/wp\/v2\/posts\/16886\/revisions"}],"predecessor-version":[{"id":16887,"href":"https:\/\/justicapotiguar.com.br\/index.php\/wp-json\/wp\/v2\/posts\/16886\/revisions\/16887"}],"wp:attachment":[{"href":"https:\/\/justicapotiguar.com.br\/index.php\/wp-json\/wp\/v2\/media?parent=16886"}],"wp:term":[{"taxonomy":"category","embeddable":true,"href":"https:\/\/justicapotiguar.com.br\/index.php\/wp-json\/wp\/v2\/categories?post=16886"},{"taxonomy":"post_tag","embeddable":true,"href":"https:\/\/justicapotiguar.com.br\/index.php\/wp-json\/wp\/v2\/tags?post=16886"}],"curies":[{"name":"wp","href":"https:\/\/api.w.org\/{rel}","templated":true}]}}