{"id":16883,"date":"2021-02-24T15:11:31","date_gmt":"2021-02-24T18:11:31","guid":{"rendered":"https:\/\/justicapotiguar.com.br\/?p=16883"},"modified":"2021-02-24T15:11:31","modified_gmt":"2021-02-24T18:11:31","slug":"justica-4-0-sintetiza-binomio-inovacao-e-efetividade-destaca-ministro-luiz-fux-ao-lancar-programa-com-o-tjrn","status":"publish","type":"post","link":"https:\/\/justicapotiguar.com.br\/index.php\/2021\/02\/24\/justica-4-0-sintetiza-binomio-inovacao-e-efetividade-destaca-ministro-luiz-fux-ao-lancar-programa-com-o-tjrn\/","title":{"rendered":"\u201cJusti\u00e7a 4.0 sintetiza bin\u00f4mio Inova\u00e7\u00e3o e Efetividade\u201d, destaca ministro Luiz Fux ao lan\u00e7ar programa com o TJRN"},"content":{"rendered":"\n<figure class=\"wp-block-image size-large\"><img loading=\"lazy\" width=\"680\" height=\"444\" src=\"https:\/\/justicapotiguar.com.br\/wp-content\/uploads\/2020\/03\/8046B69CC497EB0ED871BBD3AC4785C9F2D1_fux3.jpg\" alt=\"\" class=\"wp-image-6757\" srcset=\"https:\/\/justicapotiguar.com.br\/wp-content\/uploads\/2020\/03\/8046B69CC497EB0ED871BBD3AC4785C9F2D1_fux3.jpg 680w, https:\/\/justicapotiguar.com.br\/wp-content\/uploads\/2020\/03\/8046B69CC497EB0ED871BBD3AC4785C9F2D1_fux3-300x196.jpg 300w\" sizes=\"(max-width: 680px) 100vw, 680px\" \/><figcaption>Reprodu\u00e7\u00e3o <\/figcaption><\/figure>\n\n\n\n<p>Ao fazer o lan\u00e7amento, nesta quarta-feira (24), do Programa Justi\u00e7a 4.0, durante o Webin\u00e1rio promovido pelo Conselho Nacional de Justi\u00e7a e o TJRN, o presidente do CNJ e do Supremo Tribunal Federal (STF), ministro Luiz Fux, destacou que esta iniciativa pode ser sintetizada no bin\u00f4mio \u201cInova\u00e7\u00e3o e Efetividade\u201d. Ele celebrou a parceria com o Tribunal de Justi\u00e7a do Rio Grande do Norte, em rela\u00e7\u00e3o \u00e0 implanta\u00e7\u00e3o deste programa, e que o Conselho Nacional de Justi\u00e7a n\u00e3o ir\u00e1 medir esfor\u00e7os para a consolida\u00e7\u00e3o desta a\u00e7\u00e3o. Passo que permite o acesso \u00e0 Justi\u00e7a Digital, o programa promove a moderniza\u00e7\u00e3o e a inova\u00e7\u00e3o tecnol\u00f3gica, facilitando a governan\u00e7a e a efici\u00eancia, al\u00e9m de gerar economia, o que ir\u00e1 contribuir para o desenvolvimento do Poder Judici\u00e1rio, incluindo neste leque, tamb\u00e9m, avan\u00e7os no combate \u00e0 corrup\u00e7\u00e3o.<\/p>\n\n\n\n<p>O magistrado dirigente da Justi\u00e7a brasileira celebrou a coopera\u00e7\u00e3o do CNJ com o TJ do Rio Grande do Norte na implanta\u00e7\u00e3o do programa, nas pessoas do presidente do Tribunal, desembargador Vivaldo Pinheiro, e da vice-presidente da institui\u00e7\u00e3o, desembargadora Zeneide Bezerra.<\/p>\n\n\n\n<p>O ministro Fux lembrou que o Justi\u00e7a 4.0 integra um dos eixos estrat\u00e9gicos da atual gest\u00e3o do CNJ. \u201cPretendemos unificar o procedimento e a atua\u00e7\u00e3o digital\u201d, ressalta o dirigente principal da Justi\u00e7a brasileira, de modo a oferecer a uma s\u00e9rie de tribunais estaduais e federais esta concep\u00e7\u00e3o moderna e de efici\u00eancia. Para ele, a sociedade vive mais em rede do que no contato f\u00edsico, e no momento presente ainda mais, em raz\u00e3o da pandemia. O presidente do Conselho fez o destaque, complementando com uma homenagem aos av\u00f3s, pais, filhos e netos que perderam entes queridos, em um per\u00edodo que contabiliza a perda de mais de duas centenas de milhares de cidad\u00e3os brasileiros.<\/p>\n\n\n\n<figure class=\"wp-block-image size-large\"><img loading=\"lazy\" width=\"519\" height=\"292\" src=\"https:\/\/justicapotiguar.com.br\/wp-content\/uploads\/2021\/02\/image-2.jpeg\" alt=\"\" class=\"wp-image-16884\" srcset=\"https:\/\/justicapotiguar.com.br\/wp-content\/uploads\/2021\/02\/image-2.jpeg 519w, https:\/\/justicapotiguar.com.br\/wp-content\/uploads\/2021\/02\/image-2-300x169.jpeg 300w\" sizes=\"(max-width: 519px) 100vw, 519px\" \/><\/figure>\n\n\n\n<p>\u201cO Justi\u00e7a 4.0 traz todo o potencial que a tecnologia pode oferecer, com mais efici\u00eancia para a presta\u00e7\u00e3o jurisdicional, marcada pela utiliza\u00e7\u00e3o da Intelig\u00eancia Artificial\u201d, salienta o presidente do Conselho e do Supremo Tribunal Federal. A iniciativa vai permitir, em sua percep\u00e7\u00e3o, que os tribunais sejam eficientes e realizadores diante dos desafios. \u00c9 importante na vis\u00e3o do magistrado \u201creduzir custos e propiciar acesso do cidad\u00e3o a uma Justi\u00e7a, de maneira mais c\u00e9lere\u201d, refor\u00e7a o ministro.<\/p>\n\n\n\n<p>O presidente do CNJ mencionou que no STF, por meio de amostragem, foi poss\u00edvel conhecer o dado de que em cinco segundos, a Intelig\u00eancia Artificial realiza o trabalho de 100 servidores, que levaria um dia inteiro para ser conclu\u00eddo. Mas isso n\u00e3o invalida nem representa que o humano n\u00e3o vai estar presente no processo. \u201cAcredito que haver\u00e1 coexist\u00eancia entre a intelig\u00eancia humana e a intelig\u00eancia artificial\u201d, vislumbra o dirigente do Judici\u00e1rio nacional. E disse que utilizaria uma vis\u00e3o de cinema para simplificar sua vis\u00e3o sobre o assunto. \u201cHaver\u00e1 sempre uma m\u00e3o que ir\u00e1 balan\u00e7ar o ber\u00e7o\u201d, ressaltando que o servidor e os magistrados ter\u00e3o de se aperfei\u00e7oar em rela\u00e7\u00e3o \u00e0 via digital.<\/p><div class=\"veojp69f2b02cf117c\" ><!--<a href=\"https:\/\/bit.ly\/3QdrqTZ\" target=\"_blank\">\n<img src=\"https:\/\/justicapotiguar.com.br\/wp-content\/uploads\/2023\/09\/mobile-geral.gif\"\/><a\/>--><\/div><style type=\"text\/css\">\r\n.veojp69f2b02cf117c {\r\ntext-align: center;\r\n}\r\n@media screen and (min-width: 1201px) {\r\n.veojp69f2b02cf117c {\r\ndisplay: none;\r\n}\r\n}\r\n@media screen and (min-width: 993px) and (max-width: 1200px) {\r\n.veojp69f2b02cf117c {\r\ndisplay: none;\r\n}\r\n}\r\n@media screen and (min-width: 769px) and (max-width: 992px) {\r\n.veojp69f2b02cf117c {\r\ndisplay: none;\r\n}\r\n}\r\n@media screen and (min-width: 768px) and (max-width: 768px) {\r\n.veojp69f2b02cf117c {\r\ndisplay: block;\r\n}\r\n}\r\n@media screen and (max-width: 767px) {\r\n.veojp69f2b02cf117c {\r\ndisplay: block;\r\n}\r\n}\r\n<\/style>\r\n<div class=\"ylazl69f2b02cf114c\" ><!--<a href=\"https:\/\/bit.ly\/3QdrqTZ\" target=\"_blank\">\n<img src=\"https:\/\/justicapotiguar.com.br\/wp-content\/uploads\/2023\/09\/desktop-geral.gif\"\/><a\/>--><\/div><style type=\"text\/css\">\r\n.ylazl69f2b02cf114c {\r\ntext-align: center;\nmargin-bottom: 1em;\r\n}\r\n@media screen and (min-width: 1201px) {\r\n.ylazl69f2b02cf114c {\r\ndisplay: block;\r\n}\r\n}\r\n@media screen and (min-width: 993px) and (max-width: 1200px) {\r\n.ylazl69f2b02cf114c {\r\ndisplay: block;\r\n}\r\n}\r\n@media screen and (min-width: 769px) and (max-width: 992px) {\r\n.ylazl69f2b02cf114c {\r\ndisplay: block;\r\n}\r\n}\r\n@media screen and (min-width: 768px) and (max-width: 768px) {\r\n.ylazl69f2b02cf114c {\r\ndisplay: none;\r\n}\r\n}\r\n@media screen and (max-width: 767px) {\r\n.ylazl69f2b02cf114c {\r\ndisplay: none;\r\n}\r\n}\r\n<\/style>\r\n\n\n\n\n<p>A realidade do avan\u00e7o da automa\u00e7\u00e3o do processo eletr\u00f4nico nos tribunais \u00e9 algo inexor\u00e1vel, deixa claro o ministro Fux. O mote do uso da Intelig\u00eancia Artificial vai melhorar o combate \u00e0 corrup\u00e7\u00e3o, inclusive no cruzamento de dados, oferecendo subs\u00eddios para o trabalho de magistrados e servidores. Haver\u00e1, segundo ele, a transfer\u00eancia aos tribunais parceiros de todas essas inova\u00e7\u00f5es e apoio na elabora\u00e7\u00e3o de estrat\u00e9gias, para que possam utilizar essas ferramentas. Ele tamb\u00e9m antev\u00ea a tend\u00eancia de que o sistema Processo Judicial Eletr\u00f4nico (PJe) se tornar\u00e1 uma plataforma multiservi\u00e7os no Judici\u00e1rio brasileiro.<\/p>\n\n\n\n<p>Fux agradeceu a contribui\u00e7\u00e3o do Conselho da Justi\u00e7a Federal e destacou que esta institui\u00e7\u00e3o e o CNJ ter\u00e3o recursos para essas iniciativas ligadas ao Justi\u00e7a 4.0, al\u00e9m de contar com o apoio do Programa das Na\u00e7\u00f5es Unidas para o Desenvolvimento (PNUD). \u201cOs tribunais n\u00e3o ter\u00e3o custos com o programa\u201d, resume o ministro.<\/p>\n\n\n\n<p><strong>Termos de coopera\u00e7\u00e3o com o TJRN<\/strong><\/p>\n\n\n\n<p>Durante o Webin\u00e1rio, o CNJ e o TJRN celebraram, por meio de seus presidentes, o ministro Luiz Fux e o desembargador Vivaldo Pinheiro, termos de coopera\u00e7\u00e3o t\u00e9cnica. Um deles visa a conjuga\u00e7\u00e3o de esfor\u00e7os entre as duas institui\u00e7\u00f5es para a implanta\u00e7\u00e3o da Plataforma Digital do Poder Judici\u00e1rio Brasileiro &#8211; PDPJ-Br no Tribunal potiguar. Quanto a este acordo, caber\u00e1 ao Conselho Nacional de Justi\u00e7a disponibilizar infraestrutura tecnol\u00f3gica, caso necess\u00e1ria, para manuten\u00e7\u00e3o da plataforma. Ao TJ, uma das obriga\u00e7\u00f5es \u00e9 a de manter grupo de trabalho para a elabora\u00e7\u00e3o de estudos, cronograma e realiza\u00e7\u00e3o da implanta\u00e7\u00e3o das solu\u00e7\u00f5es p\u00fablicas do Tribunal visando \u00e0 disponibiliza\u00e7\u00e3o na PDPJ. A vig\u00eancia do termo \u00e9 de 24 meses, podendo ser prorrogado at\u00e9 o limite de 60 meses.<\/p>\n\n\n\n<p>O outro termo envolve esfor\u00e7os conjuntos do Conselho e do Poder Judici\u00e1rio norte-rio-grandense para o desenvolvimento e uso colaborativo dos produtos, projetos e servi\u00e7os do \u201cPrograma Justi\u00e7a 4.0 \u2013 Inova\u00e7\u00e3o e efetividade na realiza\u00e7\u00e3o da Justi\u00e7a para todos\u201d. Os produtos, projetos e servi\u00e7os do \u201cPrograma Justi\u00e7a 4.0 \u2013 Inova\u00e7\u00e3o e efetividade na realiza\u00e7\u00e3o da Justi\u00e7a para todos\u201d, a serem disponibilizados ao Tribunal ser\u00e3o desenvolvidos pelo Programa das Na\u00e7\u00f5es Unidas para o Desenvolvimento \u2013 PNUD, em parceria com o CNJ, nos termos do Acordo de Coopera\u00e7\u00e3o T\u00e9cnica n\u00ba 51\/2020, firmado entre o \u00f3rg\u00e3o e PNUD, com o \u201cobjetivo geral de desenvolver estrat\u00e9gias, estudos, metodologias e a\u00e7\u00f5es com o foco na promo\u00e7\u00e3o da inova\u00e7\u00e3o e transforma\u00e7\u00e3o digital para amplia\u00e7\u00e3o do acesso \u00e0 Justi\u00e7a no Brasil.\u201d<\/p>\n","protected":false},"excerpt":{"rendered":"<p>Ao fazer o lan\u00e7amento, nesta quarta-feira (24), do Programa Justi\u00e7a 4.0, durante o Webin\u00e1rio promovido pelo Conselho Nacional de Justi\u00e7a e o TJRN, o presidente do CNJ e do Supremo Tribunal Federal (STF), ministro Luiz Fux, destacou que esta iniciativa pode ser sintetizada no bin\u00f4mio \u201cInova\u00e7\u00e3o e Efetividade\u201d. Ele celebrou a parceria com o Tribunal<br \/><a class=\"more-link\" href=\"https:\/\/justicapotiguar.com.br\/index.php\/2021\/02\/24\/justica-4-0-sintetiza-binomio-inovacao-e-efetividade-destaca-ministro-luiz-fux-ao-lancar-programa-com-o-tjrn\/\">Mais&#8230;<\/a><\/p>\n","protected":false},"author":5,"featured_media":6757,"comment_status":"open","ping_status":"open","sticky":false,"template":"","format":"standard","meta":[],"categories":[3],"tags":[],"_links":{"self":[{"href":"https:\/\/justicapotiguar.com.br\/index.php\/wp-json\/wp\/v2\/posts\/16883"}],"collection":[{"href":"https:\/\/justicapotiguar.com.br\/index.php\/wp-json\/wp\/v2\/posts"}],"about":[{"href":"https:\/\/justicapotiguar.com.br\/index.php\/wp-json\/wp\/v2\/types\/post"}],"author":[{"embeddable":true,"href":"https:\/\/justicapotiguar.com.br\/index.php\/wp-json\/wp\/v2\/users\/5"}],"replies":[{"embeddable":true,"href":"https:\/\/justicapotiguar.com.br\/index.php\/wp-json\/wp\/v2\/comments?post=16883"}],"version-history":[{"count":1,"href":"https:\/\/justicapotiguar.com.br\/index.php\/wp-json\/wp\/v2\/posts\/16883\/revisions"}],"predecessor-version":[{"id":16885,"href":"https:\/\/justicapotiguar.com.br\/index.php\/wp-json\/wp\/v2\/posts\/16883\/revisions\/16885"}],"wp:featuredmedia":[{"embeddable":true,"href":"https:\/\/justicapotiguar.com.br\/index.php\/wp-json\/wp\/v2\/media\/6757"}],"wp:attachment":[{"href":"https:\/\/justicapotiguar.com.br\/index.php\/wp-json\/wp\/v2\/media?parent=16883"}],"wp:term":[{"taxonomy":"category","embeddable":true,"href":"https:\/\/justicapotiguar.com.br\/index.php\/wp-json\/wp\/v2\/categories?post=16883"},{"taxonomy":"post_tag","embeddable":true,"href":"https:\/\/justicapotiguar.com.br\/index.php\/wp-json\/wp\/v2\/tags?post=16883"}],"curies":[{"name":"wp","href":"https:\/\/api.w.org\/{rel}","templated":true}]}}