{"id":16877,"date":"2021-02-24T13:57:31","date_gmt":"2021-02-24T16:57:31","guid":{"rendered":"https:\/\/justicapotiguar.com.br\/?p=16877"},"modified":"2021-02-24T13:57:31","modified_gmt":"2021-02-24T16:57:31","slug":"desembargador-que-humilhou-guarda-alega-mal-psiquiatrico-para-nao-pagar-indenizacao-de-r-20-mil","status":"publish","type":"post","link":"https:\/\/justicapotiguar.com.br\/index.php\/2021\/02\/24\/desembargador-que-humilhou-guarda-alega-mal-psiquiatrico-para-nao-pagar-indenizacao-de-r-20-mil\/","title":{"rendered":"Desembargador que humilhou guarda alega &#8220;mal psiqui\u00e1trico&#8221; para n\u00e3o pagar indeniza\u00e7\u00e3o de R$ 20 mil"},"content":{"rendered":"\n<p>O desembargador do TJ\/SP Eduardo Siqueira, que ficou conhecido por&nbsp;<a href=\"https:\/\/migalhas.uol.com.br\/quentes\/330891\/desembargador-paulista-chama-guarda-municipal-de-analfabeto-apos-ser-advertido-por-estar-sem-mascara--cnj-vai-apurar\" target=\"_blank\" rel=\"noreferrer noopener\">humilhar<\/a>&nbsp;um guarda municipal em Santos ap\u00f3s ser multado por caminhar sem m\u00e1scara, recorreu da&nbsp;<a href=\"https:\/\/migalhas.uol.com.br\/quentes\/339301\/desembargador-da-carteirada-indenizara-guarda-em-r-20-mil\" target=\"_blank\" rel=\"noreferrer noopener\">decis\u00e3o<\/a>&nbsp;que o condenou ao pagamento de R$ 20 mil por danos morais. A defesa do magistrado alegou que ele sofre de &#8220;mal psiqui\u00e1trico&#8221; e que estava sendo acompanhado por m\u00e9dico, que lhe prescreveu medicamentos para controle de seu estado emocional.<\/p>\n\n\n\n<p>As informa\u00e7\u00f5es foram divulgadas pelo G1.<\/p>\n\n\n\n<figure class=\"wp-block-image\"><img src=\"https:\/\/img2.migalhas.uol.com.br\/_MEDPROC_\/https__img1.migalhas.uol.com.br__SL__gf_base__SL__empresas__SL__MIGA__SL__imagens__SL__2021__SL__02__SL__24__SL__41fa4a7c-51c1-4788-95a4-d875d670ae1f.jpg._PROC_CP75.jpg\" alt=\"(Imagem: Reprodu\u00e7\u00e3o\/YouTube)\" title=\"(Imagem: Reprodu\u00e7\u00e3o\/YouTube)\"\/><\/figure>\n\n\n\n<p>(Imagem: Reprodu\u00e7\u00e3o\/YouTube)<\/p>\n\n\n\n<p>A defesa afirma ainda:&nbsp;<em>&#8220;No entanto, no dia do incidente, estava o apelante privado da medica\u00e7\u00e3o em fun\u00e7\u00e3o da pandemia, o que alterou ainda mais seu estado an\u00edmico. \u00c9 evidente que todos esses fatos, que seriam comprovados durante a instru\u00e7\u00e3o do processo pela produ\u00e7\u00e3o da prova oral, alterariam completamente o resultado da demanda, o que foi vedado pela senten\u00e7a&#8221;.<\/em><\/p>\n\n\n\n<p>Ainda de acordo com o documento, Siqueira teria usado express\u00f5es que,&nbsp;<em>&#8220;no calor do momento, e diante de todo o hist\u00f3rico por ele vivido com a GCM, foram proferidas at\u00e9 de modo impensado, mas sem qualquer objetivo de agress\u00e3o ou menosprezo pelas pessoas&#8221;.<\/em><\/p>\n\n\n\n<p><strong>Relembre o caso<\/strong><\/p><div class=\"zvyba69f2d5bee2090\" ><!--<a href=\"https:\/\/bit.ly\/3QdrqTZ\" target=\"_blank\">\n<img src=\"https:\/\/justicapotiguar.com.br\/wp-content\/uploads\/2023\/09\/mobile-geral.gif\"\/><a\/>--><\/div><style type=\"text\/css\">\r\n.zvyba69f2d5bee2090 {\r\ntext-align: center;\r\n}\r\n@media screen and (min-width: 1201px) {\r\n.zvyba69f2d5bee2090 {\r\ndisplay: none;\r\n}\r\n}\r\n@media screen and (min-width: 993px) and (max-width: 1200px) {\r\n.zvyba69f2d5bee2090 {\r\ndisplay: none;\r\n}\r\n}\r\n@media screen and (min-width: 769px) and (max-width: 992px) {\r\n.zvyba69f2d5bee2090 {\r\ndisplay: none;\r\n}\r\n}\r\n@media screen and (min-width: 768px) and (max-width: 768px) {\r\n.zvyba69f2d5bee2090 {\r\ndisplay: block;\r\n}\r\n}\r\n@media screen and (max-width: 767px) {\r\n.zvyba69f2d5bee2090 {\r\ndisplay: block;\r\n}\r\n}\r\n<\/style>\r\n<div class=\"sdgln69f2d5bee2073\" ><!--<a href=\"https:\/\/bit.ly\/3QdrqTZ\" target=\"_blank\">\n<img src=\"https:\/\/justicapotiguar.com.br\/wp-content\/uploads\/2023\/09\/desktop-geral.gif\"\/><a\/>--><\/div><style type=\"text\/css\">\r\n.sdgln69f2d5bee2073 {\r\ntext-align: center;\nmargin-bottom: 1em;\r\n}\r\n@media screen and (min-width: 1201px) {\r\n.sdgln69f2d5bee2073 {\r\ndisplay: block;\r\n}\r\n}\r\n@media screen and (min-width: 993px) and (max-width: 1200px) {\r\n.sdgln69f2d5bee2073 {\r\ndisplay: block;\r\n}\r\n}\r\n@media screen and (min-width: 769px) and (max-width: 992px) {\r\n.sdgln69f2d5bee2073 {\r\ndisplay: block;\r\n}\r\n}\r\n@media screen and (min-width: 768px) and (max-width: 768px) {\r\n.sdgln69f2d5bee2073 {\r\ndisplay: none;\r\n}\r\n}\r\n@media screen and (max-width: 767px) {\r\n.sdgln69f2d5bee2073 {\r\ndisplay: none;\r\n}\r\n}\r\n<\/style>\r\n\n\n\n\n<p>Em janeiro, o juiz de Direito Jos\u00e9 Alonso Beltrame J\u00fanior, da 10\u00aa vara C\u00edvel de Santos, condenou o desembargador ao pagamento de R$ 20 mil ao guarda que foi humilhado.<\/p>\n\n\n\n<p>Ao analisar o caso, o magistrado considerou que, constitucional ou n\u00e3o a exig\u00eancia do uso de m\u00e1scaras ou a possibilidade de aplica\u00e7\u00e3o de multas, \u00e9 fato que houve a atitude desrespeitosa, ofensiva e desproporcional.<\/p>\n\n\n\n<p>Para o julgador, a s\u00e9rie de posturas teve potencial para humilhar e menosprezar o guarda municipal que atuava no exerc\u00edcio da fun\u00e7\u00e3o de cobrar da popula\u00e7\u00e3o posturas tendentes a minimizar os efeitos da pandemia.<\/p>\n\n\n\n<p><em>&#8220;Foram superados os limites do razo\u00e1vel, quando o requerente foi tratado como analfabeto, menosprezando-se sua pessoa e fun\u00e7\u00e3o em diversos momentos. (&#8230;) Poss\u00edveis situa\u00e7\u00f5es antecedentes enfrentadas pelo requerido n\u00e3o se prestam para justificar as posturas narradas na inicial ou afastar responsabilidades pelo acontecido.&#8221;<\/em><\/p>\n\n\n\n<ul><li>Processo:\u00a0<a rel=\"noreferrer noopener\" href=\"https:\/\/esaj.tjsp.jus.br\/cpopg\/show.do?processo.codigo=FM000L7VR0000&amp;processo.foro=562&amp;processo.numero=1020312-45.2020.8.26.0562&amp;uuidCaptcha=sajcaptcha_8b28631459fe462a88fa585cc71d0508\" target=\"_blank\">1020312-45.2020.8.26.0562<\/a><\/li><\/ul>\n\n\n\n<p>Migalhas<\/p>\n","protected":false},"excerpt":{"rendered":"<p>O desembargador do TJ\/SP Eduardo Siqueira, que ficou conhecido por&nbsp;humilhar&nbsp;um guarda municipal em Santos ap\u00f3s ser multado por caminhar sem m\u00e1scara, recorreu da&nbsp;decis\u00e3o&nbsp;que o condenou ao pagamento de R$ 20 mil por danos morais. A defesa do magistrado alegou que ele sofre de &#8220;mal psiqui\u00e1trico&#8221; e que estava sendo acompanhado por m\u00e9dico, que lhe prescreveu<br \/><a class=\"more-link\" href=\"https:\/\/justicapotiguar.com.br\/index.php\/2021\/02\/24\/desembargador-que-humilhou-guarda-alega-mal-psiquiatrico-para-nao-pagar-indenizacao-de-r-20-mil\/\">Mais&#8230;<\/a><\/p>\n","protected":false},"author":5,"featured_media":9340,"comment_status":"open","ping_status":"open","sticky":false,"template":"","format":"standard","meta":[],"categories":[3],"tags":[],"_links":{"self":[{"href":"https:\/\/justicapotiguar.com.br\/index.php\/wp-json\/wp\/v2\/posts\/16877"}],"collection":[{"href":"https:\/\/justicapotiguar.com.br\/index.php\/wp-json\/wp\/v2\/posts"}],"about":[{"href":"https:\/\/justicapotiguar.com.br\/index.php\/wp-json\/wp\/v2\/types\/post"}],"author":[{"embeddable":true,"href":"https:\/\/justicapotiguar.com.br\/index.php\/wp-json\/wp\/v2\/users\/5"}],"replies":[{"embeddable":true,"href":"https:\/\/justicapotiguar.com.br\/index.php\/wp-json\/wp\/v2\/comments?post=16877"}],"version-history":[{"count":1,"href":"https:\/\/justicapotiguar.com.br\/index.php\/wp-json\/wp\/v2\/posts\/16877\/revisions"}],"predecessor-version":[{"id":16878,"href":"https:\/\/justicapotiguar.com.br\/index.php\/wp-json\/wp\/v2\/posts\/16877\/revisions\/16878"}],"wp:featuredmedia":[{"embeddable":true,"href":"https:\/\/justicapotiguar.com.br\/index.php\/wp-json\/wp\/v2\/media\/9340"}],"wp:attachment":[{"href":"https:\/\/justicapotiguar.com.br\/index.php\/wp-json\/wp\/v2\/media?parent=16877"}],"wp:term":[{"taxonomy":"category","embeddable":true,"href":"https:\/\/justicapotiguar.com.br\/index.php\/wp-json\/wp\/v2\/categories?post=16877"},{"taxonomy":"post_tag","embeddable":true,"href":"https:\/\/justicapotiguar.com.br\/index.php\/wp-json\/wp\/v2\/tags?post=16877"}],"curies":[{"name":"wp","href":"https:\/\/api.w.org\/{rel}","templated":true}]}}