{"id":16873,"date":"2021-02-24T12:45:02","date_gmt":"2021-02-24T15:45:02","guid":{"rendered":"https:\/\/justicapotiguar.com.br\/?p=16873"},"modified":"2021-02-24T11:55:06","modified_gmt":"2021-02-24T14:55:06","slug":"justica-manda-mg-pagar-r-21-milhoes-a-familia-de-aecio-por-aerodromo-construido-quando-era-governador","status":"publish","type":"post","link":"https:\/\/justicapotiguar.com.br\/index.php\/2021\/02\/24\/justica-manda-mg-pagar-r-21-milhoes-a-familia-de-aecio-por-aerodromo-construido-quando-era-governador\/","title":{"rendered":"Justi\u00e7a manda MG pagar R$ 2,1 milh\u00f5es \u00e0 fam\u00edlia de A\u00e9cio por aer\u00f3dromo constru\u00eddo quando era governador"},"content":{"rendered":"\n<figure class=\"wp-block-image size-large\"><img loading=\"lazy\" width=\"868\" height=\"644\" src=\"https:\/\/justicapotiguar.com.br\/wp-content\/uploads\/2021\/02\/AecioNeves-98-868x644-1.jpg\" alt=\"\" class=\"wp-image-16874\" srcset=\"https:\/\/justicapotiguar.com.br\/wp-content\/uploads\/2021\/02\/AecioNeves-98-868x644-1.jpg 868w, https:\/\/justicapotiguar.com.br\/wp-content\/uploads\/2021\/02\/AecioNeves-98-868x644-1-300x223.jpg 300w, https:\/\/justicapotiguar.com.br\/wp-content\/uploads\/2021\/02\/AecioNeves-98-868x644-1-768x570.jpg 768w\" sizes=\"(max-width: 868px) 100vw, 868px\" \/><figcaption>. Foto: S\u00e9rgio Lima\/PODER 360<\/figcaption><\/figure>\n\n\n\n<p>A fam\u00edlia do deputado&nbsp;<a href=\"https:\/\/eleicoes.poder360.com.br\/candidato\/33847#2018\">A\u00e9cio Neves (PSDB-MG)<\/a>&nbsp;vai receber uma indeniza\u00e7\u00e3o de R$ 2,1 milh\u00f5es do Estado de Minas Gerais pelas terras pertencentes aos Neves que foram incorporadas ao aer\u00f3dromo da cidade de Cl\u00e1udio. A decis\u00e3o da 1\u00aa Inst\u00e2ncia dobrou o valor inicialmente estipulado pelas \u00e1reas.<\/p>\n\n\n\n<p>Quase metade do valor j\u00e1 foi pago \u00e0 fam\u00edlia no in\u00edcio da obra. Agora, o Estado precisa desembolsar mais de R$ 1,1 milh\u00e3o para a fam\u00edlia do deputado. O valor ainda pode aumentar com os juros compensat\u00f3rios de 6% ao ano. O Estado ainda pode recorrer da decis\u00e3o.<\/p>\n\n\n\n<p>Quase metade do valor j\u00e1 foi pago \u00e0 fam\u00edlia no in\u00edcio da obra. Agora, o Estado precisa desembolsar mais de R$ 1,1 milh\u00e3o para a fam\u00edlia do deputado. O valor ainda pode aumentar com os juros compensat\u00f3rios de 6% ao ano. O Estado ainda pode recorrer da decis\u00e3o.<\/p>\n\n\n\n<p>O aer\u00f3dromo de Cl\u00e1udio foi constru\u00eddo na \u00e9poca em que A\u00e9cio era governador de Minas Gerais. A obra, realizada em 2010, no fim do 2\u00ba mandato do ent\u00e3o governador, custou cerca de R$ 14 milh\u00f5es para os cofres p\u00fablicos. A escolha do local para a constru\u00e7\u00e3o foi do pr\u00f3prio governo, que afirmou ser uma quest\u00e3o de utilidade p\u00fablica.<\/p>\n\n\n\n<p>Constru\u00eddo dentro de uma fazenda do tio de A\u00e9cio, o aer\u00f3dromo funcionava quase como uma pista de pouso particular. O pol\u00edtico utilizava o local sempre que estava na cidade, que fica 150 quil\u00f4metros da capital, Belo Horizonte. Al\u00e9m disso, as chaves que davam acesso \u00e0 pista ficavam com a fam\u00edlia do deputado, e n\u00e3o com o poder p\u00fablico.<\/p><div class=\"psywj69f2d0957322d\" ><!--<a href=\"https:\/\/bit.ly\/3QdrqTZ\" target=\"_blank\">\n<img src=\"https:\/\/justicapotiguar.com.br\/wp-content\/uploads\/2023\/09\/mobile-geral.gif\"\/><a\/>--><\/div><style type=\"text\/css\">\r\n.psywj69f2d0957322d {\r\ntext-align: center;\r\n}\r\n@media screen and (min-width: 1201px) {\r\n.psywj69f2d0957322d {\r\ndisplay: none;\r\n}\r\n}\r\n@media screen and (min-width: 993px) and (max-width: 1200px) {\r\n.psywj69f2d0957322d {\r\ndisplay: none;\r\n}\r\n}\r\n@media screen and (min-width: 769px) and (max-width: 992px) {\r\n.psywj69f2d0957322d {\r\ndisplay: none;\r\n}\r\n}\r\n@media screen and (min-width: 768px) and (max-width: 768px) {\r\n.psywj69f2d0957322d {\r\ndisplay: block;\r\n}\r\n}\r\n@media screen and (max-width: 767px) {\r\n.psywj69f2d0957322d {\r\ndisplay: block;\r\n}\r\n}\r\n<\/style>\r\n<div class=\"qmmwi69f2d09573215\" ><!--<a href=\"https:\/\/bit.ly\/3QdrqTZ\" target=\"_blank\">\n<img src=\"https:\/\/justicapotiguar.com.br\/wp-content\/uploads\/2023\/09\/desktop-geral.gif\"\/><a\/>--><\/div><style type=\"text\/css\">\r\n.qmmwi69f2d09573215 {\r\ntext-align: center;\nmargin-bottom: 1em;\r\n}\r\n@media screen and (min-width: 1201px) {\r\n.qmmwi69f2d09573215 {\r\ndisplay: block;\r\n}\r\n}\r\n@media screen and (min-width: 993px) and (max-width: 1200px) {\r\n.qmmwi69f2d09573215 {\r\ndisplay: block;\r\n}\r\n}\r\n@media screen and (min-width: 769px) and (max-width: 992px) {\r\n.qmmwi69f2d09573215 {\r\ndisplay: block;\r\n}\r\n}\r\n@media screen and (min-width: 768px) and (max-width: 768px) {\r\n.qmmwi69f2d09573215 {\r\ndisplay: none;\r\n}\r\n}\r\n@media screen and (max-width: 767px) {\r\n.qmmwi69f2d09573215 {\r\ndisplay: none;\r\n}\r\n}\r\n<\/style>\r\n\n\n\n\n<p>Atualmente, a Prefeitura de Cl\u00e1udio \u00e9 a respons\u00e1vel pela administra\u00e7\u00e3o do aer\u00f3dromo. Aeronaves de pequeno porte podem utilizar a \u00e1rea, que agora se tornou p\u00fablica.<\/p>\n\n\n\n<p>Desde 2018, o MP-MG (Minist\u00e9rio P\u00fablico de Minas Gerais) tem um inqu\u00e9rito que investiga o superfaturamento da obra em Cl\u00e1udio. Nenhum resultado foi divulgado at\u00e9 o momento. Outras investiga\u00e7\u00f5es sobre o caso no mesmo \u00f3rg\u00e3o foram arquivadas.<\/p>\n\n\n\n<p>Poder 360<\/p>\n\n\n\n<p><\/p>\n","protected":false},"excerpt":{"rendered":"<p>A fam\u00edlia do deputado&nbsp;A\u00e9cio Neves (PSDB-MG)&nbsp;vai receber uma indeniza\u00e7\u00e3o de R$ 2,1 milh\u00f5es do Estado de Minas Gerais pelas terras pertencentes aos Neves que foram incorporadas ao aer\u00f3dromo da cidade de Cl\u00e1udio. A decis\u00e3o da 1\u00aa Inst\u00e2ncia dobrou o valor inicialmente estipulado pelas \u00e1reas. Quase metade do valor j\u00e1 foi pago \u00e0 fam\u00edlia no in\u00edcio<br \/><a class=\"more-link\" href=\"https:\/\/justicapotiguar.com.br\/index.php\/2021\/02\/24\/justica-manda-mg-pagar-r-21-milhoes-a-familia-de-aecio-por-aerodromo-construido-quando-era-governador\/\">Mais&#8230;<\/a><\/p>\n","protected":false},"author":5,"featured_media":16874,"comment_status":"open","ping_status":"open","sticky":false,"template":"","format":"standard","meta":[],"categories":[3],"tags":[],"_links":{"self":[{"href":"https:\/\/justicapotiguar.com.br\/index.php\/wp-json\/wp\/v2\/posts\/16873"}],"collection":[{"href":"https:\/\/justicapotiguar.com.br\/index.php\/wp-json\/wp\/v2\/posts"}],"about":[{"href":"https:\/\/justicapotiguar.com.br\/index.php\/wp-json\/wp\/v2\/types\/post"}],"author":[{"embeddable":true,"href":"https:\/\/justicapotiguar.com.br\/index.php\/wp-json\/wp\/v2\/users\/5"}],"replies":[{"embeddable":true,"href":"https:\/\/justicapotiguar.com.br\/index.php\/wp-json\/wp\/v2\/comments?post=16873"}],"version-history":[{"count":1,"href":"https:\/\/justicapotiguar.com.br\/index.php\/wp-json\/wp\/v2\/posts\/16873\/revisions"}],"predecessor-version":[{"id":16875,"href":"https:\/\/justicapotiguar.com.br\/index.php\/wp-json\/wp\/v2\/posts\/16873\/revisions\/16875"}],"wp:featuredmedia":[{"embeddable":true,"href":"https:\/\/justicapotiguar.com.br\/index.php\/wp-json\/wp\/v2\/media\/16874"}],"wp:attachment":[{"href":"https:\/\/justicapotiguar.com.br\/index.php\/wp-json\/wp\/v2\/media?parent=16873"}],"wp:term":[{"taxonomy":"category","embeddable":true,"href":"https:\/\/justicapotiguar.com.br\/index.php\/wp-json\/wp\/v2\/categories?post=16873"},{"taxonomy":"post_tag","embeddable":true,"href":"https:\/\/justicapotiguar.com.br\/index.php\/wp-json\/wp\/v2\/tags?post=16873"}],"curies":[{"name":"wp","href":"https:\/\/api.w.org\/{rel}","templated":true}]}}