{"id":16861,"date":"2021-02-23T21:48:31","date_gmt":"2021-02-24T00:48:31","guid":{"rendered":"https:\/\/justicapotiguar.com.br\/?p=16861"},"modified":"2021-02-23T21:48:31","modified_gmt":"2021-02-24T00:48:31","slug":"covid-19-tjrn-suspende-audiencias-presenciais-e-prazos-de-processos-fisicos-ate-1o-de-marco","status":"publish","type":"post","link":"https:\/\/justicapotiguar.com.br\/index.php\/2021\/02\/23\/covid-19-tjrn-suspende-audiencias-presenciais-e-prazos-de-processos-fisicos-ate-1o-de-marco\/","title":{"rendered":"Covid-19: TJRN suspende audi\u00eancias presenciais e prazos de processos f\u00edsicos at\u00e9 1\u00ba de mar\u00e7o"},"content":{"rendered":"\n<figure class=\"wp-block-image size-large\"><img loading=\"lazy\" width=\"750\" height=\"500\" src=\"https:\/\/justicapotiguar.com.br\/wp-content\/uploads\/2019\/08\/TJRN.jpg\" alt=\"\" class=\"wp-image-145\" srcset=\"https:\/\/justicapotiguar.com.br\/wp-content\/uploads\/2019\/08\/TJRN.jpg 750w, https:\/\/justicapotiguar.com.br\/wp-content\/uploads\/2019\/08\/TJRN-300x200.jpg 300w\" sizes=\"(max-width: 750px) 100vw, 750px\" \/><figcaption>Reprodu\u00e7\u00e3o<\/figcaption><\/figure>\n\n\n\n<p>Em virtude do aumento de casos e do \u00edndice de ocupa\u00e7\u00e3o de leitos cr\u00edticos agora a Covid-19 acima de 80% no estado, o Tribunal de Justi\u00e7a do RN editou portaria com medidas que ir\u00e3o influenciar os prazos processuais e realiza\u00e7\u00e3o de audi\u00eancias presenciais.<\/p>\n\n\n\n<p>Segundo o documento, no per\u00edodo de 24\/02 a 01\/03 ficar\u00e1 limitado a 30% o quantitativo de servidores em trabalho presencial nas unidades judici\u00e1rias. As audi\u00eancias presenciais n\u00e3o urgentes ficam suspensas, exceto as telepresencial. <\/p>\n\n\n\n<p>Os prazos dos processos f\u00edsicos tamb\u00e9m ficar\u00e3o suspensos at\u00e9 1\u00ba de mar\u00e7o.<\/p><div class=\"yuhqs69f33f1623b23\" ><!--<a href=\"https:\/\/bit.ly\/3QdrqTZ\" target=\"_blank\">\n<img src=\"https:\/\/justicapotiguar.com.br\/wp-content\/uploads\/2023\/09\/mobile-geral.gif\"\/><a\/>--><\/div><style type=\"text\/css\">\r\n.yuhqs69f33f1623b23 {\r\ntext-align: center;\r\n}\r\n@media screen and (min-width: 1201px) {\r\n.yuhqs69f33f1623b23 {\r\ndisplay: none;\r\n}\r\n}\r\n@media screen and (min-width: 993px) and (max-width: 1200px) {\r\n.yuhqs69f33f1623b23 {\r\ndisplay: none;\r\n}\r\n}\r\n@media screen and (min-width: 769px) and (max-width: 992px) {\r\n.yuhqs69f33f1623b23 {\r\ndisplay: none;\r\n}\r\n}\r\n@media screen and (min-width: 768px) and (max-width: 768px) {\r\n.yuhqs69f33f1623b23 {\r\ndisplay: block;\r\n}\r\n}\r\n@media screen and (max-width: 767px) {\r\n.yuhqs69f33f1623b23 {\r\ndisplay: block;\r\n}\r\n}\r\n<\/style>\r\n<div class=\"wmkub69f33f1623b0c\" ><!--<a href=\"https:\/\/bit.ly\/3QdrqTZ\" target=\"_blank\">\n<img src=\"https:\/\/justicapotiguar.com.br\/wp-content\/uploads\/2023\/09\/desktop-geral.gif\"\/><a\/>--><\/div><style type=\"text\/css\">\r\n.wmkub69f33f1623b0c {\r\ntext-align: center;\nmargin-bottom: 1em;\r\n}\r\n@media screen and (min-width: 1201px) {\r\n.wmkub69f33f1623b0c {\r\ndisplay: block;\r\n}\r\n}\r\n@media screen and (min-width: 993px) and (max-width: 1200px) {\r\n.wmkub69f33f1623b0c {\r\ndisplay: block;\r\n}\r\n}\r\n@media screen and (min-width: 769px) and (max-width: 992px) {\r\n.wmkub69f33f1623b0c {\r\ndisplay: block;\r\n}\r\n}\r\n@media screen and (min-width: 768px) and (max-width: 768px) {\r\n.wmkub69f33f1623b0c {\r\ndisplay: none;\r\n}\r\n}\r\n@media screen and (max-width: 767px) {\r\n.wmkub69f33f1623b0c {\r\ndisplay: none;\r\n}\r\n}\r\n<\/style>\r\n\n\n\n\n<p>Confira portaria abaixo:<\/p>\n\n\n\n<div class=\"wp-block-file\"><a href=\"https:\/\/justicapotiguar.com.br\/wp-content\/uploads\/2021\/02\/relatorio-1.pdf\">relatorio-1<\/a><a href=\"https:\/\/justicapotiguar.com.br\/wp-content\/uploads\/2021\/02\/relatorio-1.pdf\" class=\"wp-block-file__button\" download>Baixar<\/a><\/div>\n\n\n\n<p><br><br>  <\/p>\n\n\n\n<p><\/p>\n","protected":false},"excerpt":{"rendered":"<p>Em virtude do aumento de casos e do \u00edndice de ocupa\u00e7\u00e3o de leitos cr\u00edticos agora a Covid-19 acima de 80% no estado, o Tribunal de Justi\u00e7a do RN editou portaria com medidas que ir\u00e3o influenciar os prazos processuais e realiza\u00e7\u00e3o de audi\u00eancias presenciais. Segundo o documento, no per\u00edodo de 24\/02 a 01\/03 ficar\u00e1 limitado a<br \/><a class=\"more-link\" href=\"https:\/\/justicapotiguar.com.br\/index.php\/2021\/02\/23\/covid-19-tjrn-suspende-audiencias-presenciais-e-prazos-de-processos-fisicos-ate-1o-de-marco\/\">Mais&#8230;<\/a><\/p>\n","protected":false},"author":5,"featured_media":0,"comment_status":"open","ping_status":"open","sticky":false,"template":"","format":"standard","meta":[],"categories":[1],"tags":[],"_links":{"self":[{"href":"https:\/\/justicapotiguar.com.br\/index.php\/wp-json\/wp\/v2\/posts\/16861"}],"collection":[{"href":"https:\/\/justicapotiguar.com.br\/index.php\/wp-json\/wp\/v2\/posts"}],"about":[{"href":"https:\/\/justicapotiguar.com.br\/index.php\/wp-json\/wp\/v2\/types\/post"}],"author":[{"embeddable":true,"href":"https:\/\/justicapotiguar.com.br\/index.php\/wp-json\/wp\/v2\/users\/5"}],"replies":[{"embeddable":true,"href":"https:\/\/justicapotiguar.com.br\/index.php\/wp-json\/wp\/v2\/comments?post=16861"}],"version-history":[{"count":1,"href":"https:\/\/justicapotiguar.com.br\/index.php\/wp-json\/wp\/v2\/posts\/16861\/revisions"}],"predecessor-version":[{"id":16863,"href":"https:\/\/justicapotiguar.com.br\/index.php\/wp-json\/wp\/v2\/posts\/16861\/revisions\/16863"}],"wp:attachment":[{"href":"https:\/\/justicapotiguar.com.br\/index.php\/wp-json\/wp\/v2\/media?parent=16861"}],"wp:term":[{"taxonomy":"category","embeddable":true,"href":"https:\/\/justicapotiguar.com.br\/index.php\/wp-json\/wp\/v2\/categories?post=16861"},{"taxonomy":"post_tag","embeddable":true,"href":"https:\/\/justicapotiguar.com.br\/index.php\/wp-json\/wp\/v2\/tags?post=16861"}],"curies":[{"name":"wp","href":"https:\/\/api.w.org\/{rel}","templated":true}]}}