{"id":16843,"date":"2021-02-23T16:00:28","date_gmt":"2021-02-23T19:00:28","guid":{"rendered":"https:\/\/justicapotiguar.com.br\/?p=16843"},"modified":"2021-02-23T15:26:19","modified_gmt":"2021-02-23T18:26:19","slug":"maioria-do-stf-autoriza-importacao-de-vacinas-sem-registro-na-anvisa","status":"publish","type":"post","link":"https:\/\/justicapotiguar.com.br\/index.php\/2021\/02\/23\/maioria-do-stf-autoriza-importacao-de-vacinas-sem-registro-na-anvisa\/","title":{"rendered":"Maioria do STF autoriza importa\u00e7\u00e3o de vacinas sem registro na Anvisa"},"content":{"rendered":"\n<p>At\u00e9 o momento, sete ministros do STF j\u00e1 votaram por referendar a&nbsp;<a href=\"https:\/\/migalhas.uol.com.br\/quentes\/338104\/lewandowski-libera-a-estados-e-municipios-importacao-de-vacinas-nao-registradas-na-anvisa\" target=\"_blank\" rel=\"noreferrer noopener\">liminar<\/a>&nbsp;do ministro Ricardo Lewandowski que permitiu a Estados e munic\u00edpios a aquisi\u00e7\u00e3o de vacinas internacionais que j\u00e1 obtiveram a aprova\u00e7\u00e3o de entidades sanit\u00e1rias internacionais de renome, mesmo que ainda n\u00e3o registradas pela Anvisa.<\/p>\n\n\n\n<p>O caso est\u00e1 sendo analisado em plen\u00e1rio virtual. Os ministros t\u00eam at\u00e9 a meia noite desta ter\u00e7a-feira, 23, para votar.<\/p>\n\n\n\n<figure class=\"wp-block-image\"><img src=\"https:\/\/img2.migalhas.uol.com.br\/_MEDPROC_\/https__img1.migalhas.uol.com.br__SL__gf_base__SL__empresas__SL__MIGA__SL__imagens__SL__2021__SL__02__SL__23__SL__e814e779-66ea-40da-a0a7-1d6810dc2a9f.jpg._PROC_CP75.jpg\" alt=\"(Imagem: Pexels)\" title=\"(Imagem: Pexels)\"\/><\/figure>\n\n\n\n<p>(Imagem: Pexels)<\/p>\n\n\n\n<p><strong>Entenda<\/strong><\/p>\n\n\n\n<p>Na ACO&nbsp;<a href=\"http:\/\/portal.stf.jus.br\/processos\/detalhe.asp?incidente=6067919\" target=\"_blank\" rel=\"noreferrer noopener\">3.451<\/a>, o Estado do Maranh\u00e3o acionou o Supremo pedindo para elaborar e implantar um plano de imuniza\u00e7\u00e3o contra a covid-19 por meio de seus pr\u00f3prios \u00f3rg\u00e3os sanit\u00e1rios.<\/p>\n\n\n\n<p>O Estado solicitou tamb\u00e9m que lhe fossem assegurados recursos financeiros suficientes para a compra de vacinas e insumos ou a compensa\u00e7\u00e3o financeira a partir de cr\u00e9ditos que os cofres estaduais t\u00eam com o governo Federal.<\/p>\n\n\n\n<p>J\u00e1 na ADPF&nbsp;<a href=\"http:\/\/portal.stf.jus.br\/processos\/detalhe.asp?incidente=6068402\" target=\"_blank\" rel=\"noreferrer noopener\">770<\/a>, o Conselho Federal da OAB&nbsp;<a href=\"https:\/\/migalhas.uol.com.br\/quentes\/337605\/covid-19--oab-aciona-stf-para-compra-de-vacinas-nao-registradas-na-anvisa\" target=\"_blank\" rel=\"noreferrer noopener\">questionou<\/a>&nbsp;a suposta omiss\u00e3o do governo Federal em fornecer \u00e0 popula\u00e7\u00e3o um plano definitivo nacional de imuniza\u00e7\u00e3o, o registro e o acesso \u00e0 vacina contra a covid-19.PUBLICIDADEhttps:\/\/76ab80fbd002ddfaa70a9e86f414e752.safeframe.googlesyndication.com\/safeframe\/1-0-37\/html\/container.html<\/p>\n\n\n\n<p><strong>Decis\u00e3o<\/strong><\/p><div class=\"avtfc69edfcda04b9b\" ><!--<a href=\"https:\/\/bit.ly\/3QdrqTZ\" target=\"_blank\">\n<img src=\"https:\/\/justicapotiguar.com.br\/wp-content\/uploads\/2023\/09\/mobile-geral.gif\"\/><a\/>--><\/div><style type=\"text\/css\">\r\n.avtfc69edfcda04b9b {\r\ntext-align: center;\r\n}\r\n@media screen and (min-width: 1201px) {\r\n.avtfc69edfcda04b9b {\r\ndisplay: none;\r\n}\r\n}\r\n@media screen and (min-width: 993px) and (max-width: 1200px) {\r\n.avtfc69edfcda04b9b {\r\ndisplay: none;\r\n}\r\n}\r\n@media screen and (min-width: 769px) and (max-width: 992px) {\r\n.avtfc69edfcda04b9b {\r\ndisplay: none;\r\n}\r\n}\r\n@media screen and (min-width: 768px) and (max-width: 768px) {\r\n.avtfc69edfcda04b9b {\r\ndisplay: block;\r\n}\r\n}\r\n@media screen and (max-width: 767px) {\r\n.avtfc69edfcda04b9b {\r\ndisplay: block;\r\n}\r\n}\r\n<\/style>\r\n<div class=\"xsyqw69edfcda04b84\" ><!--<a href=\"https:\/\/bit.ly\/3QdrqTZ\" target=\"_blank\">\n<img src=\"https:\/\/justicapotiguar.com.br\/wp-content\/uploads\/2023\/09\/desktop-geral.gif\"\/><a\/>--><\/div><style type=\"text\/css\">\r\n.xsyqw69edfcda04b84 {\r\ntext-align: center;\nmargin-bottom: 1em;\r\n}\r\n@media screen and (min-width: 1201px) {\r\n.xsyqw69edfcda04b84 {\r\ndisplay: block;\r\n}\r\n}\r\n@media screen and (min-width: 993px) and (max-width: 1200px) {\r\n.xsyqw69edfcda04b84 {\r\ndisplay: block;\r\n}\r\n}\r\n@media screen and (min-width: 769px) and (max-width: 992px) {\r\n.xsyqw69edfcda04b84 {\r\ndisplay: block;\r\n}\r\n}\r\n@media screen and (min-width: 768px) and (max-width: 768px) {\r\n.xsyqw69edfcda04b84 {\r\ndisplay: none;\r\n}\r\n}\r\n@media screen and (max-width: 767px) {\r\n.xsyqw69edfcda04b84 {\r\ndisplay: none;\r\n}\r\n}\r\n<\/style>\r\n\n\n\n\n<p>Em dezembro, Lewandowski&nbsp;<a href=\"https:\/\/migalhas.uol.com.br\/quentes\/338104\/lewandowski-libera-a-estados-e-municipios-importacao-de-vacinas-nao-registradas-na-anvisa\" target=\"_blank\" rel=\"noreferrer noopener\">deferiu<\/a>&nbsp;a liminar em ambos os casos.<\/p>\n\n\n\n<p>Segundo o ministro, embora constitua incumb\u00eancia do minist\u00e9rio da Sa\u00fade coordenar o Plano Nacional de Imuniza\u00e7\u00e3o e definir as vacinas integrantes do calend\u00e1rio nacional, tal atribui\u00e7\u00e3o n\u00e3o exclui a compet\u00eancia dos Estados, do DF e dos munic\u00edpios para adapt\u00e1-los \u00e0s peculiaridades locais.<\/p>\n\n\n\n<p><em>&#8220;Embora o ideal, em se tratando de uma mol\u00e9stia que atinge o Pa\u00eds por inteiro, seja a inclus\u00e3o de todas as vacinas seguras e eficazes no PNI, de maneira a imunizar uniforme e tempestivamente toda a popula\u00e7\u00e3o, o certo \u00e9 que, nos diversos precedentes relativos \u00e0 pandemia causada pela Covid-19, o Supremo Tribunal Federal tem ressaltado a possibilidade de atua\u00e7\u00e3o conjunta das autoridades estaduais e locais para o enfrentamento dessa emerg\u00eancia de sa\u00fade p\u00fablica, em particular para suprir lacunas ou omiss\u00f5es do governo central.&#8221;<\/em><\/p>\n\n\n\n<p>S. Exa. destaca que a defesa da sa\u00fade incumbe n\u00e3o apenas \u00e0 Uni\u00e3o, mas tamb\u00e9m a qualquer das unidades federadas, seja por meio da edi\u00e7\u00e3o de normas legais, respeitadas as suas compet\u00eancias, seja mediante a realiza\u00e7\u00e3o de a\u00e7\u00f5es administrativas, sem que, como regra, dependam da autoriza\u00e7\u00e3o de outros n\u00edveis governamentais para lev\u00e1-las a efeito, cumprindo-lhes, apenas, consultar o interesse p\u00fablico que t\u00eam a obriga\u00e7\u00e3o de preservar.<\/p>\n\n\n\n<p><em>&#8220;Em outros termos, a Constitui\u00e7\u00e3o outorgou a todos os entes federados a compet\u00eancia comum de cuidar da sa\u00fade, compreendida nela a ado\u00e7\u00e3o de quaisquer medidas que se mostrem necess\u00e1rias para salvar vidas e garantir a higidez f\u00edsica das pessoas amea\u00e7adas ou acometidas pela nova mol\u00e9stia, incluindo-se nisso a disponibiliza\u00e7\u00e3o, por parte dos governos estaduais, distrital e municipais, de imunizantes diversos daqueles ofertados pela Uni\u00e3o, desde que aprovados pela Anvisa, caso aqueles se mostrem insuficientes ou sejam ofertados a destempo.&#8221;<\/em><\/p>\n\n\n\n<p>Ao deferir parcialmente a liminar, Lewandowski concluiu que est\u00e1 em jogo &#8220;a sa\u00fade de toda a popula\u00e7\u00e3o brasileira, em tempo de grande ang\u00fastia e perplexidade, agravado por uma inusitada falta de confian\u00e7a nas autoridades sanit\u00e1rias com o nefasto potencial de abalar a coes\u00e3o e harmonia social&#8221;.<\/p>\n\n\n\n<p>J\u00e1 em plen\u00e1rio virtual, o ministro votou por referendar a decis\u00e3o.&nbsp;Edson Fachin, Alexandre de Moraes, Marco Aur\u00e9lio, Gilmar Mendes, Dias Toffoli e C\u00e1rmen L\u00facia j\u00e1 seguiram o entendimento. Quatro ministros ainda n\u00e3o votaram.<\/p>\n\n\n\n<ul><li>Leia o\u00a0<a rel=\"noreferrer noopener\" href=\"https:\/\/www.migalhas.uol.com.br\/arquivos\/2021\/2\/4E013D29EB9C0C_votoadpf.pdf\" target=\"_blank\">voto<\/a>\u00a0na \u00edntegra.<\/li><li>Processos:\u00a0ACO\u00a0<a rel=\"noreferrer noopener\" href=\"http:\/\/portal.stf.jus.br\/processos\/detalhe.asp?incidente=6067919\" target=\"_blank\">3.451<\/a>\u00a0e ADPF\u00a0<a rel=\"noreferrer noopener\" href=\"http:\/\/portal.stf.jus.br\/processos\/detalhe.asp?incidente=6068402\" target=\"_blank\">770<\/a><\/li><\/ul>\n\n\n\n<p>Migalhas<\/p>\n","protected":false},"excerpt":{"rendered":"<p>At\u00e9 o momento, sete ministros do STF j\u00e1 votaram por referendar a&nbsp;liminar&nbsp;do ministro Ricardo Lewandowski que permitiu a Estados e munic\u00edpios a aquisi\u00e7\u00e3o de vacinas internacionais que j\u00e1 obtiveram a aprova\u00e7\u00e3o de entidades sanit\u00e1rias internacionais de renome, mesmo que ainda n\u00e3o registradas pela Anvisa. O caso est\u00e1 sendo analisado em plen\u00e1rio virtual. Os ministros t\u00eam<br \/><a class=\"more-link\" href=\"https:\/\/justicapotiguar.com.br\/index.php\/2021\/02\/23\/maioria-do-stf-autoriza-importacao-de-vacinas-sem-registro-na-anvisa\/\">Mais&#8230;<\/a><\/p>\n","protected":false},"author":5,"featured_media":16057,"comment_status":"open","ping_status":"open","sticky":false,"template":"","format":"standard","meta":[],"categories":[3],"tags":[],"_links":{"self":[{"href":"https:\/\/justicapotiguar.com.br\/index.php\/wp-json\/wp\/v2\/posts\/16843"}],"collection":[{"href":"https:\/\/justicapotiguar.com.br\/index.php\/wp-json\/wp\/v2\/posts"}],"about":[{"href":"https:\/\/justicapotiguar.com.br\/index.php\/wp-json\/wp\/v2\/types\/post"}],"author":[{"embeddable":true,"href":"https:\/\/justicapotiguar.com.br\/index.php\/wp-json\/wp\/v2\/users\/5"}],"replies":[{"embeddable":true,"href":"https:\/\/justicapotiguar.com.br\/index.php\/wp-json\/wp\/v2\/comments?post=16843"}],"version-history":[{"count":1,"href":"https:\/\/justicapotiguar.com.br\/index.php\/wp-json\/wp\/v2\/posts\/16843\/revisions"}],"predecessor-version":[{"id":16844,"href":"https:\/\/justicapotiguar.com.br\/index.php\/wp-json\/wp\/v2\/posts\/16843\/revisions\/16844"}],"wp:featuredmedia":[{"embeddable":true,"href":"https:\/\/justicapotiguar.com.br\/index.php\/wp-json\/wp\/v2\/media\/16057"}],"wp:attachment":[{"href":"https:\/\/justicapotiguar.com.br\/index.php\/wp-json\/wp\/v2\/media?parent=16843"}],"wp:term":[{"taxonomy":"category","embeddable":true,"href":"https:\/\/justicapotiguar.com.br\/index.php\/wp-json\/wp\/v2\/categories?post=16843"},{"taxonomy":"post_tag","embeddable":true,"href":"https:\/\/justicapotiguar.com.br\/index.php\/wp-json\/wp\/v2\/tags?post=16843"}],"curies":[{"name":"wp","href":"https:\/\/api.w.org\/{rel}","templated":true}]}}