{"id":16779,"date":"2021-02-20T12:35:41","date_gmt":"2021-02-20T15:35:41","guid":{"rendered":"https:\/\/justicapotiguar.com.br\/?p=16779"},"modified":"2021-02-20T12:35:41","modified_gmt":"2021-02-20T15:35:41","slug":"decreto-estadual-amplia-medidas-restritivas-para-conter-pandemia-no-rn","status":"publish","type":"post","link":"https:\/\/justicapotiguar.com.br\/index.php\/2021\/02\/20\/decreto-estadual-amplia-medidas-restritivas-para-conter-pandemia-no-rn\/","title":{"rendered":"Decreto estadual amplia medidas restritivas para conter pandemia no RN"},"content":{"rendered":"\n<figure class=\"wp-block-image size-large\"><img loading=\"lazy\" width=\"898\" height=\"533\" src=\"https:\/\/justicapotiguar.com.br\/wp-content\/uploads\/2020\/03\/142329577_s_GraficoCoronvirus.jpg\" alt=\"\" class=\"wp-image-7960\" srcset=\"https:\/\/justicapotiguar.com.br\/wp-content\/uploads\/2020\/03\/142329577_s_GraficoCoronvirus.jpg 898w, https:\/\/justicapotiguar.com.br\/wp-content\/uploads\/2020\/03\/142329577_s_GraficoCoronvirus-300x178.jpg 300w, https:\/\/justicapotiguar.com.br\/wp-content\/uploads\/2020\/03\/142329577_s_GraficoCoronvirus-768x456.jpg 768w\" sizes=\"(max-width: 898px) 100vw, 898px\" \/><figcaption>Ilustrativa<\/figcaption><\/figure>\n\n\n\n<p>O Governo do RN  publicou um novo decreto recomendando a amplia\u00e7\u00e3o de medidas restritivas para conter o avan\u00e7o da pandemia do novo coronav\u00edrus e evitar o colapso na rede de sa\u00fade. As medidas, sugeridas pelo Comit\u00ea Cient\u00edfico, foram discutidas na tarde desta sexta-feira (19) pela governadora F\u00e1tima Bezerra com prefeitos da Regi\u00e3o Metropolitana de Natal e das cidades-polo regionais, com a presen\u00e7a de representantes dos minist\u00e9rios p\u00fablicos Estadual, Federal e do Trabalho e, logo depois, com representantes dos demais poderes.<\/p>\n\n\n\n<p><br>Os participantes da reuni\u00e3o foram un\u00e2nimes em reconhecer que o contexto atual recomenda a ado\u00e7\u00e3o de medidas mais duras pelo poder p\u00fablico no \u00e2mbito da preven\u00e7\u00e3o da doen\u00e7a e preserva\u00e7\u00e3o da vida. Os prefeitos adiantaram que v\u00e3o editar decretos adequando as recomenda\u00e7\u00f5es do Governo do Estado \u00e0s peculiaridades de cada munic\u00edpio. A taxa de ocupa\u00e7\u00e3o de leitos cr\u00edticos (UTI) para Covid no Rio Grande do Norte chegou a 89,5% na Grande Natal, 77,1% no Serid\u00f3 e 76,5% no Oeste no final da tarde desta sexta-feira, 19.<br><\/p>\n\n\n\n<p>O decreto recomenda aos munic\u00edpios, pelo per\u00edodo de 14 dias, a contar da publica\u00e7\u00e3o no Di\u00e1rio Oficial a suspens\u00e3o das seguintes atividades: I &#8211; funcionamento de bares, restaurantes e similares ap\u00f3s as 22h para atendimento ao p\u00fablico e at\u00e9 as 23h apenas para fins de encerramento de suas atividades operacionais; II &#8211; realiza\u00e7\u00e3o de quaisquer festas ou eventos promovidos ou patrocinados por entes p\u00fablicos ou iniciativa privada; III \u2013 comercializa\u00e7\u00e3o de bebidas alco\u00f3licas, bem como seu consumo, em ambientes p\u00fablicos, ap\u00f3s as 22 horas.<br>Al\u00e9m disso, recomenda o estabelecimento de barreiras sanit\u00e1rias e a intensifica\u00e7\u00e3o do monitoramento e rastreio da implementa\u00e7\u00e3o das medidas sanit\u00e1rias nos munic\u00edpios sabidamente tur\u00edsticos do Rio Grande do Norte. Por meio das opera\u00e7\u00f5es do \u201cPrograma Pacto Pela Vida\u201d, o Governo do Estado vai colocar as for\u00e7as de seguran\u00e7a estaduais \u00e0 disposi\u00e7\u00e3o dos munic\u00edpios para coibir aglomera\u00e7\u00f5es, seja em espa\u00e7os p\u00fablicos ou privados, abertos ou fechados, bem como para garantir o cumprimento das medidas sanit\u00e1rias de enfrentamento e preven\u00e7\u00e3o ao novo coronav\u00edrus.<br><\/p>\n\n\n\n<p>&#8220;O Governo do Estado est\u00e1 de prontid\u00e3o, de m\u00e3os dadas com as prefeituras, para que todas as a\u00e7\u00f5es necess\u00e1rias sejam realizadas com vistas \u00e0quilo que \u00e9 central para o povo do Rio Grande do Norte neste momento: evitar aglomera\u00e7\u00f5es. A m\u00e1scara, mais do que nunca, \u00e9 obrigat\u00f3ria&#8221;, disse a governadora F\u00e1tima Bezerra.<\/p><div class=\"iyoad69f2e902cb8c0\" ><!--<a href=\"https:\/\/bit.ly\/3QdrqTZ\" target=\"_blank\">\n<img src=\"https:\/\/justicapotiguar.com.br\/wp-content\/uploads\/2023\/09\/mobile-geral.gif\"\/><a\/>--><\/div><style type=\"text\/css\">\r\n.iyoad69f2e902cb8c0 {\r\ntext-align: center;\r\n}\r\n@media screen and (min-width: 1201px) {\r\n.iyoad69f2e902cb8c0 {\r\ndisplay: none;\r\n}\r\n}\r\n@media screen and (min-width: 993px) and (max-width: 1200px) {\r\n.iyoad69f2e902cb8c0 {\r\ndisplay: none;\r\n}\r\n}\r\n@media screen and (min-width: 769px) and (max-width: 992px) {\r\n.iyoad69f2e902cb8c0 {\r\ndisplay: none;\r\n}\r\n}\r\n@media screen and (min-width: 768px) and (max-width: 768px) {\r\n.iyoad69f2e902cb8c0 {\r\ndisplay: block;\r\n}\r\n}\r\n@media screen and (max-width: 767px) {\r\n.iyoad69f2e902cb8c0 {\r\ndisplay: block;\r\n}\r\n}\r\n<\/style>\r\n<div class=\"alezf69f2e902cb8a0\" ><!--<a href=\"https:\/\/bit.ly\/3QdrqTZ\" target=\"_blank\">\n<img src=\"https:\/\/justicapotiguar.com.br\/wp-content\/uploads\/2023\/09\/desktop-geral.gif\"\/><a\/>--><\/div><style type=\"text\/css\">\r\n.alezf69f2e902cb8a0 {\r\ntext-align: center;\nmargin-bottom: 1em;\r\n}\r\n@media screen and (min-width: 1201px) {\r\n.alezf69f2e902cb8a0 {\r\ndisplay: block;\r\n}\r\n}\r\n@media screen and (min-width: 993px) and (max-width: 1200px) {\r\n.alezf69f2e902cb8a0 {\r\ndisplay: block;\r\n}\r\n}\r\n@media screen and (min-width: 769px) and (max-width: 992px) {\r\n.alezf69f2e902cb8a0 {\r\ndisplay: block;\r\n}\r\n}\r\n@media screen and (min-width: 768px) and (max-width: 768px) {\r\n.alezf69f2e902cb8a0 {\r\ndisplay: none;\r\n}\r\n}\r\n@media screen and (max-width: 767px) {\r\n.alezf69f2e902cb8a0 {\r\ndisplay: none;\r\n}\r\n}\r\n<\/style>\r\n\n\n\n\n<p><br>Ao mesmo tempo que adota medidas para conter a transmissibilidade do v\u00edrus, o Governo do RN est\u00e1 trabalhando para a abertura de 39 novos leitos Covid na Regi\u00e3o Metropolitana de Natal, a mais afetada pela nova onda da doen\u00e7a. &#8220;Se o governo federal tivesse agilizado o plano nacional de vacina\u00e7\u00e3o, n\u00e3o estar\u00edamos passando pela dificuldade que estamos enfrentando, inclusive tendo de retomar medidas mais duras&#8221;, afirmou a governadora.<br><\/p>\n\n\n\n<p>O vice-governador Antenor Roberto, que participou das reuni\u00f5es com os prefeitos e com os chefes dos Poderes &#8211; Assembleia Legislativa, Tribunal de Justi\u00e7a, Procuradoria Geral do Minist\u00e9rio P\u00fablico Estadual, Defensoria P\u00fablica Estadual e Tribunal de Contas do Estado, disse que o objetivo principal das medidas anunciadas \u00e9 salvar vidas.<\/p>\n\n\n\n<p><br>O decreto mant\u00e9m a obrigatoriedade de uso de m\u00e1scara de prote\u00e7\u00e3o por todos aqueles que, independente do local de destino ou naturalidade, ingressarem no territ\u00f3rio estadual, bem como por aqueles que precisarem sair de suas resid\u00eancias, especialmente quando do uso de transporte p\u00fablico, individual ou coletivo, ou no interior de estabelecimentos abertos ao p\u00fablico.<\/p>\n\n\n\n<p><br>Est\u00e3o desobrigadas dessa veda\u00e7\u00e3o as pessoas com transtorno do espectro autista, com defici\u00eancia intelectual, com defici\u00eancias sensoriais ou com quaisquer outras defici\u00eancias que as impe\u00e7am de fazer o uso adequado de m\u00e1scara de prote\u00e7\u00e3o facial, conforme declara\u00e7\u00e3o m\u00e9dica; as crian\u00e7as com menos de tr\u00eas anos de idade, e aqueles que, utilizando m\u00e1scara de prote\u00e7\u00e3o, estiver sentado \u00e0 mesa de estabelecimento para alimenta\u00e7\u00e3o fora do lar e tiver de retir\u00e1-la exclusivamente durante a consuma\u00e7\u00e3o.<\/p>\n","protected":false},"excerpt":{"rendered":"<p>O Governo do RN publicou um novo decreto recomendando a amplia\u00e7\u00e3o de medidas restritivas para conter o avan\u00e7o da pandemia do novo coronav\u00edrus e evitar o colapso na rede de sa\u00fade. As medidas, sugeridas pelo Comit\u00ea Cient\u00edfico, foram discutidas na tarde desta sexta-feira (19) pela governadora F\u00e1tima Bezerra com prefeitos da Regi\u00e3o Metropolitana de Natal<br \/><a class=\"more-link\" href=\"https:\/\/justicapotiguar.com.br\/index.php\/2021\/02\/20\/decreto-estadual-amplia-medidas-restritivas-para-conter-pandemia-no-rn\/\">Mais&#8230;<\/a><\/p>\n","protected":false},"author":5,"featured_media":7960,"comment_status":"open","ping_status":"open","sticky":false,"template":"","format":"standard","meta":[],"categories":[3],"tags":[],"_links":{"self":[{"href":"https:\/\/justicapotiguar.com.br\/index.php\/wp-json\/wp\/v2\/posts\/16779"}],"collection":[{"href":"https:\/\/justicapotiguar.com.br\/index.php\/wp-json\/wp\/v2\/posts"}],"about":[{"href":"https:\/\/justicapotiguar.com.br\/index.php\/wp-json\/wp\/v2\/types\/post"}],"author":[{"embeddable":true,"href":"https:\/\/justicapotiguar.com.br\/index.php\/wp-json\/wp\/v2\/users\/5"}],"replies":[{"embeddable":true,"href":"https:\/\/justicapotiguar.com.br\/index.php\/wp-json\/wp\/v2\/comments?post=16779"}],"version-history":[{"count":1,"href":"https:\/\/justicapotiguar.com.br\/index.php\/wp-json\/wp\/v2\/posts\/16779\/revisions"}],"predecessor-version":[{"id":16780,"href":"https:\/\/justicapotiguar.com.br\/index.php\/wp-json\/wp\/v2\/posts\/16779\/revisions\/16780"}],"wp:featuredmedia":[{"embeddable":true,"href":"https:\/\/justicapotiguar.com.br\/index.php\/wp-json\/wp\/v2\/media\/7960"}],"wp:attachment":[{"href":"https:\/\/justicapotiguar.com.br\/index.php\/wp-json\/wp\/v2\/media?parent=16779"}],"wp:term":[{"taxonomy":"category","embeddable":true,"href":"https:\/\/justicapotiguar.com.br\/index.php\/wp-json\/wp\/v2\/categories?post=16779"},{"taxonomy":"post_tag","embeddable":true,"href":"https:\/\/justicapotiguar.com.br\/index.php\/wp-json\/wp\/v2\/tags?post=16779"}],"curies":[{"name":"wp","href":"https:\/\/api.w.org\/{rel}","templated":true}]}}