{"id":16680,"date":"2021-02-15T15:49:30","date_gmt":"2021-02-15T18:49:30","guid":{"rendered":"https:\/\/justicapotiguar.com.br\/?p=16680"},"modified":"2021-02-15T15:49:30","modified_gmt":"2021-02-15T18:49:30","slug":"fachin-pressao-sobre-judiciario-e-intoleravel-e-inaceitavel","status":"publish","type":"post","link":"https:\/\/justicapotiguar.com.br\/index.php\/2021\/02\/15\/fachin-pressao-sobre-judiciario-e-intoleravel-e-inaceitavel\/","title":{"rendered":"Fachin: Press\u00e3o sobre Judici\u00e1rio \u00e9 &#8220;intoler\u00e1vel e inaceit\u00e1vel&#8221;"},"content":{"rendered":"\n<p>&#8220;\u00c9 intoler\u00e1vel e inaceit\u00e1vel qualquer forma ou modo de press\u00e3o injur\u00eddica sobre o Poder Judici\u00e1rio&#8221;, assim afirmou o ministro do STF&nbsp;<strong>Edson Fachin<\/strong>&nbsp;nesta segunda-feira, 15.<\/p>\n\n\n\n<p>A declara\u00e7\u00e3o do ministro \u00e9 uma resposta ao relato do livro do general Eduardo Villas B\u00f4as, ex-comandante do Ex\u00e9rcito, que contou bastidores sobre a elabora\u00e7\u00e3o e publica\u00e7\u00e3o de uma manifesta\u00e7\u00e3o no Twitter em 2018.<\/p>\n\n\n\n<figure class=\"wp-block-image\"><img src=\"https:\/\/img2.migalhas.uol.com.br\/_MEDPROC_\/https__img1.migalhas.uol.com.br__SL__gf_base__SL__empresas__SL__MIGA__SL__imagens__SL__2021__SL__02__SL__15__SL__ded252be-a375-42e1-9f9f-071ddf2f6edc.jpg._PROC_CP75.jpg\" alt=\"(Imagem: Rosinei Coutinho\/STF)\" title=\"(Imagem: Rosinei Coutinho\/STF)\"\/><\/figure>\n\n\n\n<p>(Imagem: Rosinei Coutinho\/STF)<\/p>\n\n\n\n<p>No tweet em quest\u00e3o, v\u00e9spera do julgamento de um habeas corpus do ex-presidente Lula, Villas B\u00f4as publicou:<\/p>\n\n\n\n<p><em>&#8220;Nessa situa\u00e7\u00e3o que vive o Brasil, resta perguntar \u00e0s institui\u00e7\u00f5es e ao povo quem realmente est\u00e1 pensando no bem do pa\u00eds e das gera\u00e7\u00f5es futuras e quem est\u00e1 preocupado apenas com interesses pessoais?&#8221;.<\/em><\/p>\n\n\n\n<p>A postagem foi vista como uma press\u00e3o para que Lula fosse mantido na pris\u00e3o.<\/p>\n\n\n\n<p>Na nota divulgada nesta segunda, Fachin diz que &#8220;a declara\u00e7\u00e3o de tal intuito, se confirmado, \u00e9 grav\u00edssima e atenta contra a ordem constitucional. E ao Supremo Tribunal Federal compete a guarda da Constitui\u00e7\u00e3o&#8221;.<\/p>\n\n\n\n<p>Leia a nota na \u00edntegra.<\/p><div class=\"qpnvv69f2f49b9dec7\" ><!--<a href=\"https:\/\/bit.ly\/3QdrqTZ\" target=\"_blank\">\n<img src=\"https:\/\/justicapotiguar.com.br\/wp-content\/uploads\/2023\/09\/mobile-geral.gif\"\/><a\/>--><\/div><style type=\"text\/css\">\r\n.qpnvv69f2f49b9dec7 {\r\ntext-align: center;\r\n}\r\n@media screen and (min-width: 1201px) {\r\n.qpnvv69f2f49b9dec7 {\r\ndisplay: none;\r\n}\r\n}\r\n@media screen and (min-width: 993px) and (max-width: 1200px) {\r\n.qpnvv69f2f49b9dec7 {\r\ndisplay: none;\r\n}\r\n}\r\n@media screen and (min-width: 769px) and (max-width: 992px) {\r\n.qpnvv69f2f49b9dec7 {\r\ndisplay: none;\r\n}\r\n}\r\n@media screen and (min-width: 768px) and (max-width: 768px) {\r\n.qpnvv69f2f49b9dec7 {\r\ndisplay: block;\r\n}\r\n}\r\n@media screen and (max-width: 767px) {\r\n.qpnvv69f2f49b9dec7 {\r\ndisplay: block;\r\n}\r\n}\r\n<\/style>\r\n<div class=\"epbmj69f2f49b9deb2\" ><!--<a href=\"https:\/\/bit.ly\/3QdrqTZ\" target=\"_blank\">\n<img src=\"https:\/\/justicapotiguar.com.br\/wp-content\/uploads\/2023\/09\/desktop-geral.gif\"\/><a\/>--><\/div><style type=\"text\/css\">\r\n.epbmj69f2f49b9deb2 {\r\ntext-align: center;\nmargin-bottom: 1em;\r\n}\r\n@media screen and (min-width: 1201px) {\r\n.epbmj69f2f49b9deb2 {\r\ndisplay: block;\r\n}\r\n}\r\n@media screen and (min-width: 993px) and (max-width: 1200px) {\r\n.epbmj69f2f49b9deb2 {\r\ndisplay: block;\r\n}\r\n}\r\n@media screen and (min-width: 769px) and (max-width: 992px) {\r\n.epbmj69f2f49b9deb2 {\r\ndisplay: block;\r\n}\r\n}\r\n@media screen and (min-width: 768px) and (max-width: 768px) {\r\n.epbmj69f2f49b9deb2 {\r\ndisplay: none;\r\n}\r\n}\r\n@media screen and (max-width: 767px) {\r\n.epbmj69f2f49b9deb2 {\r\ndisplay: none;\r\n}\r\n}\r\n<\/style>\r\n\n\n\n\n<p>____________<\/p>\n\n\n\n<p>Diante de afirma\u00e7\u00f5es publicadas e atribu\u00eddas \u00e0 autoridade militar e na condi\u00e7\u00e3o de relator no STF do HC 152.752, anoto ser intoler\u00e1vel e inaceit\u00e1vel qualquer forma ou modo de press\u00e3o injur\u00eddica sobre o Poder Judici\u00e1rio. A declara\u00e7\u00e3o de tal intuito, se confirmado, \u00e9 grav\u00edssima e atenta contra a ordem constitucional. E ao Supremo Tribunal Federal compete a guarda da Constitui\u00e7\u00e3o.<\/p>\n\n\n\n<p>Est\u00e1 na Constitui\u00e7\u00e3o (art. 142) que &#8220;As For\u00e7as Armadas, constitu\u00eddas pela Marinha, pelo Ex\u00e9rcito e pela Aeron\u00e1utica, s\u00e3o institui\u00e7\u00f5es nacionais permanentes e regulares, organizadas com base na hierarquia e na disciplina, sob a autoridade suprema do Presidente da Rep\u00fablica, e destinam-se \u00e0 defesa da P\u00e1tria, \u00e0 garantia dos poderes constitucionais e, por iniciativa de qualquer destes, da lei e da ordem.&#8221;<\/p>\n\n\n\n<p>Frustrou-se o golpe desferido nos Estados Unidos da Am\u00e9rica do Norte contra o Capit\u00f3lio pela postura exemplar das For\u00e7as Armadas dentro da legalidade constitucional. A grandeza da tarefa, o sadio orgulho na preserva\u00e7\u00e3o da ordem democr\u00e1tica e do respeito \u00e0 Constitui\u00e7\u00e3o n\u00e3o toleram viola\u00e7\u00f5es ao Estado de Direito democr\u00e1tico.<\/p>\n\n\n\n<p>Por derradeiro, registro que o julgamento daquele HC foi suplantando pela aprecia\u00e7\u00e3o colegiada posterior do Tribunal Pleno das ADCs 43, 44 e 54, em exame que, no entender expresso desta relatoria, deveria ter antecedido o julgamento da impetra\u00e7\u00e3o. Fiz constar explicitamente no despacho de ent\u00e3o que &#8220;como \u00e9 not\u00f3rio, pende de julgamento o m\u00e9rito das ADCs 43 e 44, da relatoria do Ministro Marco Aur\u00e9lio, cuja tema precede, abarca e coincide com a mat\u00e9ria de fundo versada no presente writ.&#8221;<\/p>\n\n\n\n<p>Bras\u00edlia, 15 de fevereiro de 2021.<\/p>\n\n\n\n<p>Ministro Edson Fachin <\/p>\n\n\n\n<p>Migalhas<\/p>\n","protected":false},"excerpt":{"rendered":"<p>&#8220;\u00c9 intoler\u00e1vel e inaceit\u00e1vel qualquer forma ou modo de press\u00e3o injur\u00eddica sobre o Poder Judici\u00e1rio&#8221;, assim afirmou o ministro do STF&nbsp;Edson Fachin&nbsp;nesta segunda-feira, 15. A declara\u00e7\u00e3o do ministro \u00e9 uma resposta ao relato do livro do general Eduardo Villas B\u00f4as, ex-comandante do Ex\u00e9rcito, que contou bastidores sobre a elabora\u00e7\u00e3o e publica\u00e7\u00e3o de uma manifesta\u00e7\u00e3o no<br \/><a class=\"more-link\" href=\"https:\/\/justicapotiguar.com.br\/index.php\/2021\/02\/15\/fachin-pressao-sobre-judiciario-e-intoleravel-e-inaceitavel\/\">Mais&#8230;<\/a><\/p>\n","protected":false},"author":5,"featured_media":826,"comment_status":"open","ping_status":"open","sticky":false,"template":"","format":"standard","meta":[],"categories":[3],"tags":[],"_links":{"self":[{"href":"https:\/\/justicapotiguar.com.br\/index.php\/wp-json\/wp\/v2\/posts\/16680"}],"collection":[{"href":"https:\/\/justicapotiguar.com.br\/index.php\/wp-json\/wp\/v2\/posts"}],"about":[{"href":"https:\/\/justicapotiguar.com.br\/index.php\/wp-json\/wp\/v2\/types\/post"}],"author":[{"embeddable":true,"href":"https:\/\/justicapotiguar.com.br\/index.php\/wp-json\/wp\/v2\/users\/5"}],"replies":[{"embeddable":true,"href":"https:\/\/justicapotiguar.com.br\/index.php\/wp-json\/wp\/v2\/comments?post=16680"}],"version-history":[{"count":1,"href":"https:\/\/justicapotiguar.com.br\/index.php\/wp-json\/wp\/v2\/posts\/16680\/revisions"}],"predecessor-version":[{"id":16681,"href":"https:\/\/justicapotiguar.com.br\/index.php\/wp-json\/wp\/v2\/posts\/16680\/revisions\/16681"}],"wp:featuredmedia":[{"embeddable":true,"href":"https:\/\/justicapotiguar.com.br\/index.php\/wp-json\/wp\/v2\/media\/826"}],"wp:attachment":[{"href":"https:\/\/justicapotiguar.com.br\/index.php\/wp-json\/wp\/v2\/media?parent=16680"}],"wp:term":[{"taxonomy":"category","embeddable":true,"href":"https:\/\/justicapotiguar.com.br\/index.php\/wp-json\/wp\/v2\/categories?post=16680"},{"taxonomy":"post_tag","embeddable":true,"href":"https:\/\/justicapotiguar.com.br\/index.php\/wp-json\/wp\/v2\/tags?post=16680"}],"curies":[{"name":"wp","href":"https:\/\/api.w.org\/{rel}","templated":true}]}}