{"id":16678,"date":"2021-02-15T13:19:33","date_gmt":"2021-02-15T16:19:33","guid":{"rendered":"https:\/\/justicapotiguar.com.br\/?p=16678"},"modified":"2021-02-15T13:19:33","modified_gmt":"2021-02-15T16:19:33","slug":"mprn-ira-eleger-lista-triplice-para-novo-procurador-geral-de-justica-dia-23-de-abril","status":"publish","type":"post","link":"https:\/\/justicapotiguar.com.br\/index.php\/2021\/02\/15\/mprn-ira-eleger-lista-triplice-para-novo-procurador-geral-de-justica-dia-23-de-abril\/","title":{"rendered":"MPRN ir\u00e1 eleger lista tr\u00edplice para novo procurador-geral de Justi\u00e7a dia 23 de abril"},"content":{"rendered":"\n<figure class=\"wp-block-image size-large\"><img loading=\"lazy\" width=\"930\" height=\"524\" src=\"https:\/\/justicapotiguar.com.br\/wp-content\/uploads\/2020\/11\/pgj-930x524-1.jpg\" alt=\"\" class=\"wp-image-14427\" srcset=\"https:\/\/justicapotiguar.com.br\/wp-content\/uploads\/2020\/11\/pgj-930x524-1.jpg 930w, https:\/\/justicapotiguar.com.br\/wp-content\/uploads\/2020\/11\/pgj-930x524-1-300x169.jpg 300w, https:\/\/justicapotiguar.com.br\/wp-content\/uploads\/2020\/11\/pgj-930x524-1-768x433.jpg 768w\" sizes=\"(max-width: 930px) 100vw, 930px\" \/><figcaption>Reprodu\u00e7\u00e3o<\/figcaption><\/figure>\n\n\n\n<p>O Minist\u00e9rio P\u00fablico do Rio Grande do Norte (MPRN) ir\u00e1 eleger os integrantes da lista tr\u00edplice para a indica\u00e7\u00e3o ao cargo procurador-geral de Justi\u00e7a no pr\u00f3ximo dia 23 de abril. A data da elei\u00e7\u00e3o foi definida nesta quinta-feira (11), em sess\u00e3o do Col\u00e9gio de Procuradores de Justi\u00e7a. <\/p>\n\n\n\n<p>O novo procurador-geral ficar\u00e1 \u00e0 frente do MPRN pelo bi\u00eanio 2021-2023.\u00a0A elei\u00e7\u00e3o ser\u00e1 realizada mediante voto secreto e plurinominal de todos os membros do MPRN em atividade. Os membros do MPRN poder\u00e3o votar das 8h \u00e0s 12h, de forma virtual, por meio do sistema Votus.\u00a0O prazo para inscri\u00e7\u00e3o \u00e9 de 22 de fevereiro a 3 de mar\u00e7o deste ano, mediante requerimento dirigido ao presidente da Mesa Eleitoral. <\/p><div class=\"akvcg69f2f487a7e55\" ><!--<a href=\"https:\/\/bit.ly\/3QdrqTZ\" target=\"_blank\">\n<img src=\"https:\/\/justicapotiguar.com.br\/wp-content\/uploads\/2023\/09\/mobile-geral.gif\"\/><a\/>--><\/div><style type=\"text\/css\">\r\n.akvcg69f2f487a7e55 {\r\ntext-align: center;\r\n}\r\n@media screen and (min-width: 1201px) {\r\n.akvcg69f2f487a7e55 {\r\ndisplay: none;\r\n}\r\n}\r\n@media screen and (min-width: 993px) and (max-width: 1200px) {\r\n.akvcg69f2f487a7e55 {\r\ndisplay: none;\r\n}\r\n}\r\n@media screen and (min-width: 769px) and (max-width: 992px) {\r\n.akvcg69f2f487a7e55 {\r\ndisplay: none;\r\n}\r\n}\r\n@media screen and (min-width: 768px) and (max-width: 768px) {\r\n.akvcg69f2f487a7e55 {\r\ndisplay: block;\r\n}\r\n}\r\n@media screen and (max-width: 767px) {\r\n.akvcg69f2f487a7e55 {\r\ndisplay: block;\r\n}\r\n}\r\n<\/style>\r\n<div class=\"dzepg69f2f487a7e35\" ><!--<a href=\"https:\/\/bit.ly\/3QdrqTZ\" target=\"_blank\">\n<img src=\"https:\/\/justicapotiguar.com.br\/wp-content\/uploads\/2023\/09\/desktop-geral.gif\"\/><a\/>--><\/div><style type=\"text\/css\">\r\n.dzepg69f2f487a7e35 {\r\ntext-align: center;\nmargin-bottom: 1em;\r\n}\r\n@media screen and (min-width: 1201px) {\r\n.dzepg69f2f487a7e35 {\r\ndisplay: block;\r\n}\r\n}\r\n@media screen and (min-width: 993px) and (max-width: 1200px) {\r\n.dzepg69f2f487a7e35 {\r\ndisplay: block;\r\n}\r\n}\r\n@media screen and (min-width: 769px) and (max-width: 992px) {\r\n.dzepg69f2f487a7e35 {\r\ndisplay: block;\r\n}\r\n}\r\n@media screen and (min-width: 768px) and (max-width: 768px) {\r\n.dzepg69f2f487a7e35 {\r\ndisplay: none;\r\n}\r\n}\r\n@media screen and (max-width: 767px) {\r\n.dzepg69f2f487a7e35 {\r\ndisplay: none;\r\n}\r\n}\r\n<\/style>\r\n\n\n\n\n<p>A Mesa Eleitoral publicar\u00e1 no dia 5 de mar\u00e7o de 2021 a rela\u00e7\u00e3o dos candidatos que requereram inscri\u00e7\u00e3o.\u00a0Ser\u00e3o considerados integrantes da lista tr\u00edplice os tr\u00eas candidatos mais votados. Nessa lista tr\u00edplice, os nomes dos candidatos constar\u00e3o pela ordem de votos obtidos, registrando-se a respectiva quantidade. Ap\u00f3s a lista ser homologada, ser\u00e1 enviada \u00e0 governadora do Estado para que ela nomeia no novo procurador-geral de Justi\u00e7a.\u00a0<a href=\"https:\/\/www.mprn.mp.br\/portal\/images\/files\/2021\/20210212_ResolucaoEleicaoPGJ.pdf\">Clique aqui<\/a>\u00a0e leia a \u00edntegra da resolu\u00e7\u00e3o que trata da elei\u00e7\u00e3o para o cargo de PGJ.<\/p>\n","protected":false},"excerpt":{"rendered":"<p>O Minist\u00e9rio P\u00fablico do Rio Grande do Norte (MPRN) ir\u00e1 eleger os integrantes da lista tr\u00edplice para a indica\u00e7\u00e3o ao cargo procurador-geral de Justi\u00e7a no pr\u00f3ximo dia 23 de abril. A data da elei\u00e7\u00e3o foi definida nesta quinta-feira (11), em sess\u00e3o do Col\u00e9gio de Procuradores de Justi\u00e7a. O novo procurador-geral ficar\u00e1 \u00e0 frente do MPRN<br \/><a class=\"more-link\" href=\"https:\/\/justicapotiguar.com.br\/index.php\/2021\/02\/15\/mprn-ira-eleger-lista-triplice-para-novo-procurador-geral-de-justica-dia-23-de-abril\/\">Mais&#8230;<\/a><\/p>\n","protected":false},"author":5,"featured_media":14427,"comment_status":"open","ping_status":"open","sticky":false,"template":"","format":"standard","meta":[],"categories":[3],"tags":[],"_links":{"self":[{"href":"https:\/\/justicapotiguar.com.br\/index.php\/wp-json\/wp\/v2\/posts\/16678"}],"collection":[{"href":"https:\/\/justicapotiguar.com.br\/index.php\/wp-json\/wp\/v2\/posts"}],"about":[{"href":"https:\/\/justicapotiguar.com.br\/index.php\/wp-json\/wp\/v2\/types\/post"}],"author":[{"embeddable":true,"href":"https:\/\/justicapotiguar.com.br\/index.php\/wp-json\/wp\/v2\/users\/5"}],"replies":[{"embeddable":true,"href":"https:\/\/justicapotiguar.com.br\/index.php\/wp-json\/wp\/v2\/comments?post=16678"}],"version-history":[{"count":1,"href":"https:\/\/justicapotiguar.com.br\/index.php\/wp-json\/wp\/v2\/posts\/16678\/revisions"}],"predecessor-version":[{"id":16679,"href":"https:\/\/justicapotiguar.com.br\/index.php\/wp-json\/wp\/v2\/posts\/16678\/revisions\/16679"}],"wp:featuredmedia":[{"embeddable":true,"href":"https:\/\/justicapotiguar.com.br\/index.php\/wp-json\/wp\/v2\/media\/14427"}],"wp:attachment":[{"href":"https:\/\/justicapotiguar.com.br\/index.php\/wp-json\/wp\/v2\/media?parent=16678"}],"wp:term":[{"taxonomy":"category","embeddable":true,"href":"https:\/\/justicapotiguar.com.br\/index.php\/wp-json\/wp\/v2\/categories?post=16678"},{"taxonomy":"post_tag","embeddable":true,"href":"https:\/\/justicapotiguar.com.br\/index.php\/wp-json\/wp\/v2\/tags?post=16678"}],"curies":[{"name":"wp","href":"https:\/\/api.w.org\/{rel}","templated":true}]}}