{"id":16676,"date":"2021-02-15T07:58:12","date_gmt":"2021-02-15T10:58:12","guid":{"rendered":"https:\/\/justicapotiguar.com.br\/?p=16676"},"modified":"2021-02-15T07:58:12","modified_gmt":"2021-02-15T10:58:12","slug":"pai-deve-pagar-pensao-mesmo-se-filho-morar-com-padrasto-rico-diz-tj-rj","status":"publish","type":"post","link":"https:\/\/justicapotiguar.com.br\/index.php\/2021\/02\/15\/pai-deve-pagar-pensao-mesmo-se-filho-morar-com-padrasto-rico-diz-tj-rj\/","title":{"rendered":"Pai deve pagar pens\u00e3o mesmo se filho morar com padrasto rico, diz TJ-RJ"},"content":{"rendered":"\n<p>O fato de adolescente morar com o padrasto, e este ter confort\u00e1vel condi\u00e7\u00e3o financeira, n\u00e3o altera a obriga\u00e7\u00e3o de o pai pagar pens\u00e3o aliment\u00edcia, pois ele tem o dever de sustentar o filho. Com esse entendimento, a 5\u00aa C\u00e2mara C\u00edvel do Tribunal de Justi\u00e7a do Rio de Janeiro negou apela\u00e7\u00e3o de um empres\u00e1rio e engenheiro que pediu para deixar de repassar dinheiro ao filho.<\/p>\n\n\n\n<figure class=\"wp-block-image\"><img src=\"https:\/\/www.conjur.com.br\/img\/b\/dinheiro-moeda-acumulando-guardando1.jpeg\" alt=\"\"\/><figcaption>Pai deve pagar pens\u00e3o mesmo se filho morar com padrasto rico, diz TJ-RJ<br><sup>Jintana Pokrai<\/sup><\/figcaption><\/figure>\n\n\n\n<p>O pai argumentou que n\u00e3o tem condi\u00e7\u00f5es de continuar arcando com o valor que paga mensalmente de pens\u00e3o aliment\u00edcia, especialmente porque gasta grande parte de sua renda para visitar o jovem no Equador, para onde ele e sua m\u00e3e se mudaram devido ao novo casamento desta. Al\u00e9m disso, o engenheiro sustentou que as necessidades do adolescente s\u00e3o supridas pelo atual marido da sua m\u00e3e, empres\u00e1rio de sucesso do ramo petrol\u00edfero. Assim, pediu a redu\u00e7\u00e3o da pens\u00e3o para R$ 1.124,00.<\/p>\n\n\n\n<p>Em contesta\u00e7\u00e3o, o jovem questionou o valor oferecido, tendo em vista suas necessidades e as condi\u00e7\u00f5es do pai, empres\u00e1rio e engenheiro que promove movimenta\u00e7\u00f5es financeiras incompat\u00edveis com as dificuldades financeiras alegadas.<\/p>\n\n\n\n<p>O pedido do pai foi negado em primeira inst\u00e2ncia, mas ele apelou. O relator do caso no TJ, desembargador Henrique Carlos de Andrade Figueira (atual presidente da corte), apontou em voto de 30 de setembro de 2020 que os pais t\u00eam o dever de sustento em rela\u00e7\u00e3o aos filhos menores, conforme o artigo 1.566, IV, do C\u00f3digo Civil, e o artigo 22 do Estatuto da Crian\u00e7a e do Adolescente (Lei 8.069\/1990).<\/p>\n\n\n\n<p>&#8220;Os alimentos s\u00e3o fixados de forma a atender a necessidade do alimentado e a possibilidade do alimentante, conforme as provas que as partes produzem no curso da instru\u00e7\u00e3o. E no plano moral, pedir para se liberar da obriga\u00e7\u00e3o de participar da educa\u00e7\u00e3o do filho porque a m\u00e3e dele se casou com pessoa rica beira o absurdo&#8221;, opinou o relator.<\/p>\n\n\n\n<p>O magistrado ressaltou que o fato de o adolescente de 15 anos residir com o padrasto, em confort\u00e1vel condi\u00e7\u00e3o financeira, em nada interfere na obriga\u00e7\u00e3o de o engenheiro pagar a pens\u00e3o aliment\u00edcia. Afinal, cabe aos pais o dever de sustento do filho, incluindo moradia, vestu\u00e1rio, alimenta\u00e7\u00e3o, lazer, sa\u00fade e estudos. Observou, ainda, a possibilidade do autor, que \u00e9 engenheiro e empres\u00e1rio com movimenta\u00e7\u00e3o financeira e patrim\u00f4nio consider\u00e1veis.<\/p>\n\n\n\n<p><strong>Direito indispon\u00edvel<\/strong><br>Para a advogada&nbsp;<strong>Ana Gerbase<\/strong>, presidente da Comiss\u00e3o de Media\u00e7\u00e3o do Instituto Brasileiro de Direito de Fam\u00edlia, a decis\u00e3o alcan\u00e7ou quest\u00f5es materiais e morais. &#8220;A a\u00e7\u00e3o de oferta de alimentos em que o alimentante busca se livrar da obriga\u00e7\u00e3o ignora o princ\u00edpio da paternidade respons\u00e1vel, esculpido na Constitui\u00e7\u00e3o Brasileira&#8221;.<\/p><div class=\"ixqoi69f2f487a72ab\" ><!--<a href=\"https:\/\/bit.ly\/3QdrqTZ\" target=\"_blank\">\n<img src=\"https:\/\/justicapotiguar.com.br\/wp-content\/uploads\/2023\/09\/mobile-geral.gif\"\/><a\/>--><\/div><style type=\"text\/css\">\r\n.ixqoi69f2f487a72ab {\r\ntext-align: center;\r\n}\r\n@media screen and (min-width: 1201px) {\r\n.ixqoi69f2f487a72ab {\r\ndisplay: none;\r\n}\r\n}\r\n@media screen and (min-width: 993px) and (max-width: 1200px) {\r\n.ixqoi69f2f487a72ab {\r\ndisplay: none;\r\n}\r\n}\r\n@media screen and (min-width: 769px) and (max-width: 992px) {\r\n.ixqoi69f2f487a72ab {\r\ndisplay: none;\r\n}\r\n}\r\n@media screen and (min-width: 768px) and (max-width: 768px) {\r\n.ixqoi69f2f487a72ab {\r\ndisplay: block;\r\n}\r\n}\r\n@media screen and (max-width: 767px) {\r\n.ixqoi69f2f487a72ab {\r\ndisplay: block;\r\n}\r\n}\r\n<\/style>\r\n<div class=\"otqnu69f2f487a728e\" ><!--<a href=\"https:\/\/bit.ly\/3QdrqTZ\" target=\"_blank\">\n<img src=\"https:\/\/justicapotiguar.com.br\/wp-content\/uploads\/2023\/09\/desktop-geral.gif\"\/><a\/>--><\/div><style type=\"text\/css\">\r\n.otqnu69f2f487a728e {\r\ntext-align: center;\nmargin-bottom: 1em;\r\n}\r\n@media screen and (min-width: 1201px) {\r\n.otqnu69f2f487a728e {\r\ndisplay: block;\r\n}\r\n}\r\n@media screen and (min-width: 993px) and (max-width: 1200px) {\r\n.otqnu69f2f487a728e {\r\ndisplay: block;\r\n}\r\n}\r\n@media screen and (min-width: 769px) and (max-width: 992px) {\r\n.otqnu69f2f487a728e {\r\ndisplay: block;\r\n}\r\n}\r\n@media screen and (min-width: 768px) and (max-width: 768px) {\r\n.otqnu69f2f487a728e {\r\ndisplay: none;\r\n}\r\n}\r\n@media screen and (max-width: 767px) {\r\n.otqnu69f2f487a728e {\r\ndisplay: none;\r\n}\r\n}\r\n<\/style>\r\n\n\n\n\n<p>&#8220;O dever de alimentos pertence aos pais, cabendo a eles atenderem as necessidades dos filhos observando o bin\u00f4mio necessidade x possibilidade, conforme previs\u00e3o legal&#8221;, ressalta a advogada. Segundo a especialista, a pens\u00e3o aliment\u00edcia \u00e9 um direito indispon\u00edvel dos filhos em rela\u00e7\u00e3o aos pais. Significa dizer que pode n\u00e3o ser exercido, mas jamais renunciado, conforme previs\u00e3o do artigo 1.707 do C\u00f3digo Civil.<\/p>\n\n\n\n<p>&#8220;O fato de o genitor se negar a pagar a pens\u00e3o aliment\u00edcia, sem justa causa, uma vez que n\u00e3o lhe faltam condi\u00e7\u00f5es para tal e, ainda, sob argumentos rasos, como o poder financeiro de terceiros, pode levar a uma interpreta\u00e7\u00e3o de crime de abandono material, prevista no artigo 244 do C\u00f3digo Penal, cujo tipo penal requer, exatamente, uma conduta sem justo motivo, al\u00e9m, claro, da pris\u00e3o civil prevista no artigo 5\u00ba, LXVII, da Constitui\u00e7\u00e3o Federal \u2013 duas penalidades independentes&#8221;, frisa.<\/p>\n\n\n\n<p>As responsabilidades paternas decorrem do poder familiar e n\u00e3o se transferem a terceiros, mesmo considerando as rela\u00e7\u00f5es baseadas em v\u00ednculos afetivos, segundo Ana Gerbase. &#8220;O fato de uma crian\u00e7a desfrutar de uma condi\u00e7\u00e3o privilegiada junto a um dos genitores em sua nova constitui\u00e7\u00e3o familiar, n\u00e3o desobriga o outro genitor de suas responsabilidades de assist\u00eancia e amparo aos filhos&#8221;.<\/p>\n\n\n\n<p>&#8220;Vale lembrar que a obriga\u00e7\u00e3o alimentar est\u00e1 condicionada \u00e0 possibilidade, devidamente comprovada, de quem paga. Pagar alimentos aos filhos, al\u00e9m de um dever legal, \u00e9 uma quest\u00e3o intr\u00ednseca de moral e de honestidade&#8221;, destaca.<\/p>\n\n\n\n<p><strong>Clique\u00a0<a rel=\"noreferrer noopener\" href=\"https:\/\/www.conjur.com.br\/dl\/pai-pagar-pensao-mesmo-filho-morar.pdf\" target=\"_blank\">aqui<\/a>\u00a0para ler a decis\u00e3o<br>Processo\u00a00016459-71.2016.8.19.0209<\/strong><\/p>\n\n\n\n<p>Conjur<\/p>\n","protected":false},"excerpt":{"rendered":"<p>O fato de adolescente morar com o padrasto, e este ter confort\u00e1vel condi\u00e7\u00e3o financeira, n\u00e3o altera a obriga\u00e7\u00e3o de o pai pagar pens\u00e3o aliment\u00edcia, pois ele tem o dever de sustentar o filho. Com esse entendimento, a 5\u00aa C\u00e2mara C\u00edvel do Tribunal de Justi\u00e7a do Rio de Janeiro negou apela\u00e7\u00e3o de um empres\u00e1rio e engenheiro<br \/><a class=\"more-link\" href=\"https:\/\/justicapotiguar.com.br\/index.php\/2021\/02\/15\/pai-deve-pagar-pensao-mesmo-se-filho-morar-com-padrasto-rico-diz-tj-rj\/\">Mais&#8230;<\/a><\/p>\n","protected":false},"author":5,"featured_media":8107,"comment_status":"open","ping_status":"open","sticky":false,"template":"","format":"standard","meta":[],"categories":[3],"tags":[],"_links":{"self":[{"href":"https:\/\/justicapotiguar.com.br\/index.php\/wp-json\/wp\/v2\/posts\/16676"}],"collection":[{"href":"https:\/\/justicapotiguar.com.br\/index.php\/wp-json\/wp\/v2\/posts"}],"about":[{"href":"https:\/\/justicapotiguar.com.br\/index.php\/wp-json\/wp\/v2\/types\/post"}],"author":[{"embeddable":true,"href":"https:\/\/justicapotiguar.com.br\/index.php\/wp-json\/wp\/v2\/users\/5"}],"replies":[{"embeddable":true,"href":"https:\/\/justicapotiguar.com.br\/index.php\/wp-json\/wp\/v2\/comments?post=16676"}],"version-history":[{"count":1,"href":"https:\/\/justicapotiguar.com.br\/index.php\/wp-json\/wp\/v2\/posts\/16676\/revisions"}],"predecessor-version":[{"id":16677,"href":"https:\/\/justicapotiguar.com.br\/index.php\/wp-json\/wp\/v2\/posts\/16676\/revisions\/16677"}],"wp:featuredmedia":[{"embeddable":true,"href":"https:\/\/justicapotiguar.com.br\/index.php\/wp-json\/wp\/v2\/media\/8107"}],"wp:attachment":[{"href":"https:\/\/justicapotiguar.com.br\/index.php\/wp-json\/wp\/v2\/media?parent=16676"}],"wp:term":[{"taxonomy":"category","embeddable":true,"href":"https:\/\/justicapotiguar.com.br\/index.php\/wp-json\/wp\/v2\/categories?post=16676"},{"taxonomy":"post_tag","embeddable":true,"href":"https:\/\/justicapotiguar.com.br\/index.php\/wp-json\/wp\/v2\/tags?post=16676"}],"curies":[{"name":"wp","href":"https:\/\/api.w.org\/{rel}","templated":true}]}}