{"id":16610,"date":"2021-02-11T09:06:19","date_gmt":"2021-02-11T12:06:19","guid":{"rendered":"https:\/\/justicapotiguar.com.br\/?p=16610"},"modified":"2021-02-11T09:06:19","modified_gmt":"2021-02-11T12:06:19","slug":"tre-rn-regulamenta-funcionamento-da-1a-zona-eleitoral-criminal","status":"publish","type":"post","link":"https:\/\/justicapotiguar.com.br\/index.php\/2021\/02\/11\/tre-rn-regulamenta-funcionamento-da-1a-zona-eleitoral-criminal\/","title":{"rendered":"TRE-RN regulamenta funcionamento da 1\u00aa Zona Eleitoral Criminal"},"content":{"rendered":"\n<figure class=\"wp-block-image size-large\"><img loading=\"lazy\" width=\"602\" height=\"400\" src=\"https:\/\/justicapotiguar.com.br\/wp-content\/uploads\/2020\/03\/TRE-RN.jpg\" alt=\"\" class=\"wp-image-7252\" srcset=\"https:\/\/justicapotiguar.com.br\/wp-content\/uploads\/2020\/03\/TRE-RN.jpg 602w, https:\/\/justicapotiguar.com.br\/wp-content\/uploads\/2020\/03\/TRE-RN-300x199.jpg 300w\" sizes=\"(max-width: 602px) 100vw, 602px\" \/><figcaption>Reprodu\u00e7\u00e3o<\/figcaption><\/figure>\n\n\n\n<p>O Presidente do Tribunal Regional Eleitoral do Rio Grande do Norte, desembargador Gilson Barbosa, em conjunto com a Corregedoria Regional Eleitoral, assinou a Portaria Conjunta no. 02\/2021 que regulamenta a Resolu\u00e7\u00e3o TRE\/RN n\u00ba 40\/2020, que designou a 1\u00aa Zona Eleitoral para processar e julgar os crimes comuns quando conexos a crimes eleitorais. Na manh\u00e3 desta ter\u00e7a (09), o presidente recebeu o juiz designado da 1a zona eleitoral, Kennedi Braga, e o juiz auxiliar da presid\u00eancia, Francisco Rocha, que ir\u00e3o conduzir o trabalho judicialmente e administrativamente.<\/p>\n\n\n\n<p>A portaria designa a 1\u00aa Zona Eleitoral de Natal, a partir de 13 de fevereiro de 2021, para, na Justi\u00e7a Eleitoral do Rio Grande do Norte, processar e julgar os seguintes crimes comuns, indicados na decis\u00e3o do Supremo Tribunal Federal no Inqu\u00e9rito n\u00ba 4435\/DF, quando conexos a crimes eleitorais: crimes contra as finan\u00e7as p\u00fablicas; corrup\u00e7\u00e3o ativa e passiva; crimes contra o Sistema Financeiro Nacional; lavagem ou oculta\u00e7\u00e3o de bens, direitos e valores; delitos praticados por organiza\u00e7\u00f5es criminosas e os de associa\u00e7\u00e3o criminosa e de constitui\u00e7\u00e3o de mil\u00edcia privada; demais crimes comuns, cuja complexidade de processamento das investiga\u00e7\u00f5es e a\u00e7\u00f5es penais justifique remessa \u00e0 zona especializada.<\/p>\n\n\n\n<p>A designa\u00e7\u00e3o abrange o processamento e o julgamento de todos os feitos que tenham por objeto os crimes previstos no caput, tais como inqu\u00e9ritos, procedimentos preparat\u00f3rios, pedidos decorrentes de procedimento investigat\u00f3rio criminal do Minist\u00e9rio P\u00fablico, medidas cautelares ou incidentais, autos de pris\u00e3o em flagrante e audi\u00eancias de cust\u00f3dia, a\u00e7\u00f5es penais, mandados de seguran\u00e7a em mat\u00e9ria criminal, habeas corpus, pedidos de colabora\u00e7\u00e3o premiada e de coopera\u00e7\u00e3o jur\u00eddica em mat\u00e9ria penal e expedi\u00e7\u00e3o de carta rogat\u00f3ria. A 1a Zona Eleitoral ter\u00e1 jurisdi\u00e7\u00e3o em todo o Estado do Rio Grande do Norte para processamento e julgamento desses crimes.<\/p><div class=\"arxed69f2e2064b920\" ><!--<a href=\"https:\/\/bit.ly\/3QdrqTZ\" target=\"_blank\">\n<img src=\"https:\/\/justicapotiguar.com.br\/wp-content\/uploads\/2023\/09\/mobile-geral.gif\"\/><a\/>--><\/div><style type=\"text\/css\">\r\n.arxed69f2e2064b920 {\r\ntext-align: center;\r\n}\r\n@media screen and (min-width: 1201px) {\r\n.arxed69f2e2064b920 {\r\ndisplay: none;\r\n}\r\n}\r\n@media screen and (min-width: 993px) and (max-width: 1200px) {\r\n.arxed69f2e2064b920 {\r\ndisplay: none;\r\n}\r\n}\r\n@media screen and (min-width: 769px) and (max-width: 992px) {\r\n.arxed69f2e2064b920 {\r\ndisplay: none;\r\n}\r\n}\r\n@media screen and (min-width: 768px) and (max-width: 768px) {\r\n.arxed69f2e2064b920 {\r\ndisplay: block;\r\n}\r\n}\r\n@media screen and (max-width: 767px) {\r\n.arxed69f2e2064b920 {\r\ndisplay: block;\r\n}\r\n}\r\n<\/style>\r\n<div class=\"eueaq69f2e2064b90d\" ><!--<a href=\"https:\/\/bit.ly\/3QdrqTZ\" target=\"_blank\">\n<img src=\"https:\/\/justicapotiguar.com.br\/wp-content\/uploads\/2023\/09\/desktop-geral.gif\"\/><a\/>--><\/div><style type=\"text\/css\">\r\n.eueaq69f2e2064b90d {\r\ntext-align: center;\nmargin-bottom: 1em;\r\n}\r\n@media screen and (min-width: 1201px) {\r\n.eueaq69f2e2064b90d {\r\ndisplay: block;\r\n}\r\n}\r\n@media screen and (min-width: 993px) and (max-width: 1200px) {\r\n.eueaq69f2e2064b90d {\r\ndisplay: block;\r\n}\r\n}\r\n@media screen and (min-width: 769px) and (max-width: 992px) {\r\n.eueaq69f2e2064b90d {\r\ndisplay: block;\r\n}\r\n}\r\n@media screen and (min-width: 768px) and (max-width: 768px) {\r\n.eueaq69f2e2064b90d {\r\ndisplay: none;\r\n}\r\n}\r\n@media screen and (max-width: 767px) {\r\n.eueaq69f2e2064b90d {\r\ndisplay: none;\r\n}\r\n}\r\n<\/style>\r\n\n\n\n\n<p>A portaria regulamenta ainda que a execu\u00e7\u00e3o das senten\u00e7as penais condenat\u00f3rias competir\u00e1 ao juiz da zona eleitoral da condena\u00e7\u00e3o, com exce\u00e7\u00e3o daquelas em que for aplicada pena privativa de liberdade, cuja execu\u00e7\u00e3o caber\u00e1 \u00e0 Justi\u00e7a Estadual ou Federal. Os demais Ju\u00edzes Eleitorais devem encaminhar os processos que se enquadram para a 1\u00aa Zona Eleitoral por meio digital, at\u00e9 o dia 02 de mar\u00e7o de 2021. Antes de realizar o encaminhamento para a 1\u00aa Zona Eleitoral, os processos dever\u00e3o ser digitalizados e migrados, no Pje \u2013 1\u00ba Grau, pela zona de origem.<\/p>\n\n\n\n<p>J\u00e1 por meio da Portaria Conjunta 03\/2021, o presidente e o corregedor em exerc\u00edcio, desembargador Ibanez Monteiro, regulamentaram o Grupo de Assessoramento Criminal Especializado \u2013 GACE. Caber\u00e1 ao Juiz Auxiliar da Presid\u00eancia, Francisco Rocha, a supervis\u00e3o das atividades administrativas do GACE. O grupo ser\u00e1 composto pelos servidores Patrick Galv\u00e3o Dubut; Thais de Souza Alves; Emidia Luiza Dantas Alves Fran\u00e7a; Marta Alves dos Reis Almeida e Paulo Roberto Almeida e Silva.<\/p>\n","protected":false},"excerpt":{"rendered":"<p>O Presidente do Tribunal Regional Eleitoral do Rio Grande do Norte, desembargador Gilson Barbosa, em conjunto com a Corregedoria Regional Eleitoral, assinou a Portaria Conjunta no. 02\/2021 que regulamenta a Resolu\u00e7\u00e3o TRE\/RN n\u00ba 40\/2020, que designou a 1\u00aa Zona Eleitoral para processar e julgar os crimes comuns quando conexos a crimes eleitorais. Na manh\u00e3 desta<br \/><a class=\"more-link\" href=\"https:\/\/justicapotiguar.com.br\/index.php\/2021\/02\/11\/tre-rn-regulamenta-funcionamento-da-1a-zona-eleitoral-criminal\/\">Mais&#8230;<\/a><\/p>\n","protected":false},"author":5,"featured_media":7252,"comment_status":"open","ping_status":"open","sticky":false,"template":"","format":"standard","meta":[],"categories":[3],"tags":[],"_links":{"self":[{"href":"https:\/\/justicapotiguar.com.br\/index.php\/wp-json\/wp\/v2\/posts\/16610"}],"collection":[{"href":"https:\/\/justicapotiguar.com.br\/index.php\/wp-json\/wp\/v2\/posts"}],"about":[{"href":"https:\/\/justicapotiguar.com.br\/index.php\/wp-json\/wp\/v2\/types\/post"}],"author":[{"embeddable":true,"href":"https:\/\/justicapotiguar.com.br\/index.php\/wp-json\/wp\/v2\/users\/5"}],"replies":[{"embeddable":true,"href":"https:\/\/justicapotiguar.com.br\/index.php\/wp-json\/wp\/v2\/comments?post=16610"}],"version-history":[{"count":1,"href":"https:\/\/justicapotiguar.com.br\/index.php\/wp-json\/wp\/v2\/posts\/16610\/revisions"}],"predecessor-version":[{"id":16611,"href":"https:\/\/justicapotiguar.com.br\/index.php\/wp-json\/wp\/v2\/posts\/16610\/revisions\/16611"}],"wp:featuredmedia":[{"embeddable":true,"href":"https:\/\/justicapotiguar.com.br\/index.php\/wp-json\/wp\/v2\/media\/7252"}],"wp:attachment":[{"href":"https:\/\/justicapotiguar.com.br\/index.php\/wp-json\/wp\/v2\/media?parent=16610"}],"wp:term":[{"taxonomy":"category","embeddable":true,"href":"https:\/\/justicapotiguar.com.br\/index.php\/wp-json\/wp\/v2\/categories?post=16610"},{"taxonomy":"post_tag","embeddable":true,"href":"https:\/\/justicapotiguar.com.br\/index.php\/wp-json\/wp\/v2\/tags?post=16610"}],"curies":[{"name":"wp","href":"https:\/\/api.w.org\/{rel}","templated":true}]}}