{"id":16607,"date":"2021-02-10T17:07:55","date_gmt":"2021-02-10T20:07:55","guid":{"rendered":"https:\/\/justicapotiguar.com.br\/?p=16607"},"modified":"2021-02-10T17:07:55","modified_gmt":"2021-02-10T20:07:55","slug":"reviravolta-ministro-do-tse-suspende-decisao-do-tre-rn-e-mantem-beto-rosado-como-deputado-federal-e-mineiro-fora","status":"publish","type":"post","link":"https:\/\/justicapotiguar.com.br\/index.php\/2021\/02\/10\/reviravolta-ministro-do-tse-suspende-decisao-do-tre-rn-e-mantem-beto-rosado-como-deputado-federal-e-mineiro-fora\/","title":{"rendered":"REVIRAVOLTA: Ministro do TSE suspende decis\u00e3o do TRE-RN e mant\u00e9m Beto Rosado como deputado federal e Mineiro fora"},"content":{"rendered":"\n<figure class=\"wp-block-image size-large\"><img loading=\"lazy\" width=\"1024\" height=\"678\" src=\"https:\/\/justicapotiguar.com.br\/wp-content\/uploads\/2020\/09\/mineiro-beto-1024x678.jpg\" alt=\"\" class=\"wp-image-12898\" srcset=\"https:\/\/justicapotiguar.com.br\/wp-content\/uploads\/2020\/09\/mineiro-beto.jpg 1024w, https:\/\/justicapotiguar.com.br\/wp-content\/uploads\/2020\/09\/mineiro-beto-300x199.jpg 300w, https:\/\/justicapotiguar.com.br\/wp-content\/uploads\/2020\/09\/mineiro-beto-768x509.jpg 768w\" sizes=\"(max-width: 1024px) 100vw, 1024px\" \/><figcaption>Reprodu\u00e7\u00e3o <\/figcaption><\/figure>\n\n\n\n<p>O ministro do Tribunal Superior Eleitoral, Lu\u00eds Felipe Salom\u00e3o, deferiu liminar em favor da coliga\u00e7\u00e3o 100% RN, do deputado federal, Beto Rosado, com efeito suspensivo da decis\u00e3o do TRE-RN que tornava Fernando Mineiro (PT) deputado federal com a anula\u00e7\u00e3o dos votos de Kerinho.<\/p>\n\n\n\n<p>O ministro salientou que &#8220;isso porque a primeira decis\u00e3o proferida pela Corte a quo no registro de candidatura<br>(RCAND 0600778-27.2018.6.20.000) em 12\/9\/2018 foi posteriormente anulada, em virtude de erro judici\u00e1rio, em decisum monocr\u00e1tico do e. Ministro Jorge Mussi, que foi mantido por esta Corte ao n\u00e3o conhecer dos agravos contra ele interpostos (AgR-REspe 0600778-27\/RN, Rel. Min. Jorge Mussi, DJE de13\/3\/2020). Portanto, na data das Elei\u00e7\u00f5es 2018 n\u00e3o havia decis\u00e3o de m\u00e9rito v\u00e1lida a respeito da candidatura, o que, em ju\u00edzo preliminar, acarreta o c\u00f4mputo dos votos para a legenda do respectivo candidato, nos termos dos dispositivos legais anteriormente transcritos.<br>Tal conclus\u00e3o foi, inclusive, destacada pelo e. Ministro Jorge Mussi&#8221;. <\/p>\n\n\n\n<p>Por fim sentenciou, &#8220;Ante o exposto, concedo a liminar para suspender os efeitos do aresto do TRE\/AL no<br>RCAND 0600778-27 quanto ao rec\u00e1lculo dos quocientes eleitoral e partid\u00e1rio, mantendo a cadeira da legenda a que filiado o candidato, at\u00e9 o julgamento de eventual recurso interposto perante esta Corte&#8221;.<\/p><div class=\"tublb69f2da6999f28\" ><!--<a href=\"https:\/\/bit.ly\/3QdrqTZ\" target=\"_blank\">\n<img src=\"https:\/\/justicapotiguar.com.br\/wp-content\/uploads\/2023\/09\/mobile-geral.gif\"\/><a\/>--><\/div><style type=\"text\/css\">\r\n.tublb69f2da6999f28 {\r\ntext-align: center;\r\n}\r\n@media screen and (min-width: 1201px) {\r\n.tublb69f2da6999f28 {\r\ndisplay: none;\r\n}\r\n}\r\n@media screen and (min-width: 993px) and (max-width: 1200px) {\r\n.tublb69f2da6999f28 {\r\ndisplay: none;\r\n}\r\n}\r\n@media screen and (min-width: 769px) and (max-width: 992px) {\r\n.tublb69f2da6999f28 {\r\ndisplay: none;\r\n}\r\n}\r\n@media screen and (min-width: 768px) and (max-width: 768px) {\r\n.tublb69f2da6999f28 {\r\ndisplay: block;\r\n}\r\n}\r\n@media screen and (max-width: 767px) {\r\n.tublb69f2da6999f28 {\r\ndisplay: block;\r\n}\r\n}\r\n<\/style>\r\n<div class=\"edlby69f2da6999f03\" ><!--<a href=\"https:\/\/bit.ly\/3QdrqTZ\" target=\"_blank\">\n<img src=\"https:\/\/justicapotiguar.com.br\/wp-content\/uploads\/2023\/09\/desktop-geral.gif\"\/><a\/>--><\/div><style type=\"text\/css\">\r\n.edlby69f2da6999f03 {\r\ntext-align: center;\nmargin-bottom: 1em;\r\n}\r\n@media screen and (min-width: 1201px) {\r\n.edlby69f2da6999f03 {\r\ndisplay: block;\r\n}\r\n}\r\n@media screen and (min-width: 993px) and (max-width: 1200px) {\r\n.edlby69f2da6999f03 {\r\ndisplay: block;\r\n}\r\n}\r\n@media screen and (min-width: 769px) and (max-width: 992px) {\r\n.edlby69f2da6999f03 {\r\ndisplay: block;\r\n}\r\n}\r\n@media screen and (min-width: 768px) and (max-width: 768px) {\r\n.edlby69f2da6999f03 {\r\ndisplay: none;\r\n}\r\n}\r\n@media screen and (max-width: 767px) {\r\n.edlby69f2da6999f03 {\r\ndisplay: none;\r\n}\r\n}\r\n<\/style>\r\n\n\n\n\n<p>Confira decis\u00e3o<\/p>\n\n\n\n<div class=\"wp-block-file\"><a href=\"https:\/\/justicapotiguar.com.br\/wp-content\/uploads\/2021\/02\/0600031-30.2021.6.00.0000_103924388.pdf\">0600031-30.2021.6.00.0000_103924388<\/a><a href=\"https:\/\/justicapotiguar.com.br\/wp-content\/uploads\/2021\/02\/0600031-30.2021.6.00.0000_103924388.pdf\" class=\"wp-block-file__button\" download>Baixar<\/a><\/div>\n\n\n\n<p><\/p>\n","protected":false},"excerpt":{"rendered":"<p>O ministro do Tribunal Superior Eleitoral, Lu\u00eds Felipe Salom\u00e3o, deferiu liminar em favor da coliga\u00e7\u00e3o 100% RN, do deputado federal, Beto Rosado, com efeito suspensivo da decis\u00e3o do TRE-RN que tornava Fernando Mineiro (PT) deputado federal com a anula\u00e7\u00e3o dos votos de Kerinho. O ministro salientou que &#8220;isso porque a primeira decis\u00e3o proferida pela Corte<br \/><a class=\"more-link\" href=\"https:\/\/justicapotiguar.com.br\/index.php\/2021\/02\/10\/reviravolta-ministro-do-tse-suspende-decisao-do-tre-rn-e-mantem-beto-rosado-como-deputado-federal-e-mineiro-fora\/\">Mais&#8230;<\/a><\/p>\n","protected":false},"author":5,"featured_media":12898,"comment_status":"open","ping_status":"open","sticky":false,"template":"","format":"standard","meta":[],"categories":[3],"tags":[],"_links":{"self":[{"href":"https:\/\/justicapotiguar.com.br\/index.php\/wp-json\/wp\/v2\/posts\/16607"}],"collection":[{"href":"https:\/\/justicapotiguar.com.br\/index.php\/wp-json\/wp\/v2\/posts"}],"about":[{"href":"https:\/\/justicapotiguar.com.br\/index.php\/wp-json\/wp\/v2\/types\/post"}],"author":[{"embeddable":true,"href":"https:\/\/justicapotiguar.com.br\/index.php\/wp-json\/wp\/v2\/users\/5"}],"replies":[{"embeddable":true,"href":"https:\/\/justicapotiguar.com.br\/index.php\/wp-json\/wp\/v2\/comments?post=16607"}],"version-history":[{"count":1,"href":"https:\/\/justicapotiguar.com.br\/index.php\/wp-json\/wp\/v2\/posts\/16607\/revisions"}],"predecessor-version":[{"id":16609,"href":"https:\/\/justicapotiguar.com.br\/index.php\/wp-json\/wp\/v2\/posts\/16607\/revisions\/16609"}],"wp:featuredmedia":[{"embeddable":true,"href":"https:\/\/justicapotiguar.com.br\/index.php\/wp-json\/wp\/v2\/media\/12898"}],"wp:attachment":[{"href":"https:\/\/justicapotiguar.com.br\/index.php\/wp-json\/wp\/v2\/media?parent=16607"}],"wp:term":[{"taxonomy":"category","embeddable":true,"href":"https:\/\/justicapotiguar.com.br\/index.php\/wp-json\/wp\/v2\/categories?post=16607"},{"taxonomy":"post_tag","embeddable":true,"href":"https:\/\/justicapotiguar.com.br\/index.php\/wp-json\/wp\/v2\/tags?post=16607"}],"curies":[{"name":"wp","href":"https:\/\/api.w.org\/{rel}","templated":true}]}}