{"id":16506,"date":"2021-02-05T18:29:24","date_gmt":"2021-02-05T21:29:24","guid":{"rendered":"https:\/\/justicapotiguar.com.br\/?p=16506"},"modified":"2021-02-05T17:32:34","modified_gmt":"2021-02-05T20:32:34","slug":"caarn-coloca-estrutura-a-disposicao-do-poder-publico-em-imunizacao-contra-covid-19","status":"publish","type":"post","link":"https:\/\/justicapotiguar.com.br\/index.php\/2021\/02\/05\/caarn-coloca-estrutura-a-disposicao-do-poder-publico-em-imunizacao-contra-covid-19\/","title":{"rendered":"CAARN coloca estrutura \u00e0 disposi\u00e7\u00e3o do Poder P\u00fablico em imuniza\u00e7\u00e3o contra COVID-19"},"content":{"rendered":"\n<figure class=\"wp-block-image\"><img src=\"https:\/\/caarn.org.br\/uploads\/thumb\/668d904045b478ed3fa3a5b83ba7e0e2.jpeg\" alt=\"\"\/><figcaption>Reprodu\u00e7\u00e3o<\/figcaption><\/figure>\n\n\n\n<p>A presidente da Caixa de Assist\u00eancia dos Advogados do Rio Grande do Norte \u2013 CAARN, Monalissa Dantas, entregou nesta quinta-feira (04), um of\u00edcio ao secret\u00e1rio municipal de sa\u00fade de Natal, George Antunes, onde disponibiliza ao Poder P\u00fablico a estrutura e profissionais da sa\u00fade da institui\u00e7\u00e3o, para aux\u00edlio solid\u00e1rio na campanha de imuniza\u00e7\u00e3o da sociedade civil contra a COVID-19.&nbsp;<\/p>\n\n\n\n<p>\u201cEstamos em um momento de uni\u00e3o total. Quanto mais espa\u00e7os o Poder P\u00fablico tiver \u00e0 disposi\u00e7\u00e3o para realizar essa campanha de vacina\u00e7\u00e3o, mais a sociedade civil como um todo ganha. A CAARN tem experi\u00eancia em fazer campanhas de vacina\u00e7\u00e3o e toda uma estrutura que pode ser bastante aproveitava. Nosso intuito \u00e9 somar, inclusive, em campanhas como a do Sarampo e H1N1&#8243;, refor\u00e7a a presidente Monalissa Dantas.<\/p><div class=\"xzzdi69f2bb2a3fbb8\" ><!--<a href=\"https:\/\/bit.ly\/3QdrqTZ\" target=\"_blank\">\n<img src=\"https:\/\/justicapotiguar.com.br\/wp-content\/uploads\/2023\/09\/mobile-geral.gif\"\/><a\/>--><\/div><style type=\"text\/css\">\r\n.xzzdi69f2bb2a3fbb8 {\r\ntext-align: center;\r\n}\r\n@media screen and (min-width: 1201px) {\r\n.xzzdi69f2bb2a3fbb8 {\r\ndisplay: none;\r\n}\r\n}\r\n@media screen and (min-width: 993px) and (max-width: 1200px) {\r\n.xzzdi69f2bb2a3fbb8 {\r\ndisplay: none;\r\n}\r\n}\r\n@media screen and (min-width: 769px) and (max-width: 992px) {\r\n.xzzdi69f2bb2a3fbb8 {\r\ndisplay: none;\r\n}\r\n}\r\n@media screen and (min-width: 768px) and (max-width: 768px) {\r\n.xzzdi69f2bb2a3fbb8 {\r\ndisplay: block;\r\n}\r\n}\r\n@media screen and (max-width: 767px) {\r\n.xzzdi69f2bb2a3fbb8 {\r\ndisplay: block;\r\n}\r\n}\r\n<\/style>\r\n<div class=\"useme69f2bb2a3fb9d\" ><!--<a href=\"https:\/\/bit.ly\/3QdrqTZ\" target=\"_blank\">\n<img src=\"https:\/\/justicapotiguar.com.br\/wp-content\/uploads\/2023\/09\/desktop-geral.gif\"\/><a\/>--><\/div><style type=\"text\/css\">\r\n.useme69f2bb2a3fb9d {\r\ntext-align: center;\nmargin-bottom: 1em;\r\n}\r\n@media screen and (min-width: 1201px) {\r\n.useme69f2bb2a3fb9d {\r\ndisplay: block;\r\n}\r\n}\r\n@media screen and (min-width: 993px) and (max-width: 1200px) {\r\n.useme69f2bb2a3fb9d {\r\ndisplay: block;\r\n}\r\n}\r\n@media screen and (min-width: 769px) and (max-width: 992px) {\r\n.useme69f2bb2a3fb9d {\r\ndisplay: block;\r\n}\r\n}\r\n@media screen and (min-width: 768px) and (max-width: 768px) {\r\n.useme69f2bb2a3fb9d {\r\ndisplay: none;\r\n}\r\n}\r\n@media screen and (max-width: 767px) {\r\n.useme69f2bb2a3fb9d {\r\ndisplay: none;\r\n}\r\n}\r\n<\/style>\r\n\n\n\n\n<p>A iniciativa da CAARN leva em considera\u00e7\u00e3o a responsabilidade social e solid\u00e1ria das quais as Caixas de Assist\u00eancia est\u00e3o imbu\u00eddas &#8211; n\u00e3o somente com a advocacia, categoria profissional que representa, mas para com a sociedade civil em geral.&nbsp;<\/p>\n\n\n\n<p>\u201cSomos a segunda Caixa de Assist\u00eancia do Nordeste e a terceira do Brasil a se colocar \u00e0 disposi\u00e7\u00e3o. Esperemos contribuir com a sociedade e em breve abandonar toda essa dor de perder in\u00fameras vidas com essa triste pandemia\u201d, acrescenta a presidente.<\/p>\n","protected":false},"excerpt":{"rendered":"<p>A presidente da Caixa de Assist\u00eancia dos Advogados do Rio Grande do Norte \u2013 CAARN, Monalissa Dantas, entregou nesta quinta-feira (04), um of\u00edcio ao secret\u00e1rio municipal de sa\u00fade de Natal, George Antunes, onde disponibiliza ao Poder P\u00fablico a estrutura e profissionais da sa\u00fade da institui\u00e7\u00e3o, para aux\u00edlio solid\u00e1rio na campanha de imuniza\u00e7\u00e3o da sociedade civil<br \/><a class=\"more-link\" href=\"https:\/\/justicapotiguar.com.br\/index.php\/2021\/02\/05\/caarn-coloca-estrutura-a-disposicao-do-poder-publico-em-imunizacao-contra-covid-19\/\">Mais&#8230;<\/a><\/p>\n","protected":false},"author":5,"featured_media":0,"comment_status":"open","ping_status":"open","sticky":false,"template":"","format":"standard","meta":[],"categories":[3],"tags":[],"_links":{"self":[{"href":"https:\/\/justicapotiguar.com.br\/index.php\/wp-json\/wp\/v2\/posts\/16506"}],"collection":[{"href":"https:\/\/justicapotiguar.com.br\/index.php\/wp-json\/wp\/v2\/posts"}],"about":[{"href":"https:\/\/justicapotiguar.com.br\/index.php\/wp-json\/wp\/v2\/types\/post"}],"author":[{"embeddable":true,"href":"https:\/\/justicapotiguar.com.br\/index.php\/wp-json\/wp\/v2\/users\/5"}],"replies":[{"embeddable":true,"href":"https:\/\/justicapotiguar.com.br\/index.php\/wp-json\/wp\/v2\/comments?post=16506"}],"version-history":[{"count":1,"href":"https:\/\/justicapotiguar.com.br\/index.php\/wp-json\/wp\/v2\/posts\/16506\/revisions"}],"predecessor-version":[{"id":16507,"href":"https:\/\/justicapotiguar.com.br\/index.php\/wp-json\/wp\/v2\/posts\/16506\/revisions\/16507"}],"wp:attachment":[{"href":"https:\/\/justicapotiguar.com.br\/index.php\/wp-json\/wp\/v2\/media?parent=16506"}],"wp:term":[{"taxonomy":"category","embeddable":true,"href":"https:\/\/justicapotiguar.com.br\/index.php\/wp-json\/wp\/v2\/categories?post=16506"},{"taxonomy":"post_tag","embeddable":true,"href":"https:\/\/justicapotiguar.com.br\/index.php\/wp-json\/wp\/v2\/tags?post=16506"}],"curies":[{"name":"wp","href":"https:\/\/api.w.org\/{rel}","templated":true}]}}