{"id":16504,"date":"2021-02-05T16:20:57","date_gmt":"2021-02-05T19:20:57","guid":{"rendered":"https:\/\/justicapotiguar.com.br\/?p=16504"},"modified":"2021-02-05T15:52:18","modified_gmt":"2021-02-05T18:52:18","slug":"cinco-procuradores-da-lava-jato-gastaram-r-38-milhoes-em-diarias-e-passagens","status":"publish","type":"post","link":"https:\/\/justicapotiguar.com.br\/index.php\/2021\/02\/05\/cinco-procuradores-da-lava-jato-gastaram-r-38-milhoes-em-diarias-e-passagens\/","title":{"rendered":"Cinco procuradores da &#8220;lava jato&#8221; gastaram R$ 3,8 milh\u00f5es em di\u00e1rias e passagens"},"content":{"rendered":"\n<p>Apenas cinco procuradores destacados para integrar a for\u00e7a-tarefa da &#8220;lava jato&#8221; em Curitiba foram respons\u00e1veis por quase metade dos gastos com di\u00e1rias e passagens ao longo dos sete anos que durou o arranjo informal. O levantamento foi feito pelo&nbsp;<a href=\"https:\/\/www.poder360.com.br\/lava-jato\/lava-jato-pagou-r-38-milhoes-em-diarias-e-passagens-a-so-5-procuradores\/\" target=\"_blank\" rel=\"noreferrer noopener\"><em>Poder360<\/em><\/a>, com base em dados da Lei de Acesso \u00e0 Informa\u00e7\u00e3o (LAI).<\/p>\n\n\n\n<figure class=\"wp-block-image\"><img src=\"https:\/\/www.conjur.com.br\/img\/b\/procurador-januario-paludo.jpeg\" alt=\"\"\/><figcaption><sup>Reprodu\u00e7\u00e3o\/Facebook<\/sup>Procurador Janu\u00e1rio Paludo foi um dos que mais rendeu gastos ao MPF na &#8220;lava jato&#8221;<\/figcaption><\/figure>\n\n\n\n<p>No total, foram gastos R$ 7,5 milh\u00f5es com di\u00e1rias e passagens durante o per\u00edodo. Metade dessa quantia (R$ 3,8 milh\u00f5es) foi usada para reembolsar despesas de cinco procuradores: Janu\u00e1rio Paludo (que reembolsou R$ 712.113,87 em di\u00e1rias e R$ 165.142,75 em passagens); Antonio Carlos Welter (R$ 667.332,31 em di\u00e1rias e R$ 246.869,51 em passagens); Orlando Martello Junior (R$ 609.396,56 em di\u00e1rias e R$ 154.147,25 em passagens); Diogo Castor de Mattos&nbsp;(R$ 545.114,53 em di\u00e1rias e R$ 25.054,49 em passagens); e Carlos Fernando dos Santos Lima&nbsp;(R$ 505.945,81 em di\u00e1rias e R$ 143.598,03 em passagens).<\/p>\n\n\n\n<p>Essa despropor\u00e7\u00e3o gritante se deve ao fato de que eles foram requisitados de outras cidades para trabalhar na &#8220;lava jato&#8221;. Muitos deles nunca se mudaram definitivamente para Curitiba&nbsp;e passaram anos gerando gastos com os deslocamentos.<\/p>\n\n\n\n<p>Em resposta aos questionamentos do rep\u00f3rter Guilherme Waltenberg, do&nbsp;<em>Poder360<\/em>, o Minist\u00e9rio P\u00fablico Federal se limitou a dizer que os gastos est\u00e3o dentro da legalidade, mas n\u00e3o explicou por que os procuradores n\u00e3o se mudaram para Curitiba, para reduzir essa quantia.<\/p><div class=\"zgfms69f2bb28bb541\" ><!--<a href=\"https:\/\/bit.ly\/3QdrqTZ\" target=\"_blank\">\n<img src=\"https:\/\/justicapotiguar.com.br\/wp-content\/uploads\/2023\/09\/mobile-geral.gif\"\/><a\/>--><\/div><style type=\"text\/css\">\r\n.zgfms69f2bb28bb541 {\r\ntext-align: center;\r\n}\r\n@media screen and (min-width: 1201px) {\r\n.zgfms69f2bb28bb541 {\r\ndisplay: none;\r\n}\r\n}\r\n@media screen and (min-width: 993px) and (max-width: 1200px) {\r\n.zgfms69f2bb28bb541 {\r\ndisplay: none;\r\n}\r\n}\r\n@media screen and (min-width: 769px) and (max-width: 992px) {\r\n.zgfms69f2bb28bb541 {\r\ndisplay: none;\r\n}\r\n}\r\n@media screen and (min-width: 768px) and (max-width: 768px) {\r\n.zgfms69f2bb28bb541 {\r\ndisplay: block;\r\n}\r\n}\r\n@media screen and (max-width: 767px) {\r\n.zgfms69f2bb28bb541 {\r\ndisplay: block;\r\n}\r\n}\r\n<\/style>\r\n<div class=\"oqbkj69f2bb28bb52b\" ><!--<a href=\"https:\/\/bit.ly\/3QdrqTZ\" target=\"_blank\">\n<img src=\"https:\/\/justicapotiguar.com.br\/wp-content\/uploads\/2023\/09\/desktop-geral.gif\"\/><a\/>--><\/div><style type=\"text\/css\">\r\n.oqbkj69f2bb28bb52b {\r\ntext-align: center;\nmargin-bottom: 1em;\r\n}\r\n@media screen and (min-width: 1201px) {\r\n.oqbkj69f2bb28bb52b {\r\ndisplay: block;\r\n}\r\n}\r\n@media screen and (min-width: 993px) and (max-width: 1200px) {\r\n.oqbkj69f2bb28bb52b {\r\ndisplay: block;\r\n}\r\n}\r\n@media screen and (min-width: 769px) and (max-width: 992px) {\r\n.oqbkj69f2bb28bb52b {\r\ndisplay: block;\r\n}\r\n}\r\n@media screen and (min-width: 768px) and (max-width: 768px) {\r\n.oqbkj69f2bb28bb52b {\r\ndisplay: none;\r\n}\r\n}\r\n@media screen and (max-width: 767px) {\r\n.oqbkj69f2bb28bb52b {\r\ndisplay: none;\r\n}\r\n}\r\n<\/style>\r\n\n\n\n\n<p><strong>Viagens<\/strong><br>O levantamento da reportagem ainda mostra que, at\u00e9 2020, a for\u00e7a-tarefa registrou 2.585 deslocamentos nacionais e internacionais. Ao exterior, foram 49 viagens, entre elas 13 para os Estados Unidos, 13 para a Fran\u00e7a&nbsp;e seis para a Su\u00ed\u00e7a.<\/p>\n\n\n\n<p>Os gastos podem n\u00e3o parecer t\u00e3o expressivos, considerando os or\u00e7amentos nacionais para o Judici\u00e1rio, mas s\u00e3o mais uma seta apontando para a capacidade do cons\u00f3rcio de Curitiba de\u00a0<a rel=\"noreferrer noopener\" href=\"https:\/\/www.conjur.com.br\/2021-fev-04\/especialistas-ensinam-converter-idealismo-dinheiro\" target=\"_blank\">converter idealismo em dinheiro<\/a>.<\/p>\n\n\n\n<p>Conjur<\/p>\n","protected":false},"excerpt":{"rendered":"<p>Apenas cinco procuradores destacados para integrar a for\u00e7a-tarefa da &#8220;lava jato&#8221; em Curitiba foram respons\u00e1veis por quase metade dos gastos com di\u00e1rias e passagens ao longo dos sete anos que durou o arranjo informal. O levantamento foi feito pelo&nbsp;Poder360, com base em dados da Lei de Acesso \u00e0 Informa\u00e7\u00e3o (LAI). No total, foram gastos R$<br \/><a class=\"more-link\" href=\"https:\/\/justicapotiguar.com.br\/index.php\/2021\/02\/05\/cinco-procuradores-da-lava-jato-gastaram-r-38-milhoes-em-diarias-e-passagens\/\">Mais&#8230;<\/a><\/p>\n","protected":false},"author":5,"featured_media":8146,"comment_status":"open","ping_status":"open","sticky":false,"template":"","format":"standard","meta":[],"categories":[3],"tags":[],"_links":{"self":[{"href":"https:\/\/justicapotiguar.com.br\/index.php\/wp-json\/wp\/v2\/posts\/16504"}],"collection":[{"href":"https:\/\/justicapotiguar.com.br\/index.php\/wp-json\/wp\/v2\/posts"}],"about":[{"href":"https:\/\/justicapotiguar.com.br\/index.php\/wp-json\/wp\/v2\/types\/post"}],"author":[{"embeddable":true,"href":"https:\/\/justicapotiguar.com.br\/index.php\/wp-json\/wp\/v2\/users\/5"}],"replies":[{"embeddable":true,"href":"https:\/\/justicapotiguar.com.br\/index.php\/wp-json\/wp\/v2\/comments?post=16504"}],"version-history":[{"count":1,"href":"https:\/\/justicapotiguar.com.br\/index.php\/wp-json\/wp\/v2\/posts\/16504\/revisions"}],"predecessor-version":[{"id":16505,"href":"https:\/\/justicapotiguar.com.br\/index.php\/wp-json\/wp\/v2\/posts\/16504\/revisions\/16505"}],"wp:featuredmedia":[{"embeddable":true,"href":"https:\/\/justicapotiguar.com.br\/index.php\/wp-json\/wp\/v2\/media\/8146"}],"wp:attachment":[{"href":"https:\/\/justicapotiguar.com.br\/index.php\/wp-json\/wp\/v2\/media?parent=16504"}],"wp:term":[{"taxonomy":"category","embeddable":true,"href":"https:\/\/justicapotiguar.com.br\/index.php\/wp-json\/wp\/v2\/categories?post=16504"},{"taxonomy":"post_tag","embeddable":true,"href":"https:\/\/justicapotiguar.com.br\/index.php\/wp-json\/wp\/v2\/tags?post=16504"}],"curies":[{"name":"wp","href":"https:\/\/api.w.org\/{rel}","templated":true}]}}