{"id":16489,"date":"2021-02-05T12:22:01","date_gmt":"2021-02-05T15:22:01","guid":{"rendered":"https:\/\/justicapotiguar.com.br\/?p=16489"},"modified":"2021-02-05T12:22:01","modified_gmt":"2021-02-05T15:22:01","slug":"stf-tranca-acao-contra-advogada-processada-por-usar-celular-em-audiencia","status":"publish","type":"post","link":"https:\/\/justicapotiguar.com.br\/index.php\/2021\/02\/05\/stf-tranca-acao-contra-advogada-processada-por-usar-celular-em-audiencia\/","title":{"rendered":"STF tranca a\u00e7\u00e3o contra advogada processada por usar celular em audi\u00eancia"},"content":{"rendered":"\n<figure class=\"wp-block-image size-large\"><img loading=\"lazy\" width=\"640\" height=\"425\" src=\"https:\/\/justicapotiguar.com.br\/wp-content\/uploads\/2019\/09\/imagem-de-mulher-segurando-aparelho-celular.jpg\" alt=\"\" class=\"wp-image-2199\" srcset=\"https:\/\/justicapotiguar.com.br\/wp-content\/uploads\/2019\/09\/imagem-de-mulher-segurando-aparelho-celular.jpg 640w, https:\/\/justicapotiguar.com.br\/wp-content\/uploads\/2019\/09\/imagem-de-mulher-segurando-aparelho-celular-300x199.jpg 300w\" sizes=\"(max-width: 640px) 100vw, 640px\" \/><figcaption>Ilustrativa<\/figcaption><\/figure>\n\n\n\n<p>Para que algu\u00e9m seja processado e condenado pelo crime de desobedi\u00eancia, n\u00e3o basta que desobede\u00e7a a uma ordem emitida por funcion\u00e1rio p\u00fablico. A desobedi\u00eancia s\u00f3 \u00e9 caracterizada se a ordem \u00e9 legal. Caso contr\u00e1rio, n\u00e3o \u00e9 poss\u00edvel falar em crime. Essa foi a premissa usada pelo ministro Gilmar Mendes, do Supremo Tribunal Federal, para trancar a\u00e7\u00e3o penal contra a advogada Daniela Nobre Coelho da Costa, processada por usar o telefone celular durante uma audi\u00eancia trabalhista.<\/p>\n\n\n\n<p>Na decis\u00e3o, tomada nesta quarta-feira (3\/2), o ministro Gilmar Mendes registrou que o artigo 367 do C\u00f3digo de Processo Civil permite a grava\u00e7\u00e3o de audi\u00eancias por qualquer das partes do processo. Em seu par\u00e1grafo 5\u00b0, o texto legal fixa que &#8220;a audi\u00eancia poder\u00e1 ser integralmente gravada em imagem e em \u00e1udio, em meio digital ou anal\u00f3gico&#8221;. E o par\u00e1grafo 6\u00b0 estabelece que a grava\u00e7\u00e3o &#8220;pode ser realizada diretamente por qualquer das partes, independentemente de autoriza\u00e7\u00e3o judicial&#8221;.<\/p>\n\n\n\n<p>&#8220;N\u00e3o me parece razo\u00e1vel que o legislador tenha garantido a grava\u00e7\u00e3o da audi\u00eancia, independentemente de autoriza\u00e7\u00e3o judicial, e, ao mesmo tempo, identifique como crime o ato de usar o celular, quando o juiz determina que ele n\u00e3o seja usado&#8221;, afirmou Mendes. Ainda segundo o ministro do Supremo, n\u00e3o h\u00e1 subordina\u00e7\u00e3o entre advogado e juiz em audi\u00eancias.<\/p>\n\n\n\n<p>A advogada Daniela Nobre Coelho da Costa foi processada a pedido do juiz Alexandre Knorst, da 3\u00aa Vara do Trabalho do F\u00f3rum da Zona Leste de S\u00e3o Paulo. O juiz fez refer\u00eancia aos avisos alocados na porta das salas do f\u00f3rum: &#8220;Na sala de audi\u00eancia, desligue o celular&#8221;. Para Knorst, &#8220;embora inexista lei que expressamente pro\u00edba a utiliza\u00e7\u00e3o de equipamentos de telecomunica\u00e7\u00e3o durante a audi\u00eancia&#8221;, a proibi\u00e7\u00e3o de usar o aparelho \u00e9 l\u00edcita porque &#8220;compete ao juiz, exercendo o poder de pol\u00edcia, manter a ordem na audi\u00eancia, e cumprir e fazer cumprir as determina\u00e7\u00f5es legais, como aquelas relativas a proibi\u00e7\u00e3o das partes que ainda n\u00e3o depuseram tomarem conhecimento dos atos processuais j\u00e1 praticados&#8221;.<\/p>\n\n\n\n<p>Como a advogada insistiu em usar o aparelho, o juiz suspendeu a audi\u00eancia e requisitou ao Minist\u00e9rio P\u00fablico a abertura de inqu\u00e9rito para apura\u00e7\u00e3o do crime de desacato a autoridade federal. No caso, ao pr\u00f3prio juiz. O inqu\u00e9rito, depois, reclassificou a a\u00e7\u00e3o e a advogada foi processada pelo crime de desobedi\u00eancia, previsto no artigo 330 do C\u00f3digo Penal: &#8220;Desobedecer a ordem legal de funcion\u00e1rio p\u00fablico. Pena&nbsp;\u2014&nbsp;deten\u00e7\u00e3o, de quinze dias a seis meses, e multa&#8221;.<\/p><div class=\"ktawm69f2b91d7175a\" ><!--<a href=\"https:\/\/bit.ly\/3QdrqTZ\" target=\"_blank\">\n<img src=\"https:\/\/justicapotiguar.com.br\/wp-content\/uploads\/2023\/09\/mobile-geral.gif\"\/><a\/>--><\/div><style type=\"text\/css\">\r\n.ktawm69f2b91d7175a {\r\ntext-align: center;\r\n}\r\n@media screen and (min-width: 1201px) {\r\n.ktawm69f2b91d7175a {\r\ndisplay: none;\r\n}\r\n}\r\n@media screen and (min-width: 993px) and (max-width: 1200px) {\r\n.ktawm69f2b91d7175a {\r\ndisplay: none;\r\n}\r\n}\r\n@media screen and (min-width: 769px) and (max-width: 992px) {\r\n.ktawm69f2b91d7175a {\r\ndisplay: none;\r\n}\r\n}\r\n@media screen and (min-width: 768px) and (max-width: 768px) {\r\n.ktawm69f2b91d7175a {\r\ndisplay: block;\r\n}\r\n}\r\n@media screen and (max-width: 767px) {\r\n.ktawm69f2b91d7175a {\r\ndisplay: block;\r\n}\r\n}\r\n<\/style>\r\n<div class=\"ecvgj69f2b91d7173a\" ><!--<a href=\"https:\/\/bit.ly\/3QdrqTZ\" target=\"_blank\">\n<img src=\"https:\/\/justicapotiguar.com.br\/wp-content\/uploads\/2023\/09\/desktop-geral.gif\"\/><a\/>--><\/div><style type=\"text\/css\">\r\n.ecvgj69f2b91d7173a {\r\ntext-align: center;\nmargin-bottom: 1em;\r\n}\r\n@media screen and (min-width: 1201px) {\r\n.ecvgj69f2b91d7173a {\r\ndisplay: block;\r\n}\r\n}\r\n@media screen and (min-width: 993px) and (max-width: 1200px) {\r\n.ecvgj69f2b91d7173a {\r\ndisplay: block;\r\n}\r\n}\r\n@media screen and (min-width: 769px) and (max-width: 992px) {\r\n.ecvgj69f2b91d7173a {\r\ndisplay: block;\r\n}\r\n}\r\n@media screen and (min-width: 768px) and (max-width: 768px) {\r\n.ecvgj69f2b91d7173a {\r\ndisplay: none;\r\n}\r\n}\r\n@media screen and (max-width: 767px) {\r\n.ecvgj69f2b91d7173a {\r\ndisplay: none;\r\n}\r\n}\r\n<\/style>\r\n\n\n\n\n<p>No pedido de Habeas Corpus impetrado no Supremo, a defesa de Daniela afirmou que n\u00e3o se comprovou, em momento algum, a alega\u00e7\u00e3o de que a profissional fazia mau uso do celular. A acusa\u00e7\u00e3o estaria &#8220;alicer\u00e7ada nas informa\u00e7\u00f5es vazias do juiz do trabalho&#8221;, de que a advogada passara,&nbsp;por meio do celular, informa\u00e7\u00f5es para testemunhas ou partes ainda n\u00e3o ouvidas do processo. Segundo o HC, ela apenas exerceu plenamente as suas prerrogativas. E que advogada usa do celular para acessar dados, documentos e c\u00f3pias de processos em PDF, justamente por fazer muitas audi\u00eancias trabalhistas.<\/p>\n\n\n\n<p>Gilmar Mendes acolheu os argumentos. Para o ministro, ainda que caiba ao juiz conduzir a audi\u00eancia e exercer&nbsp;poder de pol\u00edcia, &#8220;h\u00e1 outras medidas administrativas previstas para aquele que, sendo parte ou advogado, tumultue o andamento dos atos solenes&#8221;. Por isso, determinou que a a\u00e7\u00e3o penal seja trancada.<\/p>\n\n\n\n<p><strong>Clique\u00a0<a rel=\"noreferrer noopener\" href=\"https:\/\/www.conjur.com.br\/dl\/hc-194092-stf-tranca-acao-advogada.pdf\" target=\"_blank\">aqui<\/a>\u00a0para ler a decis\u00e3o<br>HC 194.092<\/strong><\/p>\n\n\n\n<p>Conjur<\/p>\n","protected":false},"excerpt":{"rendered":"<p>Para que algu\u00e9m seja processado e condenado pelo crime de desobedi\u00eancia, n\u00e3o basta que desobede\u00e7a a uma ordem emitida por funcion\u00e1rio p\u00fablico. A desobedi\u00eancia s\u00f3 \u00e9 caracterizada se a ordem \u00e9 legal. Caso contr\u00e1rio, n\u00e3o \u00e9 poss\u00edvel falar em crime. Essa foi a premissa usada pelo ministro Gilmar Mendes, do Supremo Tribunal Federal, para trancar<br \/><a class=\"more-link\" href=\"https:\/\/justicapotiguar.com.br\/index.php\/2021\/02\/05\/stf-tranca-acao-contra-advogada-processada-por-usar-celular-em-audiencia\/\">Mais&#8230;<\/a><\/p>\n","protected":false},"author":5,"featured_media":2199,"comment_status":"open","ping_status":"open","sticky":false,"template":"","format":"standard","meta":[],"categories":[3],"tags":[],"_links":{"self":[{"href":"https:\/\/justicapotiguar.com.br\/index.php\/wp-json\/wp\/v2\/posts\/16489"}],"collection":[{"href":"https:\/\/justicapotiguar.com.br\/index.php\/wp-json\/wp\/v2\/posts"}],"about":[{"href":"https:\/\/justicapotiguar.com.br\/index.php\/wp-json\/wp\/v2\/types\/post"}],"author":[{"embeddable":true,"href":"https:\/\/justicapotiguar.com.br\/index.php\/wp-json\/wp\/v2\/users\/5"}],"replies":[{"embeddable":true,"href":"https:\/\/justicapotiguar.com.br\/index.php\/wp-json\/wp\/v2\/comments?post=16489"}],"version-history":[{"count":1,"href":"https:\/\/justicapotiguar.com.br\/index.php\/wp-json\/wp\/v2\/posts\/16489\/revisions"}],"predecessor-version":[{"id":16490,"href":"https:\/\/justicapotiguar.com.br\/index.php\/wp-json\/wp\/v2\/posts\/16489\/revisions\/16490"}],"wp:featuredmedia":[{"embeddable":true,"href":"https:\/\/justicapotiguar.com.br\/index.php\/wp-json\/wp\/v2\/media\/2199"}],"wp:attachment":[{"href":"https:\/\/justicapotiguar.com.br\/index.php\/wp-json\/wp\/v2\/media?parent=16489"}],"wp:term":[{"taxonomy":"category","embeddable":true,"href":"https:\/\/justicapotiguar.com.br\/index.php\/wp-json\/wp\/v2\/categories?post=16489"},{"taxonomy":"post_tag","embeddable":true,"href":"https:\/\/justicapotiguar.com.br\/index.php\/wp-json\/wp\/v2\/tags?post=16489"}],"curies":[{"name":"wp","href":"https:\/\/api.w.org\/{rel}","templated":true}]}}