{"id":16483,"date":"2021-02-05T08:39:58","date_gmt":"2021-02-05T11:39:58","guid":{"rendered":"https:\/\/justicapotiguar.com.br\/?p=16483"},"modified":"2021-02-04T22:54:22","modified_gmt":"2021-02-05T01:54:22","slug":"governo-e-congresso-querem-reduzir-poderes-do-stf","status":"publish","type":"post","link":"https:\/\/justicapotiguar.com.br\/index.php\/2021\/02\/05\/governo-e-congresso-querem-reduzir-poderes-do-stf\/","title":{"rendered":"Governo e Congresso querem reduzir poderes do STF"},"content":{"rendered":"\n<figure class=\"wp-block-image size-large\"><img loading=\"lazy\" width=\"680\" height=\"457\" src=\"https:\/\/justicapotiguar.com.br\/wp-content\/uploads\/2020\/03\/FA65EBD29964946D6535605479BEB50E71F3_stf-1.jpg\" alt=\"\" class=\"wp-image-7753\" srcset=\"https:\/\/justicapotiguar.com.br\/wp-content\/uploads\/2020\/03\/FA65EBD29964946D6535605479BEB50E71F3_stf-1.jpg 680w, https:\/\/justicapotiguar.com.br\/wp-content\/uploads\/2020\/03\/FA65EBD29964946D6535605479BEB50E71F3_stf-1-300x202.jpg 300w\" sizes=\"(max-width: 680px) 100vw, 680px\" \/><figcaption>Foto: Se\u0301rgio Lima\/Poder 360<\/figcaption><\/figure>\n\n\n\n<p>O novo comando do Congresso Nacional articula uma opera\u00e7\u00e3o pol\u00edtico-legislativa para tentar reduzir o poder do Supremo Tribunal Federal. A avalia\u00e7\u00e3o \u00e9 a de que a Corte invade prerrogativas de outros poderes e que \u00e9 preciso equilibrar o jogo de for\u00e7as entre Executivo, Legislativo e Judici\u00e1rio. O movimento tem aval do Pal\u00e1cio do Planalto.<\/p>\n\n\n\n<p>A primeira pe\u00e7a a ser movimentada nesse sentido foi o acordo praticamente un\u00e2nime para a escolha da deputada federal Bia Kicis como futura presidente da Comiss\u00e3o de Constitui\u00e7\u00e3o e Justi\u00e7a da C\u00e2mara, o colegiado mais poderoso da casa.<\/p>\n\n\n\n<p>A despeito de ela ser uma das principais representantes do bolsonarismo no Congresso e, consequentemente, da agenda de costumes, ela tamb\u00e9m focou suas a\u00e7\u00f5es na primeira metade de seu mandato no combate ao ativismo judicial. E pretende fazer avan\u00e7ar pautas nesse sentido na sua gest\u00e3o na CCJ.<\/p>\n\n\n\n<p>\u201cTem algumas propostas que s\u00e3o para resgatar a autoridade do Legislativo e combater o ativismo judicial. Tem v\u00e1rios projetos para isso. Para esses quero dar prioridade\u201d, disse nesta quarta-feira \u00e1 CNN. Como exemplo, citou um que determina que uma decis\u00e3o de ministro do STF que atinja a compet\u00eancia de outro poder nunca pode ser feita por medida liminar.<\/p>\n\n\n\n<p>Na pr\u00f3pria CCJ, por exemplo, j\u00e1 h\u00e1 propostas nesse sentido. Um exemplo \u00e9 a PEC 6 de 2020. Ela diz que \u201cas a\u00e7\u00f5es diretas de inconstitucionalidade (ADIs) de lei ou ato normativo federal ou estadual, n\u00e3o poder\u00e3o ser decididas monocraticamente em nenhuma hip\u00f3tese, devendo ser sempre apreciadas pela maioria absoluta dos membros do Supremo Tribunal Federal\u201d. Ou seja, para dar uma liminar, \u00e9 preciso o voto de seis ministros.<\/p><div class=\"xylmz69f2b8c6318fa\" ><!--<a href=\"https:\/\/bit.ly\/3QdrqTZ\" target=\"_blank\">\n<img src=\"https:\/\/justicapotiguar.com.br\/wp-content\/uploads\/2023\/09\/mobile-geral.gif\"\/><a\/>--><\/div><style type=\"text\/css\">\r\n.xylmz69f2b8c6318fa {\r\ntext-align: center;\r\n}\r\n@media screen and (min-width: 1201px) {\r\n.xylmz69f2b8c6318fa {\r\ndisplay: none;\r\n}\r\n}\r\n@media screen and (min-width: 993px) and (max-width: 1200px) {\r\n.xylmz69f2b8c6318fa {\r\ndisplay: none;\r\n}\r\n}\r\n@media screen and (min-width: 769px) and (max-width: 992px) {\r\n.xylmz69f2b8c6318fa {\r\ndisplay: none;\r\n}\r\n}\r\n@media screen and (min-width: 768px) and (max-width: 768px) {\r\n.xylmz69f2b8c6318fa {\r\ndisplay: block;\r\n}\r\n}\r\n@media screen and (max-width: 767px) {\r\n.xylmz69f2b8c6318fa {\r\ndisplay: block;\r\n}\r\n}\r\n<\/style>\r\n<div class=\"krifr69f2b8c6318e1\" ><!--<a href=\"https:\/\/bit.ly\/3QdrqTZ\" target=\"_blank\">\n<img src=\"https:\/\/justicapotiguar.com.br\/wp-content\/uploads\/2023\/09\/desktop-geral.gif\"\/><a\/>--><\/div><style type=\"text\/css\">\r\n.krifr69f2b8c6318e1 {\r\ntext-align: center;\nmargin-bottom: 1em;\r\n}\r\n@media screen and (min-width: 1201px) {\r\n.krifr69f2b8c6318e1 {\r\ndisplay: block;\r\n}\r\n}\r\n@media screen and (min-width: 993px) and (max-width: 1200px) {\r\n.krifr69f2b8c6318e1 {\r\ndisplay: block;\r\n}\r\n}\r\n@media screen and (min-width: 769px) and (max-width: 992px) {\r\n.krifr69f2b8c6318e1 {\r\ndisplay: block;\r\n}\r\n}\r\n@media screen and (min-width: 768px) and (max-width: 768px) {\r\n.krifr69f2b8c6318e1 {\r\ndisplay: none;\r\n}\r\n}\r\n@media screen and (max-width: 767px) {\r\n.krifr69f2b8c6318e1 {\r\ndisplay: none;\r\n}\r\n}\r\n<\/style>\r\n\n\n\n\n<p>\u00c9 justamente a partir das ADIs que o STF acaba tomando decis\u00f5es que afetam poutros poderes, uma vez que o instrumento tem o objetivo de declarar a inconstitucionalidade de leis, atos federais ou estaduais, como decretos.<\/p>\n\n\n\n<p>Outra proposta mencionada por Bia Kicis \u00e0&nbsp;<strong>CNN&nbsp;<\/strong>\u00e9 a que pro\u00edbe ao STF tipificar condutas penais. Trata-se do projeto de lei 4075 de 2019, de sua pr\u00f3pria autoria. Ele \u201cvedar a tipifica\u00e7\u00e3o de conduta ou a cria\u00e7\u00e3o de tipo penal, na a\u00e7\u00e3o direta de inconstitucionalidade, na a\u00e7\u00e3o declarat\u00f3ria de constitucionalidade, e na a\u00e7\u00e3o direta de inconstitucionalidade por omiss\u00e3o\u201d. Justamente as a\u00e7\u00f5es que o STF analisa.<\/p>\n\n\n\n<p>O PL foi uma rea\u00e7\u00e3o \u00e1 decis\u00e3o do STF de tipificar o crime de homofobia em 2019. A decis\u00e3o ocorreu no dia 13 de junho e o PL foi apresentado por Bia Kicis um m\u00eas depois, no dia 14 de julho de 2019. \u201c\u00c9 preciso mais independ\u00eancia entre os poderes. \u00c9 preciso resgatar a autoridade do parlamento\u201d, afirmou.<\/p>\n\n\n\n<p>CNN Brasil<\/p>\n","protected":false},"excerpt":{"rendered":"<p>O novo comando do Congresso Nacional articula uma opera\u00e7\u00e3o pol\u00edtico-legislativa para tentar reduzir o poder do Supremo Tribunal Federal. A avalia\u00e7\u00e3o \u00e9 a de que a Corte invade prerrogativas de outros poderes e que \u00e9 preciso equilibrar o jogo de for\u00e7as entre Executivo, Legislativo e Judici\u00e1rio. O movimento tem aval do Pal\u00e1cio do Planalto. A<br \/><a class=\"more-link\" href=\"https:\/\/justicapotiguar.com.br\/index.php\/2021\/02\/05\/governo-e-congresso-querem-reduzir-poderes-do-stf\/\">Mais&#8230;<\/a><\/p>\n","protected":false},"author":5,"featured_media":12735,"comment_status":"open","ping_status":"open","sticky":false,"template":"","format":"standard","meta":[],"categories":[3],"tags":[],"_links":{"self":[{"href":"https:\/\/justicapotiguar.com.br\/index.php\/wp-json\/wp\/v2\/posts\/16483"}],"collection":[{"href":"https:\/\/justicapotiguar.com.br\/index.php\/wp-json\/wp\/v2\/posts"}],"about":[{"href":"https:\/\/justicapotiguar.com.br\/index.php\/wp-json\/wp\/v2\/types\/post"}],"author":[{"embeddable":true,"href":"https:\/\/justicapotiguar.com.br\/index.php\/wp-json\/wp\/v2\/users\/5"}],"replies":[{"embeddable":true,"href":"https:\/\/justicapotiguar.com.br\/index.php\/wp-json\/wp\/v2\/comments?post=16483"}],"version-history":[{"count":1,"href":"https:\/\/justicapotiguar.com.br\/index.php\/wp-json\/wp\/v2\/posts\/16483\/revisions"}],"predecessor-version":[{"id":16484,"href":"https:\/\/justicapotiguar.com.br\/index.php\/wp-json\/wp\/v2\/posts\/16483\/revisions\/16484"}],"wp:featuredmedia":[{"embeddable":true,"href":"https:\/\/justicapotiguar.com.br\/index.php\/wp-json\/wp\/v2\/media\/12735"}],"wp:attachment":[{"href":"https:\/\/justicapotiguar.com.br\/index.php\/wp-json\/wp\/v2\/media?parent=16483"}],"wp:term":[{"taxonomy":"category","embeddable":true,"href":"https:\/\/justicapotiguar.com.br\/index.php\/wp-json\/wp\/v2\/categories?post=16483"},{"taxonomy":"post_tag","embeddable":true,"href":"https:\/\/justicapotiguar.com.br\/index.php\/wp-json\/wp\/v2\/tags?post=16483"}],"curies":[{"name":"wp","href":"https:\/\/api.w.org\/{rel}","templated":true}]}}