{"id":16479,"date":"2021-02-04T16:13:37","date_gmt":"2021-02-04T19:13:37","guid":{"rendered":"https:\/\/justicapotiguar.com.br\/?p=16479"},"modified":"2021-02-04T16:13:37","modified_gmt":"2021-02-04T19:13:37","slug":"justica-proibe-bb-de-fechar-agencias-e-demitir-funcionarios-ate-fim-da-pandemia","status":"publish","type":"post","link":"https:\/\/justicapotiguar.com.br\/index.php\/2021\/02\/04\/justica-proibe-bb-de-fechar-agencias-e-demitir-funcionarios-ate-fim-da-pandemia\/","title":{"rendered":"Justi\u00e7a pro\u00edbe BB de fechar ag\u00eancias e demitir funcion\u00e1rios at\u00e9 fim da pandemia"},"content":{"rendered":"\n<p>A Justi\u00e7a do Maranh\u00e3o determinou por meio de liminar a suspens\u00e3o do fechamento das ag\u00eancias do Banco do Brasil em todo o pa\u00eds. A decis\u00e3o foi proferida nesta quarta-feira (3) pela Vara de Interesses Difusos e Coletivos de S\u00e3o Lu\u00eds depois de uma a\u00e7\u00e3o movida pelo Sindicato dos Banc\u00e1rios do Maranh\u00e3o (SEEB-MA).<\/p>\n\n\n\n<figure class=\"wp-block-image size-large\"><img loading=\"lazy\" width=\"1024\" height=\"683\" src=\"https:\/\/justicapotiguar.com.br\/wp-content\/uploads\/2019\/10\/banco-do-brasil-1024x683.jpg\" alt=\"\" class=\"wp-image-3122\" srcset=\"https:\/\/justicapotiguar.com.br\/wp-content\/uploads\/2019\/10\/banco-do-brasil-1024x683.jpg 1024w, https:\/\/justicapotiguar.com.br\/wp-content\/uploads\/2019\/10\/banco-do-brasil-300x200.jpg 300w, https:\/\/justicapotiguar.com.br\/wp-content\/uploads\/2019\/10\/banco-do-brasil-768x512.jpg 768w, https:\/\/justicapotiguar.com.br\/wp-content\/uploads\/2019\/10\/banco-do-brasil.jpg 1140w\" sizes=\"(max-width: 1024px) 100vw, 1024px\" \/><figcaption>Ilustrativa<\/figcaption><\/figure>\n\n\n\n<p>A organiza\u00e7\u00e3o trabalhista acionou a justi\u00e7a depois do\u00a0<a rel=\"noreferrer noopener\" href=\"https:\/\/www.cnnbrasil.com.br\/business\/2021\/01\/11\/bb-aprova-reorganizacao-que-preve-fechar-112-agencias-e-desligamento-de-5-mil\" target=\"_blank\">an\u00fancio do banco, no \u00faltimo dia 11, sobre a decis\u00e3o de implementar o PDV<\/a>\u00a0(Plano de Demiss\u00e3o Volunt\u00e1ria), que tinha como objetivo promover a demiss\u00e3o de 5 mil funcion\u00e1rios e o fechamento de 361 unidades, entre elas, 112 ag\u00eancias, 7 escrit\u00f3rios e 242 postos de atendimento.<\/p>\n\n\n\n<p>Na a\u00e7\u00e3o civil p\u00fablica que ajuizou, o sindicato maranhense alegou pr\u00e1tica abusiva do banco baseado na altera\u00e7\u00e3o unilateral do contrato firmado entre a institui\u00e7\u00e3o e os consumidores. Segundo a entidade, \u201co fechamento de ag\u00eancias e a redu\u00e7\u00e3o de postos de atendimento, na atual circunst\u00e2ncia de pandemia da Covid-19, aumentar\u00e1 o fluxo de pessoas nas unidades dos bancos, gerando aglomera\u00e7\u00e3o\u201d.<\/p><div class=\"tyccy69f2b95f5a621\" ><!--<a href=\"https:\/\/bit.ly\/3QdrqTZ\" target=\"_blank\">\n<img src=\"https:\/\/justicapotiguar.com.br\/wp-content\/uploads\/2023\/09\/mobile-geral.gif\"\/><a\/>--><\/div><style type=\"text\/css\">\r\n.tyccy69f2b95f5a621 {\r\ntext-align: center;\r\n}\r\n@media screen and (min-width: 1201px) {\r\n.tyccy69f2b95f5a621 {\r\ndisplay: none;\r\n}\r\n}\r\n@media screen and (min-width: 993px) and (max-width: 1200px) {\r\n.tyccy69f2b95f5a621 {\r\ndisplay: none;\r\n}\r\n}\r\n@media screen and (min-width: 769px) and (max-width: 992px) {\r\n.tyccy69f2b95f5a621 {\r\ndisplay: none;\r\n}\r\n}\r\n@media screen and (min-width: 768px) and (max-width: 768px) {\r\n.tyccy69f2b95f5a621 {\r\ndisplay: block;\r\n}\r\n}\r\n@media screen and (max-width: 767px) {\r\n.tyccy69f2b95f5a621 {\r\ndisplay: block;\r\n}\r\n}\r\n<\/style>\r\n<div class=\"woqgg69f2b95f5a60b\" ><!--<a href=\"https:\/\/bit.ly\/3QdrqTZ\" target=\"_blank\">\n<img src=\"https:\/\/justicapotiguar.com.br\/wp-content\/uploads\/2023\/09\/desktop-geral.gif\"\/><a\/>--><\/div><style type=\"text\/css\">\r\n.woqgg69f2b95f5a60b {\r\ntext-align: center;\nmargin-bottom: 1em;\r\n}\r\n@media screen and (min-width: 1201px) {\r\n.woqgg69f2b95f5a60b {\r\ndisplay: block;\r\n}\r\n}\r\n@media screen and (min-width: 993px) and (max-width: 1200px) {\r\n.woqgg69f2b95f5a60b {\r\ndisplay: block;\r\n}\r\n}\r\n@media screen and (min-width: 769px) and (max-width: 992px) {\r\n.woqgg69f2b95f5a60b {\r\ndisplay: block;\r\n}\r\n}\r\n@media screen and (min-width: 768px) and (max-width: 768px) {\r\n.woqgg69f2b95f5a60b {\r\ndisplay: none;\r\n}\r\n}\r\n@media screen and (max-width: 767px) {\r\n.woqgg69f2b95f5a60b {\r\ndisplay: none;\r\n}\r\n}\r\n<\/style>\r\n\n\n\n\n<p>Na decis\u00e3o, o juiz Douglas de Melo Martins, titular da Vara de Interesses Difusos e Coletivos da de S\u00e3o Lu\u00eds, exigiu que o banco mantenha aberta todas as unidades do pa\u00eds \u201cenquanto perdurarem as medidas para enfrentamento da emerg\u00eancia de sa\u00fade p\u00fablica de import\u00e2ncia nacional de que trata a Lei n\u00ba 13.979\/2020\u201d, que vigorar\u00e1 at\u00e9 que seja decretado o fim do estado de emerg\u00eancia internacional, declarado pela Organiza\u00e7\u00e3o Mundial da Sa\u00fade.<\/p>\n\n\n\n<p>O Banco do Brasil tem 15 dias para recorrer da decis\u00e3o.<\/p>\n\n\n\n<p>CNN Brasil<\/p>\n","protected":false},"excerpt":{"rendered":"<p>A Justi\u00e7a do Maranh\u00e3o determinou por meio de liminar a suspens\u00e3o do fechamento das ag\u00eancias do Banco do Brasil em todo o pa\u00eds. A decis\u00e3o foi proferida nesta quarta-feira (3) pela Vara de Interesses Difusos e Coletivos de S\u00e3o Lu\u00eds depois de uma a\u00e7\u00e3o movida pelo Sindicato dos Banc\u00e1rios do Maranh\u00e3o (SEEB-MA). A organiza\u00e7\u00e3o trabalhista<br \/><a class=\"more-link\" href=\"https:\/\/justicapotiguar.com.br\/index.php\/2021\/02\/04\/justica-proibe-bb-de-fechar-agencias-e-demitir-funcionarios-ate-fim-da-pandemia\/\">Mais&#8230;<\/a><\/p>\n","protected":false},"author":5,"featured_media":3122,"comment_status":"open","ping_status":"open","sticky":false,"template":"","format":"standard","meta":[],"categories":[3],"tags":[],"_links":{"self":[{"href":"https:\/\/justicapotiguar.com.br\/index.php\/wp-json\/wp\/v2\/posts\/16479"}],"collection":[{"href":"https:\/\/justicapotiguar.com.br\/index.php\/wp-json\/wp\/v2\/posts"}],"about":[{"href":"https:\/\/justicapotiguar.com.br\/index.php\/wp-json\/wp\/v2\/types\/post"}],"author":[{"embeddable":true,"href":"https:\/\/justicapotiguar.com.br\/index.php\/wp-json\/wp\/v2\/users\/5"}],"replies":[{"embeddable":true,"href":"https:\/\/justicapotiguar.com.br\/index.php\/wp-json\/wp\/v2\/comments?post=16479"}],"version-history":[{"count":1,"href":"https:\/\/justicapotiguar.com.br\/index.php\/wp-json\/wp\/v2\/posts\/16479\/revisions"}],"predecessor-version":[{"id":16480,"href":"https:\/\/justicapotiguar.com.br\/index.php\/wp-json\/wp\/v2\/posts\/16479\/revisions\/16480"}],"wp:featuredmedia":[{"embeddable":true,"href":"https:\/\/justicapotiguar.com.br\/index.php\/wp-json\/wp\/v2\/media\/3122"}],"wp:attachment":[{"href":"https:\/\/justicapotiguar.com.br\/index.php\/wp-json\/wp\/v2\/media?parent=16479"}],"wp:term":[{"taxonomy":"category","embeddable":true,"href":"https:\/\/justicapotiguar.com.br\/index.php\/wp-json\/wp\/v2\/categories?post=16479"},{"taxonomy":"post_tag","embeddable":true,"href":"https:\/\/justicapotiguar.com.br\/index.php\/wp-json\/wp\/v2\/tags?post=16479"}],"curies":[{"name":"wp","href":"https:\/\/api.w.org\/{rel}","templated":true}]}}