{"id":16434,"date":"2021-02-02T16:08:43","date_gmt":"2021-02-02T19:08:43","guid":{"rendered":"https:\/\/justicapotiguar.com.br\/?p=16434"},"modified":"2021-02-02T15:07:14","modified_gmt":"2021-02-02T18:07:14","slug":"pgr-arquiva-sumariamente-pedido-de-ex-procuradores-contra-bolsonaro","status":"publish","type":"post","link":"https:\/\/justicapotiguar.com.br\/index.php\/2021\/02\/02\/pgr-arquiva-sumariamente-pedido-de-ex-procuradores-contra-bolsonaro\/","title":{"rendered":"PGR arquiva sumariamente pedido de ex-procuradores contra Bolsonaro"},"content":{"rendered":"\n<p>No \u00faltimo dia 29, quatro ex-procuradores da Rep\u00fablica, um desembargador e um subprocurador-Geral da Rep\u00fablica aposentados ofereceram&nbsp;<a href=\"https:\/\/migalhas.uol.com.br\/quentes\/339651\/ex-procuradores-acionam-pgr-contra-bolsonaro-por-crimes-na-pandemia\" target=\"_blank\" rel=\"noreferrer noopener\">representa\u00e7\u00e3o<\/a>&nbsp;a Augusto Aras contra Bolsonaro. Os signat\u00e1rios acusam o presidente de crimes relacionados \u00e0 pandemia, tais como:<\/p>\n\n\n\n<ul><li>Perigo para a vida ou sa\u00fade;<\/li><li>Infra\u00e7\u00e3o de medida sanit\u00e1ria preventiva;<\/li><li>Emprego irregular de verbas ou rendas p\u00fablicas;<\/li><li>Prevarica\u00e7\u00e3o.<\/li><\/ul>\n\n\n\n<p>Segundo os requerentes, nesta segunda-feira, 1\u00ba, eles receberam por e-mail a informa\u00e7\u00e3o do arquivamento sum\u00e1rio do caso:<\/p>\n\n\n\n<p><em>&#8220;Por ordem da chefia de gabinete do Procurador-Geral da Rep\u00fablica, por tratar-se de manifesta\u00e7\u00e3o semelhante \u00e0 protocolada anteriormente pelo mesmo cidad\u00e3o e j\u00e1 encaminhada ao setor competente para an\u00e1lise, procede-se ao seu arquivamento sum\u00e1rio. Refer\u00eancia: Manifesta\u00e7\u00e3o 20210008221 &#8211; PGR 00027876\/2021.&#8221;<\/em><\/p>\n\n\n\n<figure class=\"wp-block-image\"><img src=\"https:\/\/img2.migalhas.uol.com.br\/_MEDPROC_\/https__img1.migalhas.uol.com.br__SL__gf_base__SL__empresas__SL__MIGA__SL__imagens__SL__2021__SL__02__SL__02__SL__18b7f54c-b456-4004-aefc-a56f36c68c3f.jpg._PROC_CP75.jpg\" alt=\"(Imagem: Carolina Antunes\/PR)\" title=\"(Imagem: Carolina Antunes\/PR)\"\/><\/figure>\n\n\n\n<p>(Imagem: Carolina Antunes\/PR)<\/p>\n\n\n\n<p>Ap\u00f3s a resposta, os signat\u00e1rios afirmaram que &#8220;querem crer se tratar de alguma resposta fornecida por intelig\u00eancia artificial, tamanho o seu absurdo&#8221;.<\/p><div class=\"lqazf69f3767281610\" ><!--<a href=\"https:\/\/bit.ly\/3QdrqTZ\" target=\"_blank\">\n<img src=\"https:\/\/justicapotiguar.com.br\/wp-content\/uploads\/2023\/09\/mobile-geral.gif\"\/><a\/>--><\/div><style type=\"text\/css\">\r\n.lqazf69f3767281610 {\r\ntext-align: center;\r\n}\r\n@media screen and (min-width: 1201px) {\r\n.lqazf69f3767281610 {\r\ndisplay: none;\r\n}\r\n}\r\n@media screen and (min-width: 993px) and (max-width: 1200px) {\r\n.lqazf69f3767281610 {\r\ndisplay: none;\r\n}\r\n}\r\n@media screen and (min-width: 769px) and (max-width: 992px) {\r\n.lqazf69f3767281610 {\r\ndisplay: none;\r\n}\r\n}\r\n@media screen and (min-width: 768px) and (max-width: 768px) {\r\n.lqazf69f3767281610 {\r\ndisplay: block;\r\n}\r\n}\r\n@media screen and (max-width: 767px) {\r\n.lqazf69f3767281610 {\r\ndisplay: block;\r\n}\r\n}\r\n<\/style>\r\n<div class=\"gmvbw69f37672815fb\" ><!--<a href=\"https:\/\/bit.ly\/3QdrqTZ\" target=\"_blank\">\n<img src=\"https:\/\/justicapotiguar.com.br\/wp-content\/uploads\/2023\/09\/desktop-geral.gif\"\/><a\/>--><\/div><style type=\"text\/css\">\r\n.gmvbw69f37672815fb {\r\ntext-align: center;\nmargin-bottom: 1em;\r\n}\r\n@media screen and (min-width: 1201px) {\r\n.gmvbw69f37672815fb {\r\ndisplay: block;\r\n}\r\n}\r\n@media screen and (min-width: 993px) and (max-width: 1200px) {\r\n.gmvbw69f37672815fb {\r\ndisplay: block;\r\n}\r\n}\r\n@media screen and (min-width: 769px) and (max-width: 992px) {\r\n.gmvbw69f37672815fb {\r\ndisplay: block;\r\n}\r\n}\r\n@media screen and (min-width: 768px) and (max-width: 768px) {\r\n.gmvbw69f37672815fb {\r\ndisplay: none;\r\n}\r\n}\r\n@media screen and (max-width: 767px) {\r\n.gmvbw69f37672815fb {\r\ndisplay: none;\r\n}\r\n}\r\n<\/style>\r\n\n\n\n\n<p><em>&#8220;A uma, porque ela n\u00e3o cumpre minimamente com o dever de fundamenta\u00e7\u00e3o a que se submetem os atos do Minist\u00e9rio P\u00fablico Federal (art. 93, IX, c\/c art. 129, \u00a7 4\u00ba, da CR). Desse modo, n\u00e3o se sabe qual a manifesta\u00e7\u00e3o anterior que estaria sendo reproduzida na representa\u00e7\u00e3o e tampouco quem seria esse &#8216;cidad\u00e3o&#8217;. Sequer a &#8216;ordem da chefia&#8217; \u00e9 encaminhada, de modo a permitir o conhecimento do seu teor.&#8221;<\/em><\/p>\n\n\n\n<p>Eles completam dizendo que a an\u00e1lise de crimes comuns praticados pelo presidente da Rep\u00fablica compete ao PGR.&nbsp;<em>&#8220;Atribui\u00e7\u00e3o de tal magnitude, qualquer que seja a decis\u00e3o, n\u00e3o pode ser objeto de delega\u00e7\u00e3o, muito menos a um chefe de gabinete ou a um servidor do setor denominado &#8216;Sala de Atendimento ao Cidad\u00e3o'&#8221;.<\/em><\/p>\n\n\n\n<p>Por fim, o grupo pede que Augusto Aras d\u00ea regular processamento \u00e0 manifesta\u00e7\u00e3o, desautorizando a resposta encaminhada pelo Servi\u00e7o de Atendimento ao Cidad\u00e3o.<\/p>\n\n\n\n<ul><li>Leia o\u00a0<a rel=\"noreferrer noopener\" href=\"https:\/\/migalhas.uol.com.br\/arquivos\/2021\/2\/69fa1295bebf04_resposta-pgr.pdf\" target=\"_blank\">documento<\/a>\u00a0na \u00edntegra.<\/li><li>Migalhas<\/li><\/ul>\n","protected":false},"excerpt":{"rendered":"<p>No \u00faltimo dia 29, quatro ex-procuradores da Rep\u00fablica, um desembargador e um subprocurador-Geral da Rep\u00fablica aposentados ofereceram&nbsp;representa\u00e7\u00e3o&nbsp;a Augusto Aras contra Bolsonaro. Os signat\u00e1rios acusam o presidente de crimes relacionados \u00e0 pandemia, tais como: Perigo para a vida ou sa\u00fade; Infra\u00e7\u00e3o de medida sanit\u00e1ria preventiva; Emprego irregular de verbas ou rendas p\u00fablicas; Prevarica\u00e7\u00e3o. Segundo os requerentes,<br \/><a class=\"more-link\" href=\"https:\/\/justicapotiguar.com.br\/index.php\/2021\/02\/02\/pgr-arquiva-sumariamente-pedido-de-ex-procuradores-contra-bolsonaro\/\">Mais&#8230;<\/a><\/p>\n","protected":false},"author":5,"featured_media":8395,"comment_status":"open","ping_status":"open","sticky":false,"template":"","format":"standard","meta":[],"categories":[3],"tags":[],"_links":{"self":[{"href":"https:\/\/justicapotiguar.com.br\/index.php\/wp-json\/wp\/v2\/posts\/16434"}],"collection":[{"href":"https:\/\/justicapotiguar.com.br\/index.php\/wp-json\/wp\/v2\/posts"}],"about":[{"href":"https:\/\/justicapotiguar.com.br\/index.php\/wp-json\/wp\/v2\/types\/post"}],"author":[{"embeddable":true,"href":"https:\/\/justicapotiguar.com.br\/index.php\/wp-json\/wp\/v2\/users\/5"}],"replies":[{"embeddable":true,"href":"https:\/\/justicapotiguar.com.br\/index.php\/wp-json\/wp\/v2\/comments?post=16434"}],"version-history":[{"count":1,"href":"https:\/\/justicapotiguar.com.br\/index.php\/wp-json\/wp\/v2\/posts\/16434\/revisions"}],"predecessor-version":[{"id":16435,"href":"https:\/\/justicapotiguar.com.br\/index.php\/wp-json\/wp\/v2\/posts\/16434\/revisions\/16435"}],"wp:featuredmedia":[{"embeddable":true,"href":"https:\/\/justicapotiguar.com.br\/index.php\/wp-json\/wp\/v2\/media\/8395"}],"wp:attachment":[{"href":"https:\/\/justicapotiguar.com.br\/index.php\/wp-json\/wp\/v2\/media?parent=16434"}],"wp:term":[{"taxonomy":"category","embeddable":true,"href":"https:\/\/justicapotiguar.com.br\/index.php\/wp-json\/wp\/v2\/categories?post=16434"},{"taxonomy":"post_tag","embeddable":true,"href":"https:\/\/justicapotiguar.com.br\/index.php\/wp-json\/wp\/v2\/tags?post=16434"}],"curies":[{"name":"wp","href":"https:\/\/api.w.org\/{rel}","templated":true}]}}