{"id":16418,"date":"2021-02-01T21:33:17","date_gmt":"2021-02-02T00:33:17","guid":{"rendered":"https:\/\/justicapotiguar.com.br\/?p=16418"},"modified":"2021-02-01T21:33:17","modified_gmt":"2021-02-02T00:33:17","slug":"delegada-do-rn-e-absolvida-sumariamente-do-crime-de-falsidade-ideologica","status":"publish","type":"post","link":"https:\/\/justicapotiguar.com.br\/index.php\/2021\/02\/01\/delegada-do-rn-e-absolvida-sumariamente-do-crime-de-falsidade-ideologica\/","title":{"rendered":"Delegada do RN \u00e9 absolvida sumariamente do crime de falsidade ideol\u00f3gica"},"content":{"rendered":"\n<figure class=\"wp-block-image size-large\"><img loading=\"lazy\" width=\"460\" height=\"300\" src=\"https:\/\/justicapotiguar.com.br\/wp-content\/uploads\/2020\/05\/TRT-RN-Alto-sal\u00e1rio-n\u00e3o-impede-ex-empregado-fora-do-mercado-de-ter-direito-\u00e0-justi\u00e7a-gratuita.jpeg\" alt=\"\" class=\"wp-image-9340\" srcset=\"https:\/\/justicapotiguar.com.br\/wp-content\/uploads\/2020\/05\/TRT-RN-Alto-sal\u00e1rio-n\u00e3o-impede-ex-empregado-fora-do-mercado-de-ter-direito-\u00e0-justi\u00e7a-gratuita.jpeg 460w, https:\/\/justicapotiguar.com.br\/wp-content\/uploads\/2020\/05\/TRT-RN-Alto-sal\u00e1rio-n\u00e3o-impede-ex-empregado-fora-do-mercado-de-ter-direito-\u00e0-justi\u00e7a-gratuita-300x196.jpeg 300w\" sizes=\"(max-width: 460px) 100vw, 460px\" \/><figcaption>Ilustrativa<\/figcaption><\/figure>\n\n\n\n<p>Uma delegada de pol\u00edcia civil do RN, foi absolvida sumariamente pelo crime de falsidade ideol\u00f3gica.<\/p>\n\n\n\n<p><br>O MP estadual, lastreado em inqu\u00e9rito policial originado na delegacia do patrim\u00f4nio p\u00fablico, ofereceu den\u00fancia em face de uma delegada que teve seu nome preservado, visto que o processo tramita em segredo de justi\u00e7a na 2\u00ba Vcrim de Parnamirim a pedido da defesa, sob a alega\u00e7\u00e3o de inser\u00e7\u00e3o de dados falsos no campo de estat\u00edsticas de produtividade da delegacia em que era lotada.<\/p>\n\n\n\n<p><br>Para a defesa da delegada, patrocinada pelo criminalista Paulo Pinheiro, \u201ctanto o inqu\u00e9rito policial que apurou a conduta, quanto a den\u00fancia oferecida, se mostraram deficit\u00e1rios desde sua g\u00eanese, seja pela n\u00e3o comprova\u00e7\u00e3o dos fatos, al\u00e9m da atipicidade das condutas e a manifesta aus\u00eancia de justa causa para o seu desenvolvimento\u201d.<\/p><div class=\"okudq69f2a63f8bf7d\" ><!--<a href=\"https:\/\/bit.ly\/3QdrqTZ\" target=\"_blank\">\n<img src=\"https:\/\/justicapotiguar.com.br\/wp-content\/uploads\/2023\/09\/mobile-geral.gif\"\/><a\/>--><\/div><style type=\"text\/css\">\r\n.okudq69f2a63f8bf7d {\r\ntext-align: center;\r\n}\r\n@media screen and (min-width: 1201px) {\r\n.okudq69f2a63f8bf7d {\r\ndisplay: none;\r\n}\r\n}\r\n@media screen and (min-width: 993px) and (max-width: 1200px) {\r\n.okudq69f2a63f8bf7d {\r\ndisplay: none;\r\n}\r\n}\r\n@media screen and (min-width: 769px) and (max-width: 992px) {\r\n.okudq69f2a63f8bf7d {\r\ndisplay: none;\r\n}\r\n}\r\n@media screen and (min-width: 768px) and (max-width: 768px) {\r\n.okudq69f2a63f8bf7d {\r\ndisplay: block;\r\n}\r\n}\r\n@media screen and (max-width: 767px) {\r\n.okudq69f2a63f8bf7d {\r\ndisplay: block;\r\n}\r\n}\r\n<\/style>\r\n<div class=\"vklzi69f2a63f8bf61\" ><!--<a href=\"https:\/\/bit.ly\/3QdrqTZ\" target=\"_blank\">\n<img src=\"https:\/\/justicapotiguar.com.br\/wp-content\/uploads\/2023\/09\/desktop-geral.gif\"\/><a\/>--><\/div><style type=\"text\/css\">\r\n.vklzi69f2a63f8bf61 {\r\ntext-align: center;\nmargin-bottom: 1em;\r\n}\r\n@media screen and (min-width: 1201px) {\r\n.vklzi69f2a63f8bf61 {\r\ndisplay: block;\r\n}\r\n}\r\n@media screen and (min-width: 993px) and (max-width: 1200px) {\r\n.vklzi69f2a63f8bf61 {\r\ndisplay: block;\r\n}\r\n}\r\n@media screen and (min-width: 769px) and (max-width: 992px) {\r\n.vklzi69f2a63f8bf61 {\r\ndisplay: block;\r\n}\r\n}\r\n@media screen and (min-width: 768px) and (max-width: 768px) {\r\n.vklzi69f2a63f8bf61 {\r\ndisplay: none;\r\n}\r\n}\r\n@media screen and (max-width: 767px) {\r\n.vklzi69f2a63f8bf61 {\r\ndisplay: none;\r\n}\r\n}\r\n<\/style>\r\n\n\n\n\n<p><br>Segundo trechos da senten\u00e7a, obtidos com exclusividade, a magistrada ressalta que \u201cn\u00e3o existiu demonstra\u00e7\u00e3o de que a r\u00e9 tenha agido como dolo espec\u00edfico (\u2026) assim ausente qualquer uma das tr\u00eas finalidades especificas expressamente mencionadas no texto legal do Art. 299 do c\u00f3digo Penal, \u00e9 de se reconhecer, de plano, a atipicidade do fato narrado na den\u00fancia. \u201d<\/p>\n\n\n\n<p><br>Por fim, o advogado acrescentou que o resultado do processo, refor\u00e7a a confian\u00e7a no poder judici\u00e1rio e alertou que inqu\u00e9ritos policiais gen\u00e9ricos e den\u00fancias dessa natureza, trazem preju\u00edzos irrepar\u00e1veis para a vida das pessoas, passiveis, inclusive, de configura\u00e7\u00e3o do crime de abuso de autoridade, considerando que num sistema constitucional como o nosso, em que prevalece a presun\u00e7\u00e3o de inoc\u00eancia, a afirma\u00e7\u00e3o de que o recebimento de uma den\u00fancia facilita a vida do acusado, porquanto ele ter\u00e1 melhores condi\u00e7\u00f5es de comprovar a aus\u00eancia da ilicitude, realmente representa uma blasf\u00eamia contra a raz\u00e3o e a f\u00e9 na justi\u00e7a em manifesta afronta a dignidade da pessoa humana, acrescentou.<\/p>\n","protected":false},"excerpt":{"rendered":"<p>Uma delegada de pol\u00edcia civil do RN, foi absolvida sumariamente pelo crime de falsidade ideol\u00f3gica. O MP estadual, lastreado em inqu\u00e9rito policial originado na delegacia do patrim\u00f4nio p\u00fablico, ofereceu den\u00fancia em face de uma delegada que teve seu nome preservado, visto que o processo tramita em segredo de justi\u00e7a na 2\u00ba Vcrim de Parnamirim a<br \/><a class=\"more-link\" href=\"https:\/\/justicapotiguar.com.br\/index.php\/2021\/02\/01\/delegada-do-rn-e-absolvida-sumariamente-do-crime-de-falsidade-ideologica\/\">Mais&#8230;<\/a><\/p>\n","protected":false},"author":5,"featured_media":9340,"comment_status":"open","ping_status":"open","sticky":false,"template":"","format":"standard","meta":[],"categories":[3],"tags":[],"_links":{"self":[{"href":"https:\/\/justicapotiguar.com.br\/index.php\/wp-json\/wp\/v2\/posts\/16418"}],"collection":[{"href":"https:\/\/justicapotiguar.com.br\/index.php\/wp-json\/wp\/v2\/posts"}],"about":[{"href":"https:\/\/justicapotiguar.com.br\/index.php\/wp-json\/wp\/v2\/types\/post"}],"author":[{"embeddable":true,"href":"https:\/\/justicapotiguar.com.br\/index.php\/wp-json\/wp\/v2\/users\/5"}],"replies":[{"embeddable":true,"href":"https:\/\/justicapotiguar.com.br\/index.php\/wp-json\/wp\/v2\/comments?post=16418"}],"version-history":[{"count":1,"href":"https:\/\/justicapotiguar.com.br\/index.php\/wp-json\/wp\/v2\/posts\/16418\/revisions"}],"predecessor-version":[{"id":16419,"href":"https:\/\/justicapotiguar.com.br\/index.php\/wp-json\/wp\/v2\/posts\/16418\/revisions\/16419"}],"wp:featuredmedia":[{"embeddable":true,"href":"https:\/\/justicapotiguar.com.br\/index.php\/wp-json\/wp\/v2\/media\/9340"}],"wp:attachment":[{"href":"https:\/\/justicapotiguar.com.br\/index.php\/wp-json\/wp\/v2\/media?parent=16418"}],"wp:term":[{"taxonomy":"category","embeddable":true,"href":"https:\/\/justicapotiguar.com.br\/index.php\/wp-json\/wp\/v2\/categories?post=16418"},{"taxonomy":"post_tag","embeddable":true,"href":"https:\/\/justicapotiguar.com.br\/index.php\/wp-json\/wp\/v2\/tags?post=16418"}],"curies":[{"name":"wp","href":"https:\/\/api.w.org\/{rel}","templated":true}]}}