{"id":16411,"date":"2021-02-01T16:30:22","date_gmt":"2021-02-01T19:30:22","guid":{"rendered":"https:\/\/justicapotiguar.com.br\/?p=16411"},"modified":"2021-02-01T15:33:07","modified_gmt":"2021-02-01T18:33:07","slug":"juiz-impoe-multa-de-r-200-mil-por-dia-a-policiais-federais-que-atuaram-em-acao-contra-madeira-ilegal","status":"publish","type":"post","link":"https:\/\/justicapotiguar.com.br\/index.php\/2021\/02\/01\/juiz-impoe-multa-de-r-200-mil-por-dia-a-policiais-federais-que-atuaram-em-acao-contra-madeira-ilegal\/","title":{"rendered":"Juiz imp\u00f5e multa de R$ 200 mil por dia a policiais federais que atuaram em a\u00e7\u00e3o contra madeira ilegal"},"content":{"rendered":"\n<figure class=\"wp-block-image size-large\"><img loading=\"lazy\" width=\"660\" height=\"330\" src=\"https:\/\/justicapotiguar.com.br\/wp-content\/uploads\/2019\/09\/DPF-MOS-660x330.jpg\" alt=\"\" class=\"wp-image-1726\" srcset=\"https:\/\/justicapotiguar.com.br\/wp-content\/uploads\/2019\/09\/DPF-MOS-660x330.jpg 660w, https:\/\/justicapotiguar.com.br\/wp-content\/uploads\/2019\/09\/DPF-MOS-660x330-300x150.jpg 300w\" sizes=\"(max-width: 660px) 100vw, 660px\" \/><figcaption>Ilustrativa<\/figcaption><\/figure>\n\n\n\n<p>Em decis\u00e3o a favor de uma empresa investigada por explorar madeira ilegalmente, um juiz federal de Bel\u00e9m (PA) fixou multa di\u00e1ria de R$ 200 mil para cada policial federal envolvido na a\u00e7\u00e3o. Ele mandou liberar uma balsa de madeira apreendida.<\/p>\n\n\n\n<p>O juiz Antonio Carlos Campelo aparecia de f\u00e9rias quando assinou as decis\u00f5es. Ele derrubou entendimento de seu substituto, que havia mandado o caso de volta para o Amazonas, onde seria o ju\u00edzo competente.<\/p>\n\n\n\n<p>A assessoria do tribunal informou que o juiz cancelou as f\u00e9rias antes do planejado e o site estava desatualizado.<\/p><div class=\"xgybi69f2963e4436a\" ><!--<a href=\"https:\/\/bit.ly\/3QdrqTZ\" target=\"_blank\">\n<img src=\"https:\/\/justicapotiguar.com.br\/wp-content\/uploads\/2023\/09\/mobile-geral.gif\"\/><a\/>--><\/div><style type=\"text\/css\">\r\n.xgybi69f2963e4436a {\r\ntext-align: center;\r\n}\r\n@media screen and (min-width: 1201px) {\r\n.xgybi69f2963e4436a {\r\ndisplay: none;\r\n}\r\n}\r\n@media screen and (min-width: 993px) and (max-width: 1200px) {\r\n.xgybi69f2963e4436a {\r\ndisplay: none;\r\n}\r\n}\r\n@media screen and (min-width: 769px) and (max-width: 992px) {\r\n.xgybi69f2963e4436a {\r\ndisplay: none;\r\n}\r\n}\r\n@media screen and (min-width: 768px) and (max-width: 768px) {\r\n.xgybi69f2963e4436a {\r\ndisplay: block;\r\n}\r\n}\r\n@media screen and (max-width: 767px) {\r\n.xgybi69f2963e4436a {\r\ndisplay: block;\r\n}\r\n}\r\n<\/style>\r\n<div class=\"cjbtp69f2963e44352\" ><!--<a href=\"https:\/\/bit.ly\/3QdrqTZ\" target=\"_blank\">\n<img src=\"https:\/\/justicapotiguar.com.br\/wp-content\/uploads\/2023\/09\/desktop-geral.gif\"\/><a\/>--><\/div><style type=\"text\/css\">\r\n.cjbtp69f2963e44352 {\r\ntext-align: center;\nmargin-bottom: 1em;\r\n}\r\n@media screen and (min-width: 1201px) {\r\n.cjbtp69f2963e44352 {\r\ndisplay: block;\r\n}\r\n}\r\n@media screen and (min-width: 993px) and (max-width: 1200px) {\r\n.cjbtp69f2963e44352 {\r\ndisplay: block;\r\n}\r\n}\r\n@media screen and (min-width: 769px) and (max-width: 992px) {\r\n.cjbtp69f2963e44352 {\r\ndisplay: block;\r\n}\r\n}\r\n@media screen and (min-width: 768px) and (max-width: 768px) {\r\n.cjbtp69f2963e44352 {\r\ndisplay: none;\r\n}\r\n}\r\n@media screen and (max-width: 767px) {\r\n.cjbtp69f2963e44352 {\r\ndisplay: none;\r\n}\r\n}\r\n<\/style>\r\n\n\n\n\n<p>O TRF-1 suspendeu, por ora, a decis\u00e3o de Campelo por entender que a compet\u00eancia do caso \u00e9 no Amazonas, n\u00e3o no Par\u00e1.<\/p>\n\n\n\n<p>Na Pol\u00edcia Federal, a preocupa\u00e7\u00e3o \u00e9 de que outras opera\u00e7\u00f5es similares sejam anuladas com base nessa, como a que fez a\u00a0<a href=\"https:\/\/www1.folha.uol.com.br\/cotidiano\/2020\/12\/operacao-da-pf-faz-a-maior-apreensao-de-madeira-da-historia.shtml\">maior<\/a>\u00a0apreens\u00e3o de madeira da hist\u00f3ria.<\/p>\n\n\n\n<p>Folga de S Paulo<\/p>\n","protected":false},"excerpt":{"rendered":"<p>Em decis\u00e3o a favor de uma empresa investigada por explorar madeira ilegalmente, um juiz federal de Bel\u00e9m (PA) fixou multa di\u00e1ria de R$ 200 mil para cada policial federal envolvido na a\u00e7\u00e3o. Ele mandou liberar uma balsa de madeira apreendida. O juiz Antonio Carlos Campelo aparecia de f\u00e9rias quando assinou as decis\u00f5es. Ele derrubou entendimento<br \/><a class=\"more-link\" href=\"https:\/\/justicapotiguar.com.br\/index.php\/2021\/02\/01\/juiz-impoe-multa-de-r-200-mil-por-dia-a-policiais-federais-que-atuaram-em-acao-contra-madeira-ilegal\/\">Mais&#8230;<\/a><\/p>\n","protected":false},"author":5,"featured_media":1726,"comment_status":"open","ping_status":"open","sticky":false,"template":"","format":"standard","meta":[],"categories":[3],"tags":[],"_links":{"self":[{"href":"https:\/\/justicapotiguar.com.br\/index.php\/wp-json\/wp\/v2\/posts\/16411"}],"collection":[{"href":"https:\/\/justicapotiguar.com.br\/index.php\/wp-json\/wp\/v2\/posts"}],"about":[{"href":"https:\/\/justicapotiguar.com.br\/index.php\/wp-json\/wp\/v2\/types\/post"}],"author":[{"embeddable":true,"href":"https:\/\/justicapotiguar.com.br\/index.php\/wp-json\/wp\/v2\/users\/5"}],"replies":[{"embeddable":true,"href":"https:\/\/justicapotiguar.com.br\/index.php\/wp-json\/wp\/v2\/comments?post=16411"}],"version-history":[{"count":1,"href":"https:\/\/justicapotiguar.com.br\/index.php\/wp-json\/wp\/v2\/posts\/16411\/revisions"}],"predecessor-version":[{"id":16412,"href":"https:\/\/justicapotiguar.com.br\/index.php\/wp-json\/wp\/v2\/posts\/16411\/revisions\/16412"}],"wp:featuredmedia":[{"embeddable":true,"href":"https:\/\/justicapotiguar.com.br\/index.php\/wp-json\/wp\/v2\/media\/1726"}],"wp:attachment":[{"href":"https:\/\/justicapotiguar.com.br\/index.php\/wp-json\/wp\/v2\/media?parent=16411"}],"wp:term":[{"taxonomy":"category","embeddable":true,"href":"https:\/\/justicapotiguar.com.br\/index.php\/wp-json\/wp\/v2\/categories?post=16411"},{"taxonomy":"post_tag","embeddable":true,"href":"https:\/\/justicapotiguar.com.br\/index.php\/wp-json\/wp\/v2\/tags?post=16411"}],"curies":[{"name":"wp","href":"https:\/\/api.w.org\/{rel}","templated":true}]}}