{"id":16408,"date":"2021-02-01T15:22:13","date_gmt":"2021-02-01T18:22:13","guid":{"rendered":"https:\/\/justicapotiguar.com.br\/?p=16408"},"modified":"2021-02-01T15:22:13","modified_gmt":"2021-02-01T18:22:13","slug":"stf-tira-sigilo-e-conversas-de-moro-com-procuradores-sao-divulgadas","status":"publish","type":"post","link":"https:\/\/justicapotiguar.com.br\/index.php\/2021\/02\/01\/stf-tira-sigilo-e-conversas-de-moro-com-procuradores-sao-divulgadas\/","title":{"rendered":"STF tira sigilo e conversas de Moro com procuradores s\u00e3o divulgadas"},"content":{"rendered":"\n<p>Nesta segunda-feira, 1\u00ba, o ministro do STF&nbsp;<strong>Ricardo Lewandowski<\/strong>&nbsp;levantou o sigilo das conversas entre procuradores da opera\u00e7\u00e3o Lava Jato e o ex-juiz Sergio Moro.<\/p>\n\n\n\n<p>Os novos di\u00e1logos foram inclu\u00eddos hoje no processo da opera\u00e7\u00e3o Spoofing, que investiga a invas\u00e3o de dispositivos eletr\u00f4nicos de autoridades, a pedido da defesa do ex-presidente Lula. O conte\u00fado in\u00e9dito, de 50 p\u00e1ginas, foi divulgado na \u00edntegra pela jornalista M\u00f4nica Bergamo, da Folha de S.Paulo.<\/p>\n\n\n\n<figure class=\"wp-block-image\"><img src=\"https:\/\/img2.migalhas.uol.com.br\/_MEDPROC_\/https__img1.migalhas.uol.com.br__SL__gf_base__SL__empresas__SL__MIGA__SL__imagens__SL__F522DBBFF29A3364BEB0024369C9C2BCDAD0_sigilo.jpg._PROC_CP75.jpg\" alt=\"\" title=\"\"\/><\/figure>\n\n\n\n<p>Na semana passada, antes do sigilo ser determinado, parte das conversas j\u00e1 tinha&nbsp;<a href=\"https:\/\/migalhas.uol.com.br\/quentes\/339607\/mensagens-revelam-moro-orientando-dallagnol-em-processos-sobre-lula\" target=\"_blank\" rel=\"noreferrer noopener\">vindo<\/a>&nbsp;\u00e0 tona, revelando que Moro orientou Dallagnol em processos sobre Lula.<\/p>\n\n\n\n<p>Em uma das mensagens, de 2016, Moro pergunta se a den\u00fancia contra Lula seria &#8220;s\u00f3lida&#8221; o suficiente. Em outro momento, orienta Deltan a validar as provas na PF. Na vexat\u00f3ria troca de conversas, Deltan diz ao juiz como conduzir o interrogat\u00f3rio de um r\u00e9u.<\/p><div class=\"jcpzh69f29653ca4e3\" ><!--<a href=\"https:\/\/bit.ly\/3QdrqTZ\" target=\"_blank\">\n<img src=\"https:\/\/justicapotiguar.com.br\/wp-content\/uploads\/2023\/09\/mobile-geral.gif\"\/><a\/>--><\/div><style type=\"text\/css\">\r\n.jcpzh69f29653ca4e3 {\r\ntext-align: center;\r\n}\r\n@media screen and (min-width: 1201px) {\r\n.jcpzh69f29653ca4e3 {\r\ndisplay: none;\r\n}\r\n}\r\n@media screen and (min-width: 993px) and (max-width: 1200px) {\r\n.jcpzh69f29653ca4e3 {\r\ndisplay: none;\r\n}\r\n}\r\n@media screen and (min-width: 769px) and (max-width: 992px) {\r\n.jcpzh69f29653ca4e3 {\r\ndisplay: none;\r\n}\r\n}\r\n@media screen and (min-width: 768px) and (max-width: 768px) {\r\n.jcpzh69f29653ca4e3 {\r\ndisplay: block;\r\n}\r\n}\r\n@media screen and (max-width: 767px) {\r\n.jcpzh69f29653ca4e3 {\r\ndisplay: block;\r\n}\r\n}\r\n<\/style>\r\n<div class=\"hbyhj69f29653ca4cf\" ><!--<a href=\"https:\/\/bit.ly\/3QdrqTZ\" target=\"_blank\">\n<img src=\"https:\/\/justicapotiguar.com.br\/wp-content\/uploads\/2023\/09\/desktop-geral.gif\"\/><a\/>--><\/div><style type=\"text\/css\">\r\n.hbyhj69f29653ca4cf {\r\ntext-align: center;\nmargin-bottom: 1em;\r\n}\r\n@media screen and (min-width: 1201px) {\r\n.hbyhj69f29653ca4cf {\r\ndisplay: block;\r\n}\r\n}\r\n@media screen and (min-width: 993px) and (max-width: 1200px) {\r\n.hbyhj69f29653ca4cf {\r\ndisplay: block;\r\n}\r\n}\r\n@media screen and (min-width: 769px) and (max-width: 992px) {\r\n.hbyhj69f29653ca4cf {\r\ndisplay: block;\r\n}\r\n}\r\n@media screen and (min-width: 768px) and (max-width: 768px) {\r\n.hbyhj69f29653ca4cf {\r\ndisplay: none;\r\n}\r\n}\r\n@media screen and (max-width: 767px) {\r\n.hbyhj69f29653ca4cf {\r\ndisplay: none;\r\n}\r\n}\r\n<\/style>\r\n\n\n\n\n<ul><li>Veja&nbsp;<a href=\"https:\/\/migalhas.uol.com.br\/arquivos\/2021\/2\/3ed776e36e37e4_peticao.pdf\" target=\"_blank\" rel=\"noreferrer noopener\">aqui<\/a>&nbsp;as novas mensagens.<\/li><\/ul>\n\n\n\n<figure class=\"wp-block-image\"><img src=\"https:\/\/img2.migalhas.uol.com.br\/_MEDPROC_\/https__img1.migalhas.uol.com.br__SL__gf_base__SL__empresas__SL__MIGA__SL__imagens__SL__2021__SL__02__SL__01__SL__4281fb51-967a-4e8e-b89e-3a2447e04b81.jpg._PROC_CP75.jpg\" alt=\"(Imagem: Nelson Jr\/STF)\" title=\"(Imagem: Nelson Jr\/STF)\"\/><\/figure>\n\n\n\n<p><strong>(Imagem: Nelson Jr\/STF)<\/strong><\/p>\n\n\n\n<p><strong>Relembre<\/strong><\/p>\n\n\n\n<p>Em dezembro do ano passado, o ministro Lewandowski&nbsp;<a href=\"https:\/\/migalhas.uol.com.br\/quentes\/338353\/lewandowski-garante-acesso-de-lula-a-arquivos-da-operacao-spoofing\" target=\"_blank\" rel=\"noreferrer noopener\">assegurou<\/a>&nbsp;ao ex-presidente Lula o acesso a arquivos de mensagens apuradas pela opera\u00e7\u00e3o Spoofing. Por duas vezes, Lewandowski teve de reiterar sua determina\u00e7\u00e3o para que o ju\u00edzo da 10\u00aa vara Federal Criminal do DF cumprisse a determina\u00e7\u00e3o.<\/p>\n\n\n\n<ul><li>Processo:\u00a0Rcl\u00a0<a rel=\"noreferrer noopener\" href=\"http:\/\/portal.stf.jus.br\/processos\/detalhe.asp?incidente=5990778\" target=\"_blank\">43.007<\/a><\/li><\/ul>\n\n\n\n<p>Migalhas<\/p>\n","protected":false},"excerpt":{"rendered":"<p>Nesta segunda-feira, 1\u00ba, o ministro do STF&nbsp;Ricardo Lewandowski&nbsp;levantou o sigilo das conversas entre procuradores da opera\u00e7\u00e3o Lava Jato e o ex-juiz Sergio Moro. Os novos di\u00e1logos foram inclu\u00eddos hoje no processo da opera\u00e7\u00e3o Spoofing, que investiga a invas\u00e3o de dispositivos eletr\u00f4nicos de autoridades, a pedido da defesa do ex-presidente Lula. O conte\u00fado in\u00e9dito, de 50<br \/><a class=\"more-link\" href=\"https:\/\/justicapotiguar.com.br\/index.php\/2021\/02\/01\/stf-tira-sigilo-e-conversas-de-moro-com-procuradores-sao-divulgadas\/\">Mais&#8230;<\/a><\/p>\n","protected":false},"author":5,"featured_media":7665,"comment_status":"open","ping_status":"open","sticky":false,"template":"","format":"standard","meta":[],"categories":[3],"tags":[],"_links":{"self":[{"href":"https:\/\/justicapotiguar.com.br\/index.php\/wp-json\/wp\/v2\/posts\/16408"}],"collection":[{"href":"https:\/\/justicapotiguar.com.br\/index.php\/wp-json\/wp\/v2\/posts"}],"about":[{"href":"https:\/\/justicapotiguar.com.br\/index.php\/wp-json\/wp\/v2\/types\/post"}],"author":[{"embeddable":true,"href":"https:\/\/justicapotiguar.com.br\/index.php\/wp-json\/wp\/v2\/users\/5"}],"replies":[{"embeddable":true,"href":"https:\/\/justicapotiguar.com.br\/index.php\/wp-json\/wp\/v2\/comments?post=16408"}],"version-history":[{"count":1,"href":"https:\/\/justicapotiguar.com.br\/index.php\/wp-json\/wp\/v2\/posts\/16408\/revisions"}],"predecessor-version":[{"id":16409,"href":"https:\/\/justicapotiguar.com.br\/index.php\/wp-json\/wp\/v2\/posts\/16408\/revisions\/16409"}],"wp:featuredmedia":[{"embeddable":true,"href":"https:\/\/justicapotiguar.com.br\/index.php\/wp-json\/wp\/v2\/media\/7665"}],"wp:attachment":[{"href":"https:\/\/justicapotiguar.com.br\/index.php\/wp-json\/wp\/v2\/media?parent=16408"}],"wp:term":[{"taxonomy":"category","embeddable":true,"href":"https:\/\/justicapotiguar.com.br\/index.php\/wp-json\/wp\/v2\/categories?post=16408"},{"taxonomy":"post_tag","embeddable":true,"href":"https:\/\/justicapotiguar.com.br\/index.php\/wp-json\/wp\/v2\/tags?post=16408"}],"curies":[{"name":"wp","href":"https:\/\/api.w.org\/{rel}","templated":true}]}}