{"id":16400,"date":"2021-02-01T12:23:32","date_gmt":"2021-02-01T15:23:32","guid":{"rendered":"https:\/\/justicapotiguar.com.br\/?p=16400"},"modified":"2021-02-01T12:31:31","modified_gmt":"2021-02-01T15:31:31","slug":"trt-rn-elege-novos-presidentes-para-suas-turmas-de-julgamento","status":"publish","type":"post","link":"https:\/\/justicapotiguar.com.br\/index.php\/2021\/02\/01\/trt-rn-elege-novos-presidentes-para-suas-turmas-de-julgamento\/","title":{"rendered":"TRT-RN elege novos presidentes para suas Turmas de Julgamento"},"content":{"rendered":"\n<p class=\"has-text-align-center\"><\/p>\n\n\n\n<figure class=\"wp-block-image size-large\"><img loading=\"lazy\" width=\"900\" height=\"600\" src=\"https:\/\/justicapotiguar.com.br\/wp-content\/uploads\/2021\/02\/trt-1.jpg\" alt=\"\" class=\"wp-image-16403\" srcset=\"https:\/\/justicapotiguar.com.br\/wp-content\/uploads\/2021\/02\/trt-1.jpg 900w, https:\/\/justicapotiguar.com.br\/wp-content\/uploads\/2021\/02\/trt-1-300x200.jpg 300w, https:\/\/justicapotiguar.com.br\/wp-content\/uploads\/2021\/02\/trt-1-768x512.jpg 768w\" sizes=\"(max-width: 900px) 100vw, 900px\" \/><\/figure>\n\n\n\n<p class=\"has-text-align-center\"><em>Reprodu\u00e7\u00e3o<\/em><\/p>\n\n\n\n<h4><\/h4>\n\n\n\n<p>Os desembargadores do Tribunal Regional do Trabalho da 21\u00aa Regi\u00e3o elegeram os nomes dos magistrados que ir\u00e3o presidir a Primeira e a Segunda Turma de Julgamentos do TRT-RN pelos pr\u00f3ximos anos.<\/p><div class=\"ltrya69f296784e96f\" ><!--<a href=\"https:\/\/bit.ly\/3QdrqTZ\" target=\"_blank\">\n<img src=\"https:\/\/justicapotiguar.com.br\/wp-content\/uploads\/2023\/09\/mobile-geral.gif\"\/><a\/>--><\/div><style type=\"text\/css\">\r\n.ltrya69f296784e96f {\r\ntext-align: center;\r\n}\r\n@media screen and (min-width: 1201px) {\r\n.ltrya69f296784e96f {\r\ndisplay: none;\r\n}\r\n}\r\n@media screen and (min-width: 993px) and (max-width: 1200px) {\r\n.ltrya69f296784e96f {\r\ndisplay: none;\r\n}\r\n}\r\n@media screen and (min-width: 769px) and (max-width: 992px) {\r\n.ltrya69f296784e96f {\r\ndisplay: none;\r\n}\r\n}\r\n@media screen and (min-width: 768px) and (max-width: 768px) {\r\n.ltrya69f296784e96f {\r\ndisplay: block;\r\n}\r\n}\r\n@media screen and (max-width: 767px) {\r\n.ltrya69f296784e96f {\r\ndisplay: block;\r\n}\r\n}\r\n<\/style>\r\n<div class=\"epwod69f296784e950\" ><!--<a href=\"https:\/\/bit.ly\/3QdrqTZ\" target=\"_blank\">\n<img src=\"https:\/\/justicapotiguar.com.br\/wp-content\/uploads\/2023\/09\/desktop-geral.gif\"\/><a\/>--><\/div><style type=\"text\/css\">\r\n.epwod69f296784e950 {\r\ntext-align: center;\nmargin-bottom: 1em;\r\n}\r\n@media screen and (min-width: 1201px) {\r\n.epwod69f296784e950 {\r\ndisplay: block;\r\n}\r\n}\r\n@media screen and (min-width: 993px) and (max-width: 1200px) {\r\n.epwod69f296784e950 {\r\ndisplay: block;\r\n}\r\n}\r\n@media screen and (min-width: 769px) and (max-width: 992px) {\r\n.epwod69f296784e950 {\r\ndisplay: block;\r\n}\r\n}\r\n@media screen and (min-width: 768px) and (max-width: 768px) {\r\n.epwod69f296784e950 {\r\ndisplay: none;\r\n}\r\n}\r\n@media screen and (max-width: 767px) {\r\n.epwod69f296784e950 {\r\ndisplay: none;\r\n}\r\n}\r\n<\/style>\r\n\n\n\n\n<p>Por unanimidade, foram escolhidos, a desembargadora Joseane Dantas dos Santos para a presid\u00eancia da Primeira Turma de Julgamentos e o desembargador Bento Herculano Duarte Neto para a Segunda Turma.<\/p>\n\n\n\n<p>Dessa forma, a composi\u00e7\u00e3o da Primeira Turma de Julgamentos ter\u00e1, al\u00e9m da desembargadora Joseane Dantas, os desembargadores Jos\u00e9 Barbosa Filho, Ricardo Esp\u00edndola e a desembargadora Auxiliadora Rodrigues.<\/p>\n\n\n\n<p>A Segunda Turma de Julgamentos conta, agora, com a composi\u00e7\u00e3o dos desembargadores Carlos Newton Pinto, Ronaldo Medeiros e Eduardo Rocha, al\u00e9m do desembargador Bento Herculano.<\/p>\n","protected":false},"excerpt":{"rendered":"<p>Reprodu\u00e7\u00e3o Os desembargadores do Tribunal Regional do Trabalho da 21\u00aa Regi\u00e3o elegeram os nomes dos magistrados que ir\u00e3o presidir a Primeira e a Segunda Turma de Julgamentos do TRT-RN pelos pr\u00f3ximos anos. Por unanimidade, foram escolhidos, a desembargadora Joseane Dantas dos Santos para a presid\u00eancia da Primeira Turma de Julgamentos e o desembargador Bento Herculano<br \/><a class=\"more-link\" href=\"https:\/\/justicapotiguar.com.br\/index.php\/2021\/02\/01\/trt-rn-elege-novos-presidentes-para-suas-turmas-de-julgamento\/\">Mais&#8230;<\/a><\/p>\n","protected":false},"author":5,"featured_media":16401,"comment_status":"open","ping_status":"open","sticky":false,"template":"","format":"standard","meta":[],"categories":[3],"tags":[],"_links":{"self":[{"href":"https:\/\/justicapotiguar.com.br\/index.php\/wp-json\/wp\/v2\/posts\/16400"}],"collection":[{"href":"https:\/\/justicapotiguar.com.br\/index.php\/wp-json\/wp\/v2\/posts"}],"about":[{"href":"https:\/\/justicapotiguar.com.br\/index.php\/wp-json\/wp\/v2\/types\/post"}],"author":[{"embeddable":true,"href":"https:\/\/justicapotiguar.com.br\/index.php\/wp-json\/wp\/v2\/users\/5"}],"replies":[{"embeddable":true,"href":"https:\/\/justicapotiguar.com.br\/index.php\/wp-json\/wp\/v2\/comments?post=16400"}],"version-history":[{"count":2,"href":"https:\/\/justicapotiguar.com.br\/index.php\/wp-json\/wp\/v2\/posts\/16400\/revisions"}],"predecessor-version":[{"id":16404,"href":"https:\/\/justicapotiguar.com.br\/index.php\/wp-json\/wp\/v2\/posts\/16400\/revisions\/16404"}],"wp:featuredmedia":[{"embeddable":true,"href":"https:\/\/justicapotiguar.com.br\/index.php\/wp-json\/wp\/v2\/media\/16401"}],"wp:attachment":[{"href":"https:\/\/justicapotiguar.com.br\/index.php\/wp-json\/wp\/v2\/media?parent=16400"}],"wp:term":[{"taxonomy":"category","embeddable":true,"href":"https:\/\/justicapotiguar.com.br\/index.php\/wp-json\/wp\/v2\/categories?post=16400"},{"taxonomy":"post_tag","embeddable":true,"href":"https:\/\/justicapotiguar.com.br\/index.php\/wp-json\/wp\/v2\/tags?post=16400"}],"curies":[{"name":"wp","href":"https:\/\/api.w.org\/{rel}","templated":true}]}}