{"id":16395,"date":"2021-02-01T11:03:39","date_gmt":"2021-02-01T14:03:39","guid":{"rendered":"https:\/\/justicapotiguar.com.br\/?p=16395"},"modified":"2021-02-01T11:04:25","modified_gmt":"2021-02-01T14:04:25","slug":"dispositivos-que-preveem-imunidades-a-deputados-estaduais-do-rn-sao-legitimos-diz-pgr","status":"publish","type":"post","link":"https:\/\/justicapotiguar.com.br\/index.php\/2021\/02\/01\/dispositivos-que-preveem-imunidades-a-deputados-estaduais-do-rn-sao-legitimos-diz-pgr\/","title":{"rendered":"Dispositivos que preveem imunidades a deputados do RN s\u00e3o leg\u00edtimos, diz PGR"},"content":{"rendered":"\n<figure class=\"wp-block-image size-large\"><img loading=\"lazy\" width=\"1024\" height=\"683\" src=\"https:\/\/justicapotiguar.com.br\/wp-content\/uploads\/2019\/08\/ALRN-01-1024x683.jpg\" alt=\"\" class=\"wp-image-682\" srcset=\"https:\/\/justicapotiguar.com.br\/wp-content\/uploads\/2019\/08\/ALRN-01-1024x683.jpg 1024w, https:\/\/justicapotiguar.com.br\/wp-content\/uploads\/2019\/08\/ALRN-01-300x200.jpg 300w, https:\/\/justicapotiguar.com.br\/wp-content\/uploads\/2019\/08\/ALRN-01-768x512.jpg 768w, https:\/\/justicapotiguar.com.br\/wp-content\/uploads\/2019\/08\/ALRN-01.jpg 1274w\" sizes=\"(max-width: 1024px) 100vw, 1024px\" \/><figcaption>Reprodu\u00e7\u00e3o<\/figcaption><\/figure>\n\n\n\n<p>O procurador-geral da Rep\u00fablica, Augusto Aras, manifestou-se junto ao Supremo Tribunal Federal pela improced\u00eancia de a\u00e7\u00f5es diretas de inconstitucionalidade (ADIs) que questionam a validade de dispositivos das constitui\u00e7\u00f5es estaduais do Rio de Janeiro e do Rio Grande do Norte, os quais preveem imunidades materiais e formais aos deputados estaduais.<\/p>\n\n\n\n<p>As normas apresentam conte\u00fado id\u00eantico ao do art. 53 da Constitui\u00e7\u00e3o Federal, que trata das imunidades parlamentares garantidas a deputados federais e senadores. De acordo com o PGR, essas imunidades servem para defender o livre exerc\u00edcio da atividade pelos integrantes do Poder Legislativo.<\/p>\n\n\n\n<p>Nas ADIs, a Associa\u00e7\u00e3o dos Magistrados do Brasil (AMB) sustenta que o \u00a7 1\u00ba do art. 27, da Constitui\u00e7\u00e3o Federal, deve ser interpretado de forma a estender aos deputados estaduais apenas as imunidades materiais, e n\u00e3o as de car\u00e1ter formal.<\/p>\n\n\n\n<p>Alega que a situa\u00e7\u00e3o dos deputados federais e senadores seria diversa da dos deputados estaduais, pois a pris\u00e3o e o andamento de a\u00e7\u00f5es penais contra os parlamentares estaduais n\u00e3o colocariam em risco &#8220;o equil\u00edbrio de um governo republicano e democr\u00e1tico&#8221;.<\/p>\n\n\n\n<p>Por fim, aponta que as imunidades formais desses parlamentares, previstas nas constitui\u00e7\u00f5es estaduais, violam os princ\u00edpios democr\u00e1tico, republicano e da separa\u00e7\u00e3o dos Poderes, uma vez que impossibilitam o Poder Judici\u00e1rio de exercer a jurisdi\u00e7\u00e3o.<\/p>\n\n\n\n<p>De acordo com o PGR, as mesmas imunidades previstas no art. 53 da Constitui\u00e7\u00e3o Federal podem ser replicadas aos deputados estaduais pelas constitui\u00e7\u00f5es dos estados-membros da Federa\u00e7\u00e3o. Isso porque a pr\u00f3pria Constitui\u00e7\u00e3o Federal, desde sua reda\u00e7\u00e3o origin\u00e1ria, contempla a extens\u00e3o aos deputados estaduais das imunidades previstas aos membros do Congresso Nacional. &#8220;Assim, a separa\u00e7\u00e3o dos Poderes plasmada na Constitui\u00e7\u00e3o brasileira de 1988 j\u00e1 nasceu com esse mecanismo de freios e contrapesos&#8221;, observa.<\/p><div class=\"ntaim69f29677ac874\" ><!--<a href=\"https:\/\/bit.ly\/3QdrqTZ\" target=\"_blank\">\n<img src=\"https:\/\/justicapotiguar.com.br\/wp-content\/uploads\/2023\/09\/mobile-geral.gif\"\/><a\/>--><\/div><style type=\"text\/css\">\r\n.ntaim69f29677ac874 {\r\ntext-align: center;\r\n}\r\n@media screen and (min-width: 1201px) {\r\n.ntaim69f29677ac874 {\r\ndisplay: none;\r\n}\r\n}\r\n@media screen and (min-width: 993px) and (max-width: 1200px) {\r\n.ntaim69f29677ac874 {\r\ndisplay: none;\r\n}\r\n}\r\n@media screen and (min-width: 769px) and (max-width: 992px) {\r\n.ntaim69f29677ac874 {\r\ndisplay: none;\r\n}\r\n}\r\n@media screen and (min-width: 768px) and (max-width: 768px) {\r\n.ntaim69f29677ac874 {\r\ndisplay: block;\r\n}\r\n}\r\n@media screen and (max-width: 767px) {\r\n.ntaim69f29677ac874 {\r\ndisplay: block;\r\n}\r\n}\r\n<\/style>\r\n<div class=\"sdmyz69f29677ac858\" ><!--<a href=\"https:\/\/bit.ly\/3QdrqTZ\" target=\"_blank\">\n<img src=\"https:\/\/justicapotiguar.com.br\/wp-content\/uploads\/2023\/09\/desktop-geral.gif\"\/><a\/>--><\/div><style type=\"text\/css\">\r\n.sdmyz69f29677ac858 {\r\ntext-align: center;\nmargin-bottom: 1em;\r\n}\r\n@media screen and (min-width: 1201px) {\r\n.sdmyz69f29677ac858 {\r\ndisplay: block;\r\n}\r\n}\r\n@media screen and (min-width: 993px) and (max-width: 1200px) {\r\n.sdmyz69f29677ac858 {\r\ndisplay: block;\r\n}\r\n}\r\n@media screen and (min-width: 769px) and (max-width: 992px) {\r\n.sdmyz69f29677ac858 {\r\ndisplay: block;\r\n}\r\n}\r\n@media screen and (min-width: 768px) and (max-width: 768px) {\r\n.sdmyz69f29677ac858 {\r\ndisplay: none;\r\n}\r\n}\r\n@media screen and (max-width: 767px) {\r\n.sdmyz69f29677ac858 {\r\ndisplay: none;\r\n}\r\n}\r\n<\/style>\r\n\n\n\n\n<p>Ainda segundo o PGR, os argumentos da AMB n\u00e3o se sustentam, pois os dispositivos questionados s\u00e3o c\u00f3pia do art. 53 da Carta Magna e sua vig\u00eancia tem autoriza\u00e7\u00e3o expressa pelo \u00a7 1\u00ba do art. 27 da pr\u00f3pria CF. Para Aras, n\u00e3o procede a almejada diferencia\u00e7\u00e3o entre os membros do Congresso Nacional e os das assembleias legislativas. Como numa federa\u00e7\u00e3o nenhum dos entes federados \u00e9 mais importante do que o outro, o exerc\u00edcio do Poder Legislativo dos estados merece a mesma salvaguarda prevista para o da Uni\u00e3o.<\/p>\n\n\n\n<p>&#8220;As raz\u00f5es que justificam as imunidades formais dos deputados federais e senadores tamb\u00e9m se aplicam aos deputados estaduais. O livre exerc\u00edcio das fun\u00e7\u00f5es do Poder Legislativo estadual \u00e9 t\u00e3o relevante quanto o das fun\u00e7\u00f5es do Poder Legislativo federal&#8221;, sintetiza o PGR, ao manifestar-se de forma contr\u00e1ria aos pedidos da AMB.&nbsp;<em>Com informa\u00e7\u00f5es da assessoria de imprensa do MPF.<\/em><\/p>\n\n\n\n<p><strong>Clique&nbsp;<a href=\"https:\/\/www.conjur.com.br\/dl\/manifestacao-pgr-adi-5283.pdf\" target=\"_blank\" rel=\"noreferrer noopener\">aqui<\/a>&nbsp;para ler a manifesta\u00e7\u00e3o da PGR<br>ADI&nbsp;5.823<\/strong><\/p>\n\n\n\n<p><strong>Clique&nbsp;<a rel=\"noreferrer noopener\" href=\"https:\/\/www.conjur.com.br\/dl\/manifestacao-pgr-adi-5284.pdf\" target=\"_blank\">aqui<\/a>&nbsp;para ler a manifesta\u00e7\u00e3o da PGR<br>ADI&nbsp;5.824<\/strong><\/p>\n\n\n\n<p>Conjur<\/p>\n","protected":false},"excerpt":{"rendered":"<p>O procurador-geral da Rep\u00fablica, Augusto Aras, manifestou-se junto ao Supremo Tribunal Federal pela improced\u00eancia de a\u00e7\u00f5es diretas de inconstitucionalidade (ADIs) que questionam a validade de dispositivos das constitui\u00e7\u00f5es estaduais do Rio de Janeiro e do Rio Grande do Norte, os quais preveem imunidades materiais e formais aos deputados estaduais. As normas apresentam conte\u00fado id\u00eantico ao<br \/><a class=\"more-link\" href=\"https:\/\/justicapotiguar.com.br\/index.php\/2021\/02\/01\/dispositivos-que-preveem-imunidades-a-deputados-estaduais-do-rn-sao-legitimos-diz-pgr\/\">Mais&#8230;<\/a><\/p>\n","protected":false},"author":5,"featured_media":682,"comment_status":"open","ping_status":"open","sticky":false,"template":"","format":"standard","meta":[],"categories":[3],"tags":[],"_links":{"self":[{"href":"https:\/\/justicapotiguar.com.br\/index.php\/wp-json\/wp\/v2\/posts\/16395"}],"collection":[{"href":"https:\/\/justicapotiguar.com.br\/index.php\/wp-json\/wp\/v2\/posts"}],"about":[{"href":"https:\/\/justicapotiguar.com.br\/index.php\/wp-json\/wp\/v2\/types\/post"}],"author":[{"embeddable":true,"href":"https:\/\/justicapotiguar.com.br\/index.php\/wp-json\/wp\/v2\/users\/5"}],"replies":[{"embeddable":true,"href":"https:\/\/justicapotiguar.com.br\/index.php\/wp-json\/wp\/v2\/comments?post=16395"}],"version-history":[{"count":2,"href":"https:\/\/justicapotiguar.com.br\/index.php\/wp-json\/wp\/v2\/posts\/16395\/revisions"}],"predecessor-version":[{"id":16397,"href":"https:\/\/justicapotiguar.com.br\/index.php\/wp-json\/wp\/v2\/posts\/16395\/revisions\/16397"}],"wp:featuredmedia":[{"embeddable":true,"href":"https:\/\/justicapotiguar.com.br\/index.php\/wp-json\/wp\/v2\/media\/682"}],"wp:attachment":[{"href":"https:\/\/justicapotiguar.com.br\/index.php\/wp-json\/wp\/v2\/media?parent=16395"}],"wp:term":[{"taxonomy":"category","embeddable":true,"href":"https:\/\/justicapotiguar.com.br\/index.php\/wp-json\/wp\/v2\/categories?post=16395"},{"taxonomy":"post_tag","embeddable":true,"href":"https:\/\/justicapotiguar.com.br\/index.php\/wp-json\/wp\/v2\/tags?post=16395"}],"curies":[{"name":"wp","href":"https:\/\/api.w.org\/{rel}","templated":true}]}}