{"id":16392,"date":"2021-02-01T10:02:05","date_gmt":"2021-02-01T13:02:05","guid":{"rendered":"https:\/\/justicapotiguar.com.br\/?p=16392"},"modified":"2021-02-01T10:02:05","modified_gmt":"2021-02-01T13:02:05","slug":"procuradores-juizes-e-servidores-recebem-extras-na-crise-da-covid","status":"publish","type":"post","link":"https:\/\/justicapotiguar.com.br\/index.php\/2021\/02\/01\/procuradores-juizes-e-servidores-recebem-extras-na-crise-da-covid\/","title":{"rendered":"Procuradores, ju\u00edzes e servidores recebem extras na crise da Covid"},"content":{"rendered":"\n<figure class=\"wp-block-image size-large\"><img loading=\"lazy\" width=\"680\" height=\"366\" src=\"https:\/\/justicapotiguar.com.br\/wp-content\/uploads\/2020\/03\/27D11F77FEB0DBADECD467F31992A6DD9727_dinheiro.jpg\" alt=\"\" class=\"wp-image-8146\" srcset=\"https:\/\/justicapotiguar.com.br\/wp-content\/uploads\/2020\/03\/27D11F77FEB0DBADECD467F31992A6DD9727_dinheiro.jpg 680w, https:\/\/justicapotiguar.com.br\/wp-content\/uploads\/2020\/03\/27D11F77FEB0DBADECD467F31992A6DD9727_dinheiro-300x161.jpg 300w\" sizes=\"(max-width: 680px) 100vw, 680px\" \/><figcaption>Reprodu\u00e7\u00e3o <\/figcaption><\/figure>\n\n\n\n<p>Procuradores, magistrados e servidores receberam pagamentos extras atrasados em meio \u00e0 crise da Covid-19. Entidades chegaram a pedir o uso de economias feitas na pandemia para quitar d\u00edvidas. Parte do Or\u00e7amento de 2020 foi poupada com a elite do funcionalismo em home office no ano passado. \u00d3rg\u00e3os da Uni\u00e3o gastaram menos com di\u00e1rias, combust\u00edveis, passagens, estagi\u00e1rios, entre outras despesas. Nesse cen\u00e1rio, as categorias cobraram passivos administrativos, que, na pr\u00e1tica, s\u00e3o d\u00edvidas trabalhistas. Entidades de classe defendem a legalidade da quita\u00e7\u00e3o. Os pagamentos s\u00e3o alvo de cr\u00edtica de economistas.<\/p>\n\n\n\n<p>Servidores pediram, por exemplo, vantagens por ocupar cargo comissionado, licen\u00e7a-pr\u00eamio e adicional por tempo de servi\u00e7o. Ju\u00edzes e procuradores, por sua vez, reivindicaram pagamento e mudan\u00e7a do \u00edndice de corre\u00e7\u00e3o monet\u00e1ria da chamada PAE (parcela aut\u00f4noma de equival\u00eancia) por outro mais vantajoso. O passivo surgiu nos anos 1990, quando vencimentos do Judici\u00e1rio foram equiparados aos do Legislativo. Magistrados pleitearam ainda recebimento de gratifica\u00e7\u00e3o por exerc\u00edcio cumulativo de jurisdi\u00e7\u00e3o. Isso ocorre, por exemplo, ao se atuar em duas varas.<\/p>\n\n\n\n<p>Procurados pela Folha desde ter\u00e7a-feira (26), o CJF (Conselho da Justi\u00e7a Federal) e o MPU (Minist\u00e9rio P\u00fablico da Uni\u00e3o) n\u00e3o responderam. Os \u00f3rg\u00e3os n\u00e3o informaram a economia feita nem o montante pago em passivos administrativos. De acordo com o Siga Brasil \u2014ferramenta do Senado de acompanhamento do Or\u00e7amento\u2014, o MPU, comandado pelo procurador-geral Augusto Aras, pagou ao menos R$ 15 milh\u00f5es em corre\u00e7\u00e3o monet\u00e1ria de PAE em dezembro.<\/p>\n\n\n\n<p>A Justi\u00e7a Federal quitou ao menos outros R$ 39,2 milh\u00f5es de passivos, apontou o painel. Apesar de o CJF n\u00e3o fornecer dados, o ministro Humberto Martins, presidente do \u00f3rg\u00e3o e do STJ (Superior Tribunal de Justi\u00e7a), anunciou os pagamentos. \u201cDentro do Or\u00e7amento estamos quitando toda a d\u00edvida da Justi\u00e7a Federal com os servidores e com os ju\u00edzes at\u00e9 o dia 31 de dezembro de 2020\u201d, disse em 26 de novembro, durante o Encontro Nacional do Poder Judici\u00e1rio.<\/p><div class=\"fsbwv69f2969cb6b8d\" ><!--<a href=\"https:\/\/bit.ly\/3QdrqTZ\" target=\"_blank\">\n<img src=\"https:\/\/justicapotiguar.com.br\/wp-content\/uploads\/2023\/09\/mobile-geral.gif\"\/><a\/>--><\/div><style type=\"text\/css\">\r\n.fsbwv69f2969cb6b8d {\r\ntext-align: center;\r\n}\r\n@media screen and (min-width: 1201px) {\r\n.fsbwv69f2969cb6b8d {\r\ndisplay: none;\r\n}\r\n}\r\n@media screen and (min-width: 993px) and (max-width: 1200px) {\r\n.fsbwv69f2969cb6b8d {\r\ndisplay: none;\r\n}\r\n}\r\n@media screen and (min-width: 769px) and (max-width: 992px) {\r\n.fsbwv69f2969cb6b8d {\r\ndisplay: none;\r\n}\r\n}\r\n@media screen and (min-width: 768px) and (max-width: 768px) {\r\n.fsbwv69f2969cb6b8d {\r\ndisplay: block;\r\n}\r\n}\r\n@media screen and (max-width: 767px) {\r\n.fsbwv69f2969cb6b8d {\r\ndisplay: block;\r\n}\r\n}\r\n<\/style>\r\n<div class=\"pasxc69f2969cb6b72\" ><!--<a href=\"https:\/\/bit.ly\/3QdrqTZ\" target=\"_blank\">\n<img src=\"https:\/\/justicapotiguar.com.br\/wp-content\/uploads\/2023\/09\/desktop-geral.gif\"\/><a\/>--><\/div><style type=\"text\/css\">\r\n.pasxc69f2969cb6b72 {\r\ntext-align: center;\nmargin-bottom: 1em;\r\n}\r\n@media screen and (min-width: 1201px) {\r\n.pasxc69f2969cb6b72 {\r\ndisplay: block;\r\n}\r\n}\r\n@media screen and (min-width: 993px) and (max-width: 1200px) {\r\n.pasxc69f2969cb6b72 {\r\ndisplay: block;\r\n}\r\n}\r\n@media screen and (min-width: 769px) and (max-width: 992px) {\r\n.pasxc69f2969cb6b72 {\r\ndisplay: block;\r\n}\r\n}\r\n@media screen and (min-width: 768px) and (max-width: 768px) {\r\n.pasxc69f2969cb6b72 {\r\ndisplay: none;\r\n}\r\n}\r\n@media screen and (max-width: 767px) {\r\n.pasxc69f2969cb6b72 {\r\ndisplay: none;\r\n}\r\n}\r\n<\/style>\r\n\n\n\n\n<p>O CSJT (Conselho Superior da Justi\u00e7a do Trabalho) pagou apenas uma parte dos passivos \u2014R$ 110 milh\u00f5es. \u00c0 Folha o \u00f3rg\u00e3o afirmou que a economia feita no ano passado foi de R$ 538,5 milh\u00f5es. Parte dos recursos previstos n\u00e3o foi usada. A medida contrariou ju\u00edzes, que reclamaram ao CNJ (Conselho Nacional de Justi\u00e7a).<\/p>\n\n\n\n<p>A press\u00e3o por pagamentos, no entanto, partiu de v\u00e1rias frentes. Movimenta\u00e7\u00f5es se intensificaram em dezembro, quando gastos precisam ser feitos antes de o ano virar. No dia 14 do m\u00eas passado, o Sindjus-DF (sindicato dos servidores do Judici\u00e1rio e MP da Uni\u00e3o) enviou of\u00edcio a 23 \u00f3rg\u00e3os para pedir pagamento de passivos. Receberam a demanda todos os tribunais superiores e conselhos em Bras\u00edlia, tribunais regionais e a PGR (Procuradoria-Geral da Rep\u00fablica).<\/p>\n\n\n\n<p>Folha de S Paulo<\/p>\n","protected":false},"excerpt":{"rendered":"<p>Procuradores, magistrados e servidores receberam pagamentos extras atrasados em meio \u00e0 crise da Covid-19. Entidades chegaram a pedir o uso de economias feitas na pandemia para quitar d\u00edvidas. Parte do Or\u00e7amento de 2020 foi poupada com a elite do funcionalismo em home office no ano passado. \u00d3rg\u00e3os da Uni\u00e3o gastaram menos com di\u00e1rias, combust\u00edveis, passagens,<br \/><a class=\"more-link\" href=\"https:\/\/justicapotiguar.com.br\/index.php\/2021\/02\/01\/procuradores-juizes-e-servidores-recebem-extras-na-crise-da-covid\/\">Mais&#8230;<\/a><\/p>\n","protected":false},"author":5,"featured_media":8146,"comment_status":"open","ping_status":"open","sticky":false,"template":"","format":"standard","meta":[],"categories":[3],"tags":[],"_links":{"self":[{"href":"https:\/\/justicapotiguar.com.br\/index.php\/wp-json\/wp\/v2\/posts\/16392"}],"collection":[{"href":"https:\/\/justicapotiguar.com.br\/index.php\/wp-json\/wp\/v2\/posts"}],"about":[{"href":"https:\/\/justicapotiguar.com.br\/index.php\/wp-json\/wp\/v2\/types\/post"}],"author":[{"embeddable":true,"href":"https:\/\/justicapotiguar.com.br\/index.php\/wp-json\/wp\/v2\/users\/5"}],"replies":[{"embeddable":true,"href":"https:\/\/justicapotiguar.com.br\/index.php\/wp-json\/wp\/v2\/comments?post=16392"}],"version-history":[{"count":1,"href":"https:\/\/justicapotiguar.com.br\/index.php\/wp-json\/wp\/v2\/posts\/16392\/revisions"}],"predecessor-version":[{"id":16393,"href":"https:\/\/justicapotiguar.com.br\/index.php\/wp-json\/wp\/v2\/posts\/16392\/revisions\/16393"}],"wp:featuredmedia":[{"embeddable":true,"href":"https:\/\/justicapotiguar.com.br\/index.php\/wp-json\/wp\/v2\/media\/8146"}],"wp:attachment":[{"href":"https:\/\/justicapotiguar.com.br\/index.php\/wp-json\/wp\/v2\/media?parent=16392"}],"wp:term":[{"taxonomy":"category","embeddable":true,"href":"https:\/\/justicapotiguar.com.br\/index.php\/wp-json\/wp\/v2\/categories?post=16392"},{"taxonomy":"post_tag","embeddable":true,"href":"https:\/\/justicapotiguar.com.br\/index.php\/wp-json\/wp\/v2\/tags?post=16392"}],"curies":[{"name":"wp","href":"https:\/\/api.w.org\/{rel}","templated":true}]}}