{"id":16390,"date":"2021-02-01T09:19:03","date_gmt":"2021-02-01T12:19:03","guid":{"rendered":"https:\/\/justicapotiguar.com.br\/?p=16390"},"modified":"2021-02-01T08:51:44","modified_gmt":"2021-02-01T11:51:44","slug":"juizado-especial-criminal-de-natal-abre-inscricoes-para-estagio-de-pos-em-direito-ate-dia-5","status":"publish","type":"post","link":"https:\/\/justicapotiguar.com.br\/index.php\/2021\/02\/01\/juizado-especial-criminal-de-natal-abre-inscricoes-para-estagio-de-pos-em-direito-ate-dia-5\/","title":{"rendered":"Juizado Especial Criminal de Natal abre inscri\u00e7\u00f5es para est\u00e1gio de p\u00f3s em Direito, at\u00e9 dia 5"},"content":{"rendered":"\n<figure class=\"wp-block-image size-large\"><img loading=\"lazy\" width=\"640\" height=\"427\" src=\"https:\/\/justicapotiguar.com.br\/wp-content\/uploads\/2019\/08\/est\u00e1gio-1.jpg\" alt=\"\" class=\"wp-image-701\" srcset=\"https:\/\/justicapotiguar.com.br\/wp-content\/uploads\/2019\/08\/est\u00e1gio-1.jpg 640w, https:\/\/justicapotiguar.com.br\/wp-content\/uploads\/2019\/08\/est\u00e1gio-1-300x200.jpg 300w\" sizes=\"(max-width: 640px) 100vw, 640px\" \/><figcaption>Ilustrativa<\/figcaption><\/figure>\n\n\n\n<p>O Juizado Especial Criminal da Comarca de Natal (Jecrim) publicou edital para sele\u00e7\u00e3o de estagi\u00e1rio de p\u00f3s-gradua\u00e7\u00e3o remunerado. S\u00e3o oferecidas duas vagas para estudantes da \u00e1rea de Direito, havendo classifica\u00e7\u00e3o at\u00e9 o 10\u00ba colocado, para efeito de cadastro de reserva.<\/p>\n\n\n\n<p>Veja o edital completo&nbsp;<a href=\"http:\/\/www.tjrn.jus.br\/files\/Editais\/edital_pos_jecrim_natal.pdf\">AQUI<\/a><\/p>\n\n\n\n<p>As inscri\u00e7\u00f5es ser\u00e3o realizadas atrav\u00e9s do e-mail oficial do Juizado Especial Criminal de Natal (&nbsp;<a href=\"mailto:ntljesp01cri@tjrn.jus.br\">ntljesp01cri@tjrn.jus.br<\/a>), no per\u00edodo de 1\u00ba de fevereiro a 5 de fevereiro.<\/p>\n\n\n\n<p>Para se inscrever o candidato dever\u00e1 enviar e-mail com o assunto \u201cSele\u00e7\u00e3o de Estagi\u00e1rio de P\u00f3s- Gradua\u00e7\u00e3o\u201d e com os documentos exigidos no edital em anexo.<\/p>\n\n\n\n<p>A lista definitiva dos inscritos ser\u00e1 divulgada no Di\u00e1rio da Justi\u00e7a Eletr\u00f4nico (DJe), no dia 12 de fevereiro.<\/p>\n\n\n\n<p><strong>Prova<\/strong><\/p><div class=\"yzkrh69f294ad06801\" ><!--<a href=\"https:\/\/bit.ly\/3QdrqTZ\" target=\"_blank\">\n<img src=\"https:\/\/justicapotiguar.com.br\/wp-content\/uploads\/2023\/09\/mobile-geral.gif\"\/><a\/>--><\/div><style type=\"text\/css\">\r\n.yzkrh69f294ad06801 {\r\ntext-align: center;\r\n}\r\n@media screen and (min-width: 1201px) {\r\n.yzkrh69f294ad06801 {\r\ndisplay: none;\r\n}\r\n}\r\n@media screen and (min-width: 993px) and (max-width: 1200px) {\r\n.yzkrh69f294ad06801 {\r\ndisplay: none;\r\n}\r\n}\r\n@media screen and (min-width: 769px) and (max-width: 992px) {\r\n.yzkrh69f294ad06801 {\r\ndisplay: none;\r\n}\r\n}\r\n@media screen and (min-width: 768px) and (max-width: 768px) {\r\n.yzkrh69f294ad06801 {\r\ndisplay: block;\r\n}\r\n}\r\n@media screen and (max-width: 767px) {\r\n.yzkrh69f294ad06801 {\r\ndisplay: block;\r\n}\r\n}\r\n<\/style>\r\n<div class=\"gkixc69f294ad067ec\" ><!--<a href=\"https:\/\/bit.ly\/3QdrqTZ\" target=\"_blank\">\n<img src=\"https:\/\/justicapotiguar.com.br\/wp-content\/uploads\/2023\/09\/desktop-geral.gif\"\/><a\/>--><\/div><style type=\"text\/css\">\r\n.gkixc69f294ad067ec {\r\ntext-align: center;\nmargin-bottom: 1em;\r\n}\r\n@media screen and (min-width: 1201px) {\r\n.gkixc69f294ad067ec {\r\ndisplay: block;\r\n}\r\n}\r\n@media screen and (min-width: 993px) and (max-width: 1200px) {\r\n.gkixc69f294ad067ec {\r\ndisplay: block;\r\n}\r\n}\r\n@media screen and (min-width: 769px) and (max-width: 992px) {\r\n.gkixc69f294ad067ec {\r\ndisplay: block;\r\n}\r\n}\r\n@media screen and (min-width: 768px) and (max-width: 768px) {\r\n.gkixc69f294ad067ec {\r\ndisplay: none;\r\n}\r\n}\r\n@media screen and (max-width: 767px) {\r\n.gkixc69f294ad067ec {\r\ndisplay: none;\r\n}\r\n}\r\n<\/style>\r\n\n\n\n\n<p>A sele\u00e7\u00e3o dos candidatos inscritos ser\u00e1 realizada mediante uma prova discursiva, de car\u00e1ter eliminat\u00f3rio e classificat\u00f3rio, e entrevista e an\u00e1lise de curr\u00edculo de car\u00e1ter classificat\u00f3rio.<\/p>\n\n\n\n<p>A prova discursiva consistir\u00e1 na elabora\u00e7\u00e3o de uma senten\u00e7a criminal, e ter\u00e1 dura\u00e7\u00e3o de tr\u00eas horas. O certame ser\u00e1 realizado no dia 5 de mar\u00e7o, \u00e0s 8h30, nas salas da Esmarn \u2013 Escola da Magistratura do Rio Grande do Norte, devendo o candidato comparecer ao local indicado com anteced\u00eancia m\u00ednima de 30 minutos do in\u00edcio da prova. Ser\u00e3o adotados todos os procedimentos de ordem sanit\u00e1ria em decorr\u00eancia da pandemia de Covid-19, sendo inclusive obrigat\u00f3rio o uso de m\u00e1scara por todos os candidatos e demais envolvidos no certame.<\/p>\n\n\n\n<p>Os dez primeiros candidatos a compor a lista de aprovados ser\u00e3o convocados para entrevista, que ser\u00e1 realizada no dia 09 de abril, a partir das 9h atrav\u00e9s de reuni\u00e3o virtual, com o link sendo enviado a cada candidato atrav\u00e9s do telefone ou email informados no cadastro.<\/p>\n\n\n\n<p><strong>Condi\u00e7\u00f5es<\/strong><\/p>\n\n\n\n<p>A jornada de est\u00e1gio \u00e9 de seis horas di\u00e1rias e 30 semanais. A jornada di\u00e1ria ser\u00e1 exercida no per\u00edodo da manh\u00e3 ou da tarde, sujeita a modifica\u00e7\u00e3o caso o aprovado resida ou estude em outra comarca, desde que mantidas as seis horas obrigat\u00f3rias.<\/p>\n\n\n\n<p>O p\u00f3s-graduando receber\u00e1 mensalmente bolsa-aux\u00edlio, atualmente no valor de R$ 1.874,00 e aux\u00edlio-transporte, atualmente de R$ 127,60. A dura\u00e7\u00e3o do est\u00e1gio \u00e9 de um ano, prorrog\u00e1vel pelo mesmo per\u00edodo.<\/p>\n","protected":false},"excerpt":{"rendered":"<p>O Juizado Especial Criminal da Comarca de Natal (Jecrim) publicou edital para sele\u00e7\u00e3o de estagi\u00e1rio de p\u00f3s-gradua\u00e7\u00e3o remunerado. S\u00e3o oferecidas duas vagas para estudantes da \u00e1rea de Direito, havendo classifica\u00e7\u00e3o at\u00e9 o 10\u00ba colocado, para efeito de cadastro de reserva. Veja o edital completo&nbsp;AQUI As inscri\u00e7\u00f5es ser\u00e3o realizadas atrav\u00e9s do e-mail oficial do Juizado Especial<br \/><a class=\"more-link\" href=\"https:\/\/justicapotiguar.com.br\/index.php\/2021\/02\/01\/juizado-especial-criminal-de-natal-abre-inscricoes-para-estagio-de-pos-em-direito-ate-dia-5\/\">Mais&#8230;<\/a><\/p>\n","protected":false},"author":5,"featured_media":701,"comment_status":"open","ping_status":"open","sticky":false,"template":"","format":"standard","meta":[],"categories":[3],"tags":[],"_links":{"self":[{"href":"https:\/\/justicapotiguar.com.br\/index.php\/wp-json\/wp\/v2\/posts\/16390"}],"collection":[{"href":"https:\/\/justicapotiguar.com.br\/index.php\/wp-json\/wp\/v2\/posts"}],"about":[{"href":"https:\/\/justicapotiguar.com.br\/index.php\/wp-json\/wp\/v2\/types\/post"}],"author":[{"embeddable":true,"href":"https:\/\/justicapotiguar.com.br\/index.php\/wp-json\/wp\/v2\/users\/5"}],"replies":[{"embeddable":true,"href":"https:\/\/justicapotiguar.com.br\/index.php\/wp-json\/wp\/v2\/comments?post=16390"}],"version-history":[{"count":1,"href":"https:\/\/justicapotiguar.com.br\/index.php\/wp-json\/wp\/v2\/posts\/16390\/revisions"}],"predecessor-version":[{"id":16391,"href":"https:\/\/justicapotiguar.com.br\/index.php\/wp-json\/wp\/v2\/posts\/16390\/revisions\/16391"}],"wp:featuredmedia":[{"embeddable":true,"href":"https:\/\/justicapotiguar.com.br\/index.php\/wp-json\/wp\/v2\/media\/701"}],"wp:attachment":[{"href":"https:\/\/justicapotiguar.com.br\/index.php\/wp-json\/wp\/v2\/media?parent=16390"}],"wp:term":[{"taxonomy":"category","embeddable":true,"href":"https:\/\/justicapotiguar.com.br\/index.php\/wp-json\/wp\/v2\/categories?post=16390"},{"taxonomy":"post_tag","embeddable":true,"href":"https:\/\/justicapotiguar.com.br\/index.php\/wp-json\/wp\/v2\/tags?post=16390"}],"curies":[{"name":"wp","href":"https:\/\/api.w.org\/{rel}","templated":true}]}}