{"id":16319,"date":"2021-01-28T13:48:52","date_gmt":"2021-01-28T16:48:52","guid":{"rendered":"https:\/\/justicapotiguar.com.br\/?p=16319"},"modified":"2021-01-28T13:48:52","modified_gmt":"2021-01-28T16:48:52","slug":"mpf-vai-apurar-possivel-perda-de-mais-de-4-mil-doses-de-vacinas-no-rn","status":"publish","type":"post","link":"https:\/\/justicapotiguar.com.br\/index.php\/2021\/01\/28\/mpf-vai-apurar-possivel-perda-de-mais-de-4-mil-doses-de-vacinas-no-rn\/","title":{"rendered":"MPF vai apurar poss\u00edvel perda de mais de 4 mil doses de vacinas no RN"},"content":{"rendered":"\n<figure class=\"wp-block-image size-large\"><img loading=\"lazy\" width=\"355\" height=\"254\" src=\"https:\/\/justicapotiguar.com.br\/wp-content\/uploads\/2021\/01\/vacinacao.jpeg\" alt=\"\" class=\"wp-image-16057\" srcset=\"https:\/\/justicapotiguar.com.br\/wp-content\/uploads\/2021\/01\/vacinacao.jpeg 355w, https:\/\/justicapotiguar.com.br\/wp-content\/uploads\/2021\/01\/vacinacao-300x215.jpeg 300w\" sizes=\"(max-width: 355px) 100vw, 355px\" \/><figcaption>Reprodu\u00e7\u00e3o<\/figcaption><\/figure>\n\n\n\n<p><br>O Minist\u00e9rio P\u00fablico Federal (MPF) abrir\u00e1 procedimento para apurar os detalhes sobre a poss\u00edvel perda operacional de 5% das doses da vacina Coronavac que foram enviadas pelo Minist\u00e9rio da Sa\u00fade para o Rio Grande do Norte. A abertura do procedimento foi determinada pelo coordenador do N\u00facleo de Combate \u00e0 Corrup\u00e7\u00e3o (NCC), procurador da Rep\u00fablica Kleber Martins, tendo em vista o surgimento de questionamentos a respeito.<\/p>\n\n\n\n<p>Esse percentual est\u00e1 previsto em uma nota t\u00e9cnica da Secretaria de Estado da Sa\u00fade P\u00fablica (Sesap\/RN). O documento, de 19 de janeiro, trouxe informa\u00e7\u00f5es sobre a campanha de vacina\u00e7\u00e3o contra a covid-19 e &#8211; em seus itens 10.2 e 10.3 &#8211; aponta que, das 82.440 doses da vacina Coronavac destinadas ao Rio Grande do Norte, haveria uma perda operacional de 5%, equivalente a 4.122 doses.<\/p><div class=\"itvwh69f0c2b4d6aa2\" ><!--<a href=\"https:\/\/bit.ly\/3QdrqTZ\" target=\"_blank\">\n<img src=\"https:\/\/justicapotiguar.com.br\/wp-content\/uploads\/2023\/09\/mobile-geral.gif\"\/><a\/>--><\/div><style type=\"text\/css\">\r\n.itvwh69f0c2b4d6aa2 {\r\ntext-align: center;\r\n}\r\n@media screen and (min-width: 1201px) {\r\n.itvwh69f0c2b4d6aa2 {\r\ndisplay: none;\r\n}\r\n}\r\n@media screen and (min-width: 993px) and (max-width: 1200px) {\r\n.itvwh69f0c2b4d6aa2 {\r\ndisplay: none;\r\n}\r\n}\r\n@media screen and (min-width: 769px) and (max-width: 992px) {\r\n.itvwh69f0c2b4d6aa2 {\r\ndisplay: none;\r\n}\r\n}\r\n@media screen and (min-width: 768px) and (max-width: 768px) {\r\n.itvwh69f0c2b4d6aa2 {\r\ndisplay: block;\r\n}\r\n}\r\n@media screen and (max-width: 767px) {\r\n.itvwh69f0c2b4d6aa2 {\r\ndisplay: block;\r\n}\r\n}\r\n<\/style>\r\n<div class=\"gmazx69f0c2b4d6a8c\" ><!--<a href=\"https:\/\/bit.ly\/3QdrqTZ\" target=\"_blank\">\n<img src=\"https:\/\/justicapotiguar.com.br\/wp-content\/uploads\/2023\/09\/desktop-geral.gif\"\/><a\/>--><\/div><style type=\"text\/css\">\r\n.gmazx69f0c2b4d6a8c {\r\ntext-align: center;\nmargin-bottom: 1em;\r\n}\r\n@media screen and (min-width: 1201px) {\r\n.gmazx69f0c2b4d6a8c {\r\ndisplay: block;\r\n}\r\n}\r\n@media screen and (min-width: 993px) and (max-width: 1200px) {\r\n.gmazx69f0c2b4d6a8c {\r\ndisplay: block;\r\n}\r\n}\r\n@media screen and (min-width: 769px) and (max-width: 992px) {\r\n.gmazx69f0c2b4d6a8c {\r\ndisplay: block;\r\n}\r\n}\r\n@media screen and (min-width: 768px) and (max-width: 768px) {\r\n.gmazx69f0c2b4d6a8c {\r\ndisplay: none;\r\n}\r\n}\r\n@media screen and (max-width: 767px) {\r\n.gmazx69f0c2b4d6a8c {\r\ndisplay: none;\r\n}\r\n}\r\n<\/style>\r\n\n\n\n\n<p>A informa\u00e7\u00e3o, destaca o procurador, causou perplexidade na popula\u00e7\u00e3o, \u201cporque lhe permitiu inferir que o \u00f3rg\u00e3o de sa\u00fade m\u00e1ximo do Estado aceitava com elevada naturalidade que mais de 4 mil doses de um dos itens mais importantes do mundo na atualidade \u2013 a vacina contra a covid-19 \u2013 fossem simplesmente perdidas durante a vacina\u00e7\u00e3o, como se isso fosse comum e, portanto, toler\u00e1vel no servi\u00e7o p\u00fablico; afinal, fosse a vacina ministrada pela rede privada de sa\u00fade, haveria igual \u2018perda operacional\u2019?\u201d<\/p>\n\n\n\n<p>Para Kleber Martins, diante dos questionamentos, o MPF dever\u00e1 apurar a situa\u00e7\u00e3o, \u201ctendo em vista o elevado interesse p\u00fablico que existe sobre a vacina\u00e7\u00e3o ora em curso e, notadamente, sobre a escorreita aplica\u00e7\u00e3o dos recursos p\u00fablicos com ela despendidos\u201d.<\/p>\n","protected":false},"excerpt":{"rendered":"<p>O Minist\u00e9rio P\u00fablico Federal (MPF) abrir\u00e1 procedimento para apurar os detalhes sobre a poss\u00edvel perda operacional de 5% das doses da vacina Coronavac que foram enviadas pelo Minist\u00e9rio da Sa\u00fade para o Rio Grande do Norte. A abertura do procedimento foi determinada pelo coordenador do N\u00facleo de Combate \u00e0 Corrup\u00e7\u00e3o (NCC), procurador da Rep\u00fablica Kleber<br \/><a class=\"more-link\" href=\"https:\/\/justicapotiguar.com.br\/index.php\/2021\/01\/28\/mpf-vai-apurar-possivel-perda-de-mais-de-4-mil-doses-de-vacinas-no-rn\/\">Mais&#8230;<\/a><\/p>\n","protected":false},"author":5,"featured_media":16057,"comment_status":"open","ping_status":"open","sticky":false,"template":"","format":"standard","meta":[],"categories":[3],"tags":[],"_links":{"self":[{"href":"https:\/\/justicapotiguar.com.br\/index.php\/wp-json\/wp\/v2\/posts\/16319"}],"collection":[{"href":"https:\/\/justicapotiguar.com.br\/index.php\/wp-json\/wp\/v2\/posts"}],"about":[{"href":"https:\/\/justicapotiguar.com.br\/index.php\/wp-json\/wp\/v2\/types\/post"}],"author":[{"embeddable":true,"href":"https:\/\/justicapotiguar.com.br\/index.php\/wp-json\/wp\/v2\/users\/5"}],"replies":[{"embeddable":true,"href":"https:\/\/justicapotiguar.com.br\/index.php\/wp-json\/wp\/v2\/comments?post=16319"}],"version-history":[{"count":1,"href":"https:\/\/justicapotiguar.com.br\/index.php\/wp-json\/wp\/v2\/posts\/16319\/revisions"}],"predecessor-version":[{"id":16320,"href":"https:\/\/justicapotiguar.com.br\/index.php\/wp-json\/wp\/v2\/posts\/16319\/revisions\/16320"}],"wp:featuredmedia":[{"embeddable":true,"href":"https:\/\/justicapotiguar.com.br\/index.php\/wp-json\/wp\/v2\/media\/16057"}],"wp:attachment":[{"href":"https:\/\/justicapotiguar.com.br\/index.php\/wp-json\/wp\/v2\/media?parent=16319"}],"wp:term":[{"taxonomy":"category","embeddable":true,"href":"https:\/\/justicapotiguar.com.br\/index.php\/wp-json\/wp\/v2\/categories?post=16319"},{"taxonomy":"post_tag","embeddable":true,"href":"https:\/\/justicapotiguar.com.br\/index.php\/wp-json\/wp\/v2\/tags?post=16319"}],"curies":[{"name":"wp","href":"https:\/\/api.w.org\/{rel}","templated":true}]}}