{"id":16316,"date":"2021-01-28T13:26:55","date_gmt":"2021-01-28T16:26:55","guid":{"rendered":"https:\/\/justicapotiguar.com.br\/?p=16316"},"modified":"2021-01-28T12:19:55","modified_gmt":"2021-01-28T15:19:55","slug":"apos-polemizar-contra-isolamento-presidente-do-tjms-quer-padronizar-vestuario-de-servidores-pela-dignidade-da-justica","status":"publish","type":"post","link":"https:\/\/justicapotiguar.com.br\/index.php\/2021\/01\/28\/apos-polemizar-contra-isolamento-presidente-do-tjms-quer-padronizar-vestuario-de-servidores-pela-dignidade-da-justica\/","title":{"rendered":"Ap\u00f3s polemizar contra isolamento, presidente do TJMS quer padronizar vestu\u00e1rio de servidores pela &#8220;dignidade da Justi\u00e7a&#8221;"},"content":{"rendered":"\n<p>O presidente do TJ\/MS, desembargador&nbsp;<strong>Carlos Eduardo Contar<\/strong>, assinou&nbsp;<a href=\"https:\/\/www.migalhas.uol.com.br\/arquivos\/2021\/1\/832115DBF748E3_portariavestuariotjms.pdf\" target=\"_blank\" rel=\"noreferrer noopener\">portaria<\/a>&nbsp;nesta quinta-feira, 28, que institui uma comiss\u00e3o de estudos para padroniza\u00e7\u00e3o do vestu\u00e1rio de servidores do Judici\u00e1rio Estadual.<\/p>\n\n\n\n<p>A norma considera &#8220;<em>a necessidade de manter a padroniza\u00e7\u00e3o da vestimenta dos servidores para manuten\u00e7\u00e3o e prest\u00edgio da dignidade da justi\u00e7a<\/em>&#8220;.<\/p>\n\n\n\n<figure class=\"wp-block-image\"><img src=\"https:\/\/img2.migalhas.uol.com.br\/_MEDPROC_\/https__img1.migalhas.uol.com.br__SL__gf_base__SL__empresas__SL__MIGA__SL__imagens__SL__2021__SL__01__SL__28__SL__a37bbb6d-948c-4dc6-adb6-672fa05dd219.jpg._PROC_CP75.jpg\" alt=\"(Imagem: Reprodu\u00e7\u00e3o)\" title=\"(Imagem: Reprodu\u00e7\u00e3o)\"\/><\/figure>\n\n\n\n<p>(Imagem: Reprodu\u00e7\u00e3o)<\/p><div class=\"oehlg69f0d7f5d0eaa\" ><!--<a href=\"https:\/\/bit.ly\/3QdrqTZ\" target=\"_blank\">\n<img src=\"https:\/\/justicapotiguar.com.br\/wp-content\/uploads\/2023\/09\/mobile-geral.gif\"\/><a\/>--><\/div><style type=\"text\/css\">\r\n.oehlg69f0d7f5d0eaa {\r\ntext-align: center;\r\n}\r\n@media screen and (min-width: 1201px) {\r\n.oehlg69f0d7f5d0eaa {\r\ndisplay: none;\r\n}\r\n}\r\n@media screen and (min-width: 993px) and (max-width: 1200px) {\r\n.oehlg69f0d7f5d0eaa {\r\ndisplay: none;\r\n}\r\n}\r\n@media screen and (min-width: 769px) and (max-width: 992px) {\r\n.oehlg69f0d7f5d0eaa {\r\ndisplay: none;\r\n}\r\n}\r\n@media screen and (min-width: 768px) and (max-width: 768px) {\r\n.oehlg69f0d7f5d0eaa {\r\ndisplay: block;\r\n}\r\n}\r\n@media screen and (max-width: 767px) {\r\n.oehlg69f0d7f5d0eaa {\r\ndisplay: block;\r\n}\r\n}\r\n<\/style>\r\n<div class=\"qhgin69f0d7f5d0e86\" ><!--<a href=\"https:\/\/bit.ly\/3QdrqTZ\" target=\"_blank\">\n<img src=\"https:\/\/justicapotiguar.com.br\/wp-content\/uploads\/2023\/09\/desktop-geral.gif\"\/><a\/>--><\/div><style type=\"text\/css\">\r\n.qhgin69f0d7f5d0e86 {\r\ntext-align: center;\nmargin-bottom: 1em;\r\n}\r\n@media screen and (min-width: 1201px) {\r\n.qhgin69f0d7f5d0e86 {\r\ndisplay: block;\r\n}\r\n}\r\n@media screen and (min-width: 993px) and (max-width: 1200px) {\r\n.qhgin69f0d7f5d0e86 {\r\ndisplay: block;\r\n}\r\n}\r\n@media screen and (min-width: 769px) and (max-width: 992px) {\r\n.qhgin69f0d7f5d0e86 {\r\ndisplay: block;\r\n}\r\n}\r\n@media screen and (min-width: 768px) and (max-width: 768px) {\r\n.qhgin69f0d7f5d0e86 {\r\ndisplay: none;\r\n}\r\n}\r\n@media screen and (max-width: 767px) {\r\n.qhgin69f0d7f5d0e86 {\r\ndisplay: none;\r\n}\r\n}\r\n<\/style>\r\n\n\n\n\n<p>Contar ganhou as m\u00eddias na \u00faltima semana ap\u00f3s a posse da administra\u00e7\u00e3o do TJ\/MS para bi\u00eanio 2021\/2022. O desembargador\u00a0<a rel=\"noreferrer noopener\" href=\"https:\/\/migalhas.uol.com.br\/quentes\/339398\/presidente-do-tj-ms-critica-isolamento--palhacada-midiatica\" target=\"_blank\">discursou<\/a>\u00a0pedindo que o Judici\u00e1rio sul-mato-grossense desprezasse os &#8220;picaretas&#8221; que afirmam &#8220;fiquem em casa&#8221; e convocou os servidores a retornarem aos trabalhos, pondo fim &#8220;\u00e0 esquizofrenia e palha\u00e7ada midi\u00e1tica f\u00fanebre&#8221;.<\/p>\n\n\n\n<p>Migalhas<\/p>\n","protected":false},"excerpt":{"rendered":"<p>O presidente do TJ\/MS, desembargador&nbsp;Carlos Eduardo Contar, assinou&nbsp;portaria&nbsp;nesta quinta-feira, 28, que institui uma comiss\u00e3o de estudos para padroniza\u00e7\u00e3o do vestu\u00e1rio de servidores do Judici\u00e1rio Estadual. A norma considera &#8220;a necessidade de manter a padroniza\u00e7\u00e3o da vestimenta dos servidores para manuten\u00e7\u00e3o e prest\u00edgio da dignidade da justi\u00e7a&#8220;. (Imagem: Reprodu\u00e7\u00e3o) Contar ganhou as m\u00eddias na \u00faltima semana<br \/><a class=\"more-link\" href=\"https:\/\/justicapotiguar.com.br\/index.php\/2021\/01\/28\/apos-polemizar-contra-isolamento-presidente-do-tjms-quer-padronizar-vestuario-de-servidores-pela-dignidade-da-justica\/\">Mais&#8230;<\/a><\/p>\n","protected":false},"author":5,"featured_media":16317,"comment_status":"open","ping_status":"open","sticky":false,"template":"","format":"standard","meta":[],"categories":[3],"tags":[],"_links":{"self":[{"href":"https:\/\/justicapotiguar.com.br\/index.php\/wp-json\/wp\/v2\/posts\/16316"}],"collection":[{"href":"https:\/\/justicapotiguar.com.br\/index.php\/wp-json\/wp\/v2\/posts"}],"about":[{"href":"https:\/\/justicapotiguar.com.br\/index.php\/wp-json\/wp\/v2\/types\/post"}],"author":[{"embeddable":true,"href":"https:\/\/justicapotiguar.com.br\/index.php\/wp-json\/wp\/v2\/users\/5"}],"replies":[{"embeddable":true,"href":"https:\/\/justicapotiguar.com.br\/index.php\/wp-json\/wp\/v2\/comments?post=16316"}],"version-history":[{"count":1,"href":"https:\/\/justicapotiguar.com.br\/index.php\/wp-json\/wp\/v2\/posts\/16316\/revisions"}],"predecessor-version":[{"id":16318,"href":"https:\/\/justicapotiguar.com.br\/index.php\/wp-json\/wp\/v2\/posts\/16316\/revisions\/16318"}],"wp:featuredmedia":[{"embeddable":true,"href":"https:\/\/justicapotiguar.com.br\/index.php\/wp-json\/wp\/v2\/media\/16317"}],"wp:attachment":[{"href":"https:\/\/justicapotiguar.com.br\/index.php\/wp-json\/wp\/v2\/media?parent=16316"}],"wp:term":[{"taxonomy":"category","embeddable":true,"href":"https:\/\/justicapotiguar.com.br\/index.php\/wp-json\/wp\/v2\/categories?post=16316"},{"taxonomy":"post_tag","embeddable":true,"href":"https:\/\/justicapotiguar.com.br\/index.php\/wp-json\/wp\/v2\/tags?post=16316"}],"curies":[{"name":"wp","href":"https:\/\/api.w.org\/{rel}","templated":true}]}}