{"id":16309,"date":"2021-01-28T10:04:01","date_gmt":"2021-01-28T13:04:01","guid":{"rendered":"https:\/\/justicapotiguar.com.br\/?p=16309"},"modified":"2021-01-28T10:04:01","modified_gmt":"2021-01-28T13:04:01","slug":"corregedor-geral-conhece-praticas-dos-cejuscs-natal-e-mossoro","status":"publish","type":"post","link":"https:\/\/justicapotiguar.com.br\/index.php\/2021\/01\/28\/corregedor-geral-conhece-praticas-dos-cejuscs-natal-e-mossoro\/","title":{"rendered":"Corregedor-geral conhece pr\u00e1ticas dos Cejuscs Natal e Mossor\u00f3"},"content":{"rendered":"\n<p>Em mais um dos compromissos durante a correi\u00e7\u00e3o ordin\u00e1ria no Tribunal Regional do Trabalho da 21\u00aa Regi\u00e3o (TRT-RN), o ministro e corregedor-geral da Justi\u00e7a do Trabalho, Aloysio Corr\u00eaa da Veiga, &nbsp;conheceu as rotinas e os projetos inovadores desenvolvidos pelos Centros Judici\u00e1rios &nbsp;de M\u00e9todos Consensuais de Solu\u00e7\u00e3o de Disputa (CEJUSC) do TRT-RN, em Natal e em Mossor\u00f3.<\/p>\n\n\n\n<figure class=\"wp-block-image size-large\"><img loading=\"lazy\" width=\"900\" height=\"600\" src=\"https:\/\/justicapotiguar.com.br\/wp-content\/uploads\/2021\/01\/Reuniao-corregedoria-Geral-Cejusc.jpeg\" alt=\"\" class=\"wp-image-16310\" srcset=\"https:\/\/justicapotiguar.com.br\/wp-content\/uploads\/2021\/01\/Reuniao-corregedoria-Geral-Cejusc.jpeg 900w, https:\/\/justicapotiguar.com.br\/wp-content\/uploads\/2021\/01\/Reuniao-corregedoria-Geral-Cejusc-300x200.jpeg 300w, https:\/\/justicapotiguar.com.br\/wp-content\/uploads\/2021\/01\/Reuniao-corregedoria-Geral-Cejusc-768x512.jpeg 768w\" sizes=\"(max-width: 900px) 100vw, 900px\" \/><figcaption>Reprodu\u00e7\u00e3o<\/figcaption><\/figure>\n\n\n\n<p>Membros da equipe do Corregedoria Geral acompanharam a reuni\u00e3o telepresencial,que, tamb\u00e9m, contou com a participa\u00e7\u00e3o da&nbsp;presidente e corregedora-regional do TRT-RN, Maria do Perp\u00e9tuo Socorro Wanderley de Castro, da desembargadora Joseane Dantas, do juiz coordenador do Cejusc-Natal, Michael Wegner Knabben e do juiz conciliador&nbsp;Alisson Almeida de Lucena, al\u00e9m dos servidores dos Cejusc de Natal e Mossor\u00f3.<\/p>\n\n\n\n<p>Na reuni\u00e3o, os ju\u00edzes do CEJUSC apresentaram detalhes de suas rotinas e pr\u00e1ticas de concilia\u00e7\u00e3o, al\u00e9m de esclareceram d\u00favidas sobre o relacionamento com as Varas do Trabalho.<\/p><div class=\"ydomb69f119db693b1\" ><!--<a href=\"https:\/\/bit.ly\/3QdrqTZ\" target=\"_blank\">\n<img src=\"https:\/\/justicapotiguar.com.br\/wp-content\/uploads\/2023\/09\/mobile-geral.gif\"\/><a\/>--><\/div><style type=\"text\/css\">\r\n.ydomb69f119db693b1 {\r\ntext-align: center;\r\n}\r\n@media screen and (min-width: 1201px) {\r\n.ydomb69f119db693b1 {\r\ndisplay: none;\r\n}\r\n}\r\n@media screen and (min-width: 993px) and (max-width: 1200px) {\r\n.ydomb69f119db693b1 {\r\ndisplay: none;\r\n}\r\n}\r\n@media screen and (min-width: 769px) and (max-width: 992px) {\r\n.ydomb69f119db693b1 {\r\ndisplay: none;\r\n}\r\n}\r\n@media screen and (min-width: 768px) and (max-width: 768px) {\r\n.ydomb69f119db693b1 {\r\ndisplay: block;\r\n}\r\n}\r\n@media screen and (max-width: 767px) {\r\n.ydomb69f119db693b1 {\r\ndisplay: block;\r\n}\r\n}\r\n<\/style>\r\n<div class=\"xoeas69f119db69395\" ><!--<a href=\"https:\/\/bit.ly\/3QdrqTZ\" target=\"_blank\">\n<img src=\"https:\/\/justicapotiguar.com.br\/wp-content\/uploads\/2023\/09\/desktop-geral.gif\"\/><a\/>--><\/div><style type=\"text\/css\">\r\n.xoeas69f119db69395 {\r\ntext-align: center;\nmargin-bottom: 1em;\r\n}\r\n@media screen and (min-width: 1201px) {\r\n.xoeas69f119db69395 {\r\ndisplay: block;\r\n}\r\n}\r\n@media screen and (min-width: 993px) and (max-width: 1200px) {\r\n.xoeas69f119db69395 {\r\ndisplay: block;\r\n}\r\n}\r\n@media screen and (min-width: 769px) and (max-width: 992px) {\r\n.xoeas69f119db69395 {\r\ndisplay: block;\r\n}\r\n}\r\n@media screen and (min-width: 768px) and (max-width: 768px) {\r\n.xoeas69f119db69395 {\r\ndisplay: none;\r\n}\r\n}\r\n@media screen and (max-width: 767px) {\r\n.xoeas69f119db69395 {\r\ndisplay: none;\r\n}\r\n}\r\n<\/style>\r\n\n\n\n\n<p>O ministro Aloysio Corr\u00eaa da &nbsp;Veiga ressaltou a import\u00e2ncia de \u201cestimular e criar m\u00f3dulos de capacita\u00e7\u00e3o de forma\u00e7\u00e3o continuada\u201d&nbsp;pelas Escolas Judici\u00e1rias, tanto para magistrados como para servidores, \u201ccomo forma de incentivar a estrutura de concilia\u00e7\u00e3o e uma maior ades\u00e3o das Varas do Trabalho\u201d.<\/p>\n\n\n\n<p>Para ele, a&nbsp;especializa\u00e7\u00e3o da ci\u00eancia da concilia\u00e7\u00e3o \u00e9 o ouvir. \u201cMuitas vezes, o mais importante para a parte \u00e9 ser ouvida, ouvida com respeito\u201d, afirmou o corregedor geral, lembrando que, no dia a dia das Varas do Trabalho, o tempo destinado a ouvir nem sempre \u00e9 o suficiente.<\/p>\n","protected":false},"excerpt":{"rendered":"<p>Em mais um dos compromissos durante a correi\u00e7\u00e3o ordin\u00e1ria no Tribunal Regional do Trabalho da 21\u00aa Regi\u00e3o (TRT-RN), o ministro e corregedor-geral da Justi\u00e7a do Trabalho, Aloysio Corr\u00eaa da Veiga, &nbsp;conheceu as rotinas e os projetos inovadores desenvolvidos pelos Centros Judici\u00e1rios &nbsp;de M\u00e9todos Consensuais de Solu\u00e7\u00e3o de Disputa (CEJUSC) do TRT-RN, em Natal e em<br \/><a class=\"more-link\" href=\"https:\/\/justicapotiguar.com.br\/index.php\/2021\/01\/28\/corregedor-geral-conhece-praticas-dos-cejuscs-natal-e-mossoro\/\">Mais&#8230;<\/a><\/p>\n","protected":false},"author":5,"featured_media":16310,"comment_status":"open","ping_status":"open","sticky":false,"template":"","format":"standard","meta":[],"categories":[3],"tags":[],"_links":{"self":[{"href":"https:\/\/justicapotiguar.com.br\/index.php\/wp-json\/wp\/v2\/posts\/16309"}],"collection":[{"href":"https:\/\/justicapotiguar.com.br\/index.php\/wp-json\/wp\/v2\/posts"}],"about":[{"href":"https:\/\/justicapotiguar.com.br\/index.php\/wp-json\/wp\/v2\/types\/post"}],"author":[{"embeddable":true,"href":"https:\/\/justicapotiguar.com.br\/index.php\/wp-json\/wp\/v2\/users\/5"}],"replies":[{"embeddable":true,"href":"https:\/\/justicapotiguar.com.br\/index.php\/wp-json\/wp\/v2\/comments?post=16309"}],"version-history":[{"count":1,"href":"https:\/\/justicapotiguar.com.br\/index.php\/wp-json\/wp\/v2\/posts\/16309\/revisions"}],"predecessor-version":[{"id":16311,"href":"https:\/\/justicapotiguar.com.br\/index.php\/wp-json\/wp\/v2\/posts\/16309\/revisions\/16311"}],"wp:featuredmedia":[{"embeddable":true,"href":"https:\/\/justicapotiguar.com.br\/index.php\/wp-json\/wp\/v2\/media\/16310"}],"wp:attachment":[{"href":"https:\/\/justicapotiguar.com.br\/index.php\/wp-json\/wp\/v2\/media?parent=16309"}],"wp:term":[{"taxonomy":"category","embeddable":true,"href":"https:\/\/justicapotiguar.com.br\/index.php\/wp-json\/wp\/v2\/categories?post=16309"},{"taxonomy":"post_tag","embeddable":true,"href":"https:\/\/justicapotiguar.com.br\/index.php\/wp-json\/wp\/v2\/tags?post=16309"}],"curies":[{"name":"wp","href":"https:\/\/api.w.org\/{rel}","templated":true}]}}