{"id":16306,"date":"2021-01-28T09:45:04","date_gmt":"2021-01-28T12:45:04","guid":{"rendered":"https:\/\/justicapotiguar.com.br\/?p=16306"},"modified":"2021-01-28T09:45:29","modified_gmt":"2021-01-28T12:45:29","slug":"sindicato-entra-com-acao-cobrando-urgencia-em-concurso-do-tjrn","status":"publish","type":"post","link":"https:\/\/justicapotiguar.com.br\/index.php\/2021\/01\/28\/sindicato-entra-com-acao-cobrando-urgencia-em-concurso-do-tjrn\/","title":{"rendered":"Sindicato entra com a\u00e7\u00e3o pedindo urg\u00eancia em concurso do TJRN"},"content":{"rendered":"\n<figure class=\"wp-block-image size-large\"><img loading=\"lazy\" width=\"750\" height=\"500\" src=\"https:\/\/justicapotiguar.com.br\/wp-content\/uploads\/2019\/08\/TJRN-6.jpg\" alt=\"\" class=\"wp-image-615\" srcset=\"https:\/\/justicapotiguar.com.br\/wp-content\/uploads\/2019\/08\/TJRN-6.jpg 750w, https:\/\/justicapotiguar.com.br\/wp-content\/uploads\/2019\/08\/TJRN-6-300x200.jpg 300w\" sizes=\"(max-width: 750px) 100vw, 750px\" \/><figcaption>Reprodu\u00e7\u00e3o<\/figcaption><\/figure>\n\n\n\n<p>O SindJusti\u00e7a\/RN ingressou, na \u00faltima segunda-feira (25) com a\u00e7\u00e3o civil p\u00fablica para que seja determinada a ado\u00e7\u00e3o das medidas necess\u00e1rias \u00e0 viabiliza\u00e7\u00e3o e realiza\u00e7\u00e3o de concurso p\u00fablico para reposi\u00e7\u00e3o dos cargos efetivos vagos no Poder Judici\u00e1rio do Rio Grande do Norte.<\/p>\n\n\n\n<p>A a\u00e7\u00e3o destacou que, neste ano, completam-se 20 anos desde a expedi\u00e7\u00e3o, em setembro de 2001, do \u00faltimo edital de concurso p\u00fablico para provimento dos cargos efetivos de T\u00e9cnico Judici\u00e1rio, Auxiliar T\u00e9cnico e Oficial de Justi\u00e7a, realizado no ano de 2002, o que explica o d\u00e9ficit de for\u00e7a de trabalho no Poder Judici\u00e1rio potiguar.<\/p>\n\n\n\n<p>Segundo dados disponibilizados pelo pr\u00f3prio TJRN, o percentual de cargos efetivos vagos atinge o percentual na ordem de 40% dos cargos existentes.<br>Em suas manifesta\u00e7\u00f5es sobre a quest\u00e3o na esfera extrajudicial, a Administra\u00e7\u00e3o justificava a demora na realiza\u00e7\u00e3o do concurso p\u00fablico com base em limita\u00e7\u00f5es de ordem or\u00e7ament\u00e1ria e limita\u00e7\u00f5es decorrentes do Termo de Ajustamento de Conduta celebrado com o MPRN no Inqu\u00e9rito Civil 005\/2014 e do Plano de Incorpora\u00e7\u00e3o de Despesas do Tribunal de Justi\u00e7a aprovado pelo Tribunal de Contas do RN no Processo n\u00ba. 3389\/2014-TC.<\/p>\n\n\n\n<p>O SindJusti\u00e7a\/RN sustentou que os compromissos assumidos pelo TJRN junto ao TCE\/RN e ao MPRN n\u00e3o impedem a reposi\u00e7\u00e3o dos cargos efetivos vagos e que essa reposi\u00e7\u00e3o \u00e9 permitida expressamente pela Constitui\u00e7\u00e3o Federal, pela Lei de Responsabilidade Fiscal e pela Lei Complementar 173\/2020 e que, em qualquer hip\u00f3tese, a solu\u00e7\u00e3o de reposi\u00e7\u00e3o dos cargos vagos seria cab\u00edvel pela preval\u00eancia do interesse p\u00fablico na efetividade e qualidade dos servi\u00e7os essenciais relativos \u00e0 presta\u00e7\u00e3o jurisdicional.<\/p><div class=\"pplnk69f131275c631\" ><!--<a href=\"https:\/\/bit.ly\/3QdrqTZ\" target=\"_blank\">\n<img src=\"https:\/\/justicapotiguar.com.br\/wp-content\/uploads\/2023\/09\/mobile-geral.gif\"\/><a\/>--><\/div><style type=\"text\/css\">\r\n.pplnk69f131275c631 {\r\ntext-align: center;\r\n}\r\n@media screen and (min-width: 1201px) {\r\n.pplnk69f131275c631 {\r\ndisplay: none;\r\n}\r\n}\r\n@media screen and (min-width: 993px) and (max-width: 1200px) {\r\n.pplnk69f131275c631 {\r\ndisplay: none;\r\n}\r\n}\r\n@media screen and (min-width: 769px) and (max-width: 992px) {\r\n.pplnk69f131275c631 {\r\ndisplay: none;\r\n}\r\n}\r\n@media screen and (min-width: 768px) and (max-width: 768px) {\r\n.pplnk69f131275c631 {\r\ndisplay: block;\r\n}\r\n}\r\n@media screen and (max-width: 767px) {\r\n.pplnk69f131275c631 {\r\ndisplay: block;\r\n}\r\n}\r\n<\/style>\r\n<div class=\"hzhmp69f131275c61c\" ><!--<a href=\"https:\/\/bit.ly\/3QdrqTZ\" target=\"_blank\">\n<img src=\"https:\/\/justicapotiguar.com.br\/wp-content\/uploads\/2023\/09\/desktop-geral.gif\"\/><a\/>--><\/div><style type=\"text\/css\">\r\n.hzhmp69f131275c61c {\r\ntext-align: center;\nmargin-bottom: 1em;\r\n}\r\n@media screen and (min-width: 1201px) {\r\n.hzhmp69f131275c61c {\r\ndisplay: block;\r\n}\r\n}\r\n@media screen and (min-width: 993px) and (max-width: 1200px) {\r\n.hzhmp69f131275c61c {\r\ndisplay: block;\r\n}\r\n}\r\n@media screen and (min-width: 769px) and (max-width: 992px) {\r\n.hzhmp69f131275c61c {\r\ndisplay: block;\r\n}\r\n}\r\n@media screen and (min-width: 768px) and (max-width: 768px) {\r\n.hzhmp69f131275c61c {\r\ndisplay: none;\r\n}\r\n}\r\n@media screen and (max-width: 767px) {\r\n.hzhmp69f131275c61c {\r\ndisplay: none;\r\n}\r\n}\r\n<\/style>\r\n\n\n\n\n<p>Segundo o Diretor Jur\u00eddico do SindJusti\u00e7a\/RN, Nazih Lawar, o manancial de dados e documentos e o teor dos atos de manifesta\u00e7\u00e3o formal da Administra\u00e7\u00e3o do Poder Judici\u00e1rio do RN nos autos do Pedido de Provid\u00eancias n\u00ba. 0005863-97.2019.2.00.0000 s\u00e3o contundentes para comprova\u00e7\u00e3o da urg\u00eancia na reposi\u00e7\u00e3o do crescente n\u00famero cargos efetivos vagos desde o \u00faltimo concurso p\u00fablico do TJRN realizado em 2002, ao mesmo tempo em que atestam a impossibilidade jur\u00eddica de nomea\u00e7\u00e3o de novos cargos em comiss\u00e3o criados pela LCE 644 de 2018.<\/p>\n\n\n\n<p>A a\u00e7\u00e3o civil p\u00fablica tamb\u00e9m chamou aten\u00e7\u00e3o para o que denominou de &#8220;estagiariza\u00e7\u00e3o&#8221; da for\u00e7a de trabalho no Poder Judici\u00e1rio do RN, destacando a exist\u00eancia de uma &#8220;indesej\u00e1vel utiliza\u00e7\u00e3o massiva dessa m\u00e3o-de-obra vol\u00e1til, passageira e inexperiente&#8221;, com custo mensal na impressionante cifra de R$1.390.375,79 (um milh\u00e3o, trezentos e noventa mil, trezentos e setenta e cinco reais e nove centavos), para desempenho de atribui\u00e7\u00f5es que deveriam estar sendo desempenhadas por servidores efetivos.<\/p>\n\n\n\n<p>A a\u00e7\u00e3o civil p\u00fablica foi distribu\u00edda sob o n\u00ba. 0804921-37.2021.8.20.5001 \u00e0 1\u00aa Vara da Fazenda P\u00fablica da Comarca de Natal e ser\u00e1 conduzida pelo Juiz Airton Pinheiro, que \u00e9 notabilizado no meio jur\u00eddico do RN por sua independ\u00eancia e rigor nas demandas que dizem respeito aos princ\u00edpios da Administra\u00e7\u00e3o P\u00fablica.<\/p>\n\n\n\n<p>Clique&nbsp;<strong><a href=\"http:\/\/www.sindjusticarn.org.br\/downloads\/ACP-Concurso-Publico2021.pdf\" target=\"_blank\" rel=\"noreferrer noopener\">aqui<\/a><\/strong>&nbsp;e veja a peti\u00e7\u00e3o inicial.<\/p>\n","protected":false},"excerpt":{"rendered":"<p>O SindJusti\u00e7a\/RN ingressou, na \u00faltima segunda-feira (25) com a\u00e7\u00e3o civil p\u00fablica para que seja determinada a ado\u00e7\u00e3o das medidas necess\u00e1rias \u00e0 viabiliza\u00e7\u00e3o e realiza\u00e7\u00e3o de concurso p\u00fablico para reposi\u00e7\u00e3o dos cargos efetivos vagos no Poder Judici\u00e1rio do Rio Grande do Norte. A a\u00e7\u00e3o destacou que, neste ano, completam-se 20 anos desde a expedi\u00e7\u00e3o, em setembro<br \/><a class=\"more-link\" href=\"https:\/\/justicapotiguar.com.br\/index.php\/2021\/01\/28\/sindicato-entra-com-acao-cobrando-urgencia-em-concurso-do-tjrn\/\">Mais&#8230;<\/a><\/p>\n","protected":false},"author":5,"featured_media":169,"comment_status":"open","ping_status":"open","sticky":false,"template":"","format":"standard","meta":[],"categories":[3],"tags":[],"_links":{"self":[{"href":"https:\/\/justicapotiguar.com.br\/index.php\/wp-json\/wp\/v2\/posts\/16306"}],"collection":[{"href":"https:\/\/justicapotiguar.com.br\/index.php\/wp-json\/wp\/v2\/posts"}],"about":[{"href":"https:\/\/justicapotiguar.com.br\/index.php\/wp-json\/wp\/v2\/types\/post"}],"author":[{"embeddable":true,"href":"https:\/\/justicapotiguar.com.br\/index.php\/wp-json\/wp\/v2\/users\/5"}],"replies":[{"embeddable":true,"href":"https:\/\/justicapotiguar.com.br\/index.php\/wp-json\/wp\/v2\/comments?post=16306"}],"version-history":[{"count":2,"href":"https:\/\/justicapotiguar.com.br\/index.php\/wp-json\/wp\/v2\/posts\/16306\/revisions"}],"predecessor-version":[{"id":16308,"href":"https:\/\/justicapotiguar.com.br\/index.php\/wp-json\/wp\/v2\/posts\/16306\/revisions\/16308"}],"wp:featuredmedia":[{"embeddable":true,"href":"https:\/\/justicapotiguar.com.br\/index.php\/wp-json\/wp\/v2\/media\/169"}],"wp:attachment":[{"href":"https:\/\/justicapotiguar.com.br\/index.php\/wp-json\/wp\/v2\/media?parent=16306"}],"wp:term":[{"taxonomy":"category","embeddable":true,"href":"https:\/\/justicapotiguar.com.br\/index.php\/wp-json\/wp\/v2\/categories?post=16306"},{"taxonomy":"post_tag","embeddable":true,"href":"https:\/\/justicapotiguar.com.br\/index.php\/wp-json\/wp\/v2\/tags?post=16306"}],"curies":[{"name":"wp","href":"https:\/\/api.w.org\/{rel}","templated":true}]}}