{"id":16266,"date":"2021-01-26T19:43:24","date_gmt":"2021-01-26T22:43:24","guid":{"rendered":"https:\/\/justicapotiguar.com.br\/?p=16266"},"modified":"2021-01-26T19:43:24","modified_gmt":"2021-01-26T22:43:24","slug":"juiza-manda-suspender-entrega-de-vacinas-a-manaus-por-falta-de-transparencia","status":"publish","type":"post","link":"https:\/\/justicapotiguar.com.br\/index.php\/2021\/01\/26\/juiza-manda-suspender-entrega-de-vacinas-a-manaus-por-falta-de-transparencia\/","title":{"rendered":"Ju\u00edza manda suspender entrega de vacinas a Manaus por falta de transpar\u00eancia"},"content":{"rendered":"\n<figure class=\"wp-block-image size-large\"><img loading=\"lazy\" width=\"355\" height=\"254\" src=\"https:\/\/justicapotiguar.com.br\/wp-content\/uploads\/2021\/01\/vacinacao.jpeg\" alt=\"\" class=\"wp-image-16057\" srcset=\"https:\/\/justicapotiguar.com.br\/wp-content\/uploads\/2021\/01\/vacinacao.jpeg 355w, https:\/\/justicapotiguar.com.br\/wp-content\/uploads\/2021\/01\/vacinacao-300x215.jpeg 300w\" sizes=\"(max-width: 355px) 100vw, 355px\" \/><figcaption>Reprodu\u00e7\u00e3o<\/figcaption><\/figure>\n\n\n\n<p>A ju\u00edza federal do Amazonas Jaiza Fraxe determinou que o governo estadual suspenda a entrega \u00e0 prefeitura de Manaus das 132,5 mil doses da vacina Oxford\/AstraZeneca que chegaram no s\u00e1bado, 23, a Manaus at\u00e9 que haja transpar\u00eancia na vacina\u00e7\u00e3o, com a exig\u00eancia da publica\u00e7\u00e3o de listas di\u00e1rias de quem foi vacinado.<\/p>\n\n\n\n<p><br>A magistrada quer evitar que pessoas fora do grupo priorit\u00e1rio recebam as doses, como ocorreu na semana passada. Dois funcion\u00e1rios do governo estadual, j\u00e1 exonerados, e pelo menos quatro da prefeitura da capital, entre eles a secret\u00e1ria de Sa\u00fade, Sh\u00e1dia Fraxe, e o de Limpeza P\u00fablica, Sebasti\u00e3o Reis, que n\u00e3o sofreram nenhuma puni\u00e7\u00e3o at\u00e9 agora.<\/p>\n\n\n\n<p>A decis\u00e3o atende a uma a\u00e7\u00e3o civil p\u00fablica dos Minist\u00e9rios P\u00fablicos do Estado (MPE), Federal (MPF), do Trabalho (MPT), do Tribunal de Contas do Estado (TCE), e Defensorias P\u00fablicas da Uni\u00e3o (DPU) e do Estado (DPE), contra o Munic\u00edpio de Manaus.<\/p>\n\n\n\n<p>O respons\u00e1vel pela Defensoria Especializada em Atendimento de Interesse Coletivo, Rafael Barbosa, defende, contudo, que n\u00e3o seja suspensa a aplica\u00e7\u00e3o da vacina, prevista para os maiores de 75 anos, al\u00e9m de completar os profissionais da sa\u00fade, que j\u00e1 come\u00e7aram a ser vacinados com a Coronavac no dia 19.<\/p><div class=\"hcrqn69f272b7460c5\" ><!--<a href=\"https:\/\/bit.ly\/3QdrqTZ\" target=\"_blank\">\n<img src=\"https:\/\/justicapotiguar.com.br\/wp-content\/uploads\/2023\/09\/mobile-geral.gif\"\/><a\/>--><\/div><style type=\"text\/css\">\r\n.hcrqn69f272b7460c5 {\r\ntext-align: center;\r\n}\r\n@media screen and (min-width: 1201px) {\r\n.hcrqn69f272b7460c5 {\r\ndisplay: none;\r\n}\r\n}\r\n@media screen and (min-width: 993px) and (max-width: 1200px) {\r\n.hcrqn69f272b7460c5 {\r\ndisplay: none;\r\n}\r\n}\r\n@media screen and (min-width: 769px) and (max-width: 992px) {\r\n.hcrqn69f272b7460c5 {\r\ndisplay: none;\r\n}\r\n}\r\n@media screen and (min-width: 768px) and (max-width: 768px) {\r\n.hcrqn69f272b7460c5 {\r\ndisplay: block;\r\n}\r\n}\r\n@media screen and (max-width: 767px) {\r\n.hcrqn69f272b7460c5 {\r\ndisplay: block;\r\n}\r\n}\r\n<\/style>\r\n<div class=\"jefwg69f272b7460a5\" ><!--<a href=\"https:\/\/bit.ly\/3QdrqTZ\" target=\"_blank\">\n<img src=\"https:\/\/justicapotiguar.com.br\/wp-content\/uploads\/2023\/09\/desktop-geral.gif\"\/><a\/>--><\/div><style type=\"text\/css\">\r\n.jefwg69f272b7460a5 {\r\ntext-align: center;\nmargin-bottom: 1em;\r\n}\r\n@media screen and (min-width: 1201px) {\r\n.jefwg69f272b7460a5 {\r\ndisplay: block;\r\n}\r\n}\r\n@media screen and (min-width: 993px) and (max-width: 1200px) {\r\n.jefwg69f272b7460a5 {\r\ndisplay: block;\r\n}\r\n}\r\n@media screen and (min-width: 769px) and (max-width: 992px) {\r\n.jefwg69f272b7460a5 {\r\ndisplay: block;\r\n}\r\n}\r\n@media screen and (min-width: 768px) and (max-width: 768px) {\r\n.jefwg69f272b7460a5 {\r\ndisplay: none;\r\n}\r\n}\r\n@media screen and (max-width: 767px) {\r\n.jefwg69f272b7460a5 {\r\ndisplay: none;\r\n}\r\n}\r\n<\/style>\r\n\n\n\n\n<p>&#8220;A suspens\u00e3o, nesse momento, deixa as pessoas que mais precisam sem a \u00fanica prote\u00e7\u00e3o existente. O v\u00edrus n\u00e3o respeita ordem judicial. H\u00e1, na sistem\u00e1tica processual, outras ferramentas para punir as autoridades respons\u00e1veis pela vacina\u00e7\u00e3o sem prejudicar o j\u00e1 atrasado e lento processo de imuniza\u00e7\u00e3o, at\u00e9 que se respeite a observ\u00e2ncia da ordem&#8221;, afirma Barbosa.<\/p>\n\n\n\n<p>Conforme o mandado da Justi\u00e7a Federal, a distribui\u00e7\u00e3o das vacinas s\u00f3 poder\u00e1 ser feita ap\u00f3s a prefeitura de Manaus cumprir as determina\u00e7\u00f5es impostas, especialmente de &#8220;total transpar\u00eancia no que se refere a programa\u00e7\u00e3o e crit\u00e9rios para vacina\u00e7\u00e3o, devendo ainda ser divulgada diariamente a lista de vacinados, com a respectiva an\u00e1lise pelos \u00f3rg\u00e3os autores e, em seguida, delibera\u00e7\u00e3o do ju\u00edzo&#8221;.<\/p>\n\n\n\n<p>Estad\u00e3o<\/p>\n","protected":false},"excerpt":{"rendered":"<p>A ju\u00edza federal do Amazonas Jaiza Fraxe determinou que o governo estadual suspenda a entrega \u00e0 prefeitura de Manaus das 132,5 mil doses da vacina Oxford\/AstraZeneca que chegaram no s\u00e1bado, 23, a Manaus at\u00e9 que haja transpar\u00eancia na vacina\u00e7\u00e3o, com a exig\u00eancia da publica\u00e7\u00e3o de listas di\u00e1rias de quem foi vacinado. A magistrada quer evitar<br \/><a class=\"more-link\" href=\"https:\/\/justicapotiguar.com.br\/index.php\/2021\/01\/26\/juiza-manda-suspender-entrega-de-vacinas-a-manaus-por-falta-de-transparencia\/\">Mais&#8230;<\/a><\/p>\n","protected":false},"author":5,"featured_media":16057,"comment_status":"open","ping_status":"open","sticky":false,"template":"","format":"standard","meta":[],"categories":[3],"tags":[],"_links":{"self":[{"href":"https:\/\/justicapotiguar.com.br\/index.php\/wp-json\/wp\/v2\/posts\/16266"}],"collection":[{"href":"https:\/\/justicapotiguar.com.br\/index.php\/wp-json\/wp\/v2\/posts"}],"about":[{"href":"https:\/\/justicapotiguar.com.br\/index.php\/wp-json\/wp\/v2\/types\/post"}],"author":[{"embeddable":true,"href":"https:\/\/justicapotiguar.com.br\/index.php\/wp-json\/wp\/v2\/users\/5"}],"replies":[{"embeddable":true,"href":"https:\/\/justicapotiguar.com.br\/index.php\/wp-json\/wp\/v2\/comments?post=16266"}],"version-history":[{"count":1,"href":"https:\/\/justicapotiguar.com.br\/index.php\/wp-json\/wp\/v2\/posts\/16266\/revisions"}],"predecessor-version":[{"id":16267,"href":"https:\/\/justicapotiguar.com.br\/index.php\/wp-json\/wp\/v2\/posts\/16266\/revisions\/16267"}],"wp:featuredmedia":[{"embeddable":true,"href":"https:\/\/justicapotiguar.com.br\/index.php\/wp-json\/wp\/v2\/media\/16057"}],"wp:attachment":[{"href":"https:\/\/justicapotiguar.com.br\/index.php\/wp-json\/wp\/v2\/media?parent=16266"}],"wp:term":[{"taxonomy":"category","embeddable":true,"href":"https:\/\/justicapotiguar.com.br\/index.php\/wp-json\/wp\/v2\/categories?post=16266"},{"taxonomy":"post_tag","embeddable":true,"href":"https:\/\/justicapotiguar.com.br\/index.php\/wp-json\/wp\/v2\/tags?post=16266"}],"curies":[{"name":"wp","href":"https:\/\/api.w.org\/{rel}","templated":true}]}}