{"id":16198,"date":"2021-01-24T08:36:29","date_gmt":"2021-01-24T11:36:29","guid":{"rendered":"https:\/\/justicapotiguar.com.br\/?p=16198"},"modified":"2021-01-24T08:36:56","modified_gmt":"2021-01-24T11:36:56","slug":"jovem-entra-em-forum-como-faxineiro-sai-formado-em-direito-e-hoje-atua-na-procuradoria-geral-de-contagem-mg","status":"publish","type":"post","link":"https:\/\/justicapotiguar.com.br\/index.php\/2021\/01\/24\/jovem-entra-em-forum-como-faxineiro-sai-formado-em-direito-e-hoje-atua-na-procuradoria-geral-de-contagem-mg\/","title":{"rendered":"Jovem entra em F\u00f3rum como faxineiro, sai formado em Direito e hoje atua na Procuradoria-Geral de Contagem (MG)"},"content":{"rendered":"\n<p>A hist\u00f3ria de Samuel Santos da Silva \u00e9 motivante. Tudo come\u00e7a com as dificuldades com a fam\u00edlia, depois a ado\u00e7\u00e3o por parte de um casal humilde, a entrada nos estudos sem nenhuma base, os trabalhos como vendedor de picol\u00e9, servente de pedreiro, faxineiro de F\u00f3rum at\u00e9 se tornar Bacharel em Direito e Especialista em Gest\u00e3o Escolar.<\/p>\n\n\n\n<figure class=\"wp-block-image size-large\"><img loading=\"lazy\" width=\"696\" height=\"364\" src=\"https:\/\/justicapotiguar.com.br\/wp-content\/uploads\/2021\/01\/faxineiro-advogado-capa-696x364-1.jpg\" alt=\"\" class=\"wp-image-16199\" srcset=\"https:\/\/justicapotiguar.com.br\/wp-content\/uploads\/2021\/01\/faxineiro-advogado-capa-696x364-1.jpg 696w, https:\/\/justicapotiguar.com.br\/wp-content\/uploads\/2021\/01\/faxineiro-advogado-capa-696x364-1-300x157.jpg 300w\" sizes=\"(max-width: 696px) 100vw, 696px\" \/><figcaption>Reprodu\u00e7\u00e3o<\/figcaption><\/figure>\n\n\n\n<p>Na adolesc\u00eancia passou a estudar para concursos p\u00fablicos e acabou sendo aprovado nos cursos de Jornalismo e Direito na UNI-BH e Direito na PUC Minas. Para conseguir entrar no curso de Direito, uma professora de Educa\u00e7\u00e3o F\u00edsica do tempo da escola, Mar\u00edlia Proen\u00e7a, pagou a mensalidade. \u201cO que me permitiu ingressar no t\u00e3o sonhado ensino superior\u201d, conta agradecido.<\/p>\n\n\n\n<p>Da\u00ed em diante ele teve que ralar muito para conseguir pagar as mensalidades. Como estudante de Direito, Samuel passou a atuar como conciliador volunt\u00e1rio no F\u00f3rum da Comarca de Contagem e acabou sabendo da vaga de faxineiro. \u201c<strong>Eu abracei como sendo uma maravilhosa oportunidade, o que realmente foi<\/strong>\u201c, contou.<\/p>\n\n\n\n<p>O jovem passou a receber apoio dos funcion\u00e1rios da Justi\u00e7a, inclusive de ju\u00edzes como &nbsp;Wagner Cavalieri, Afonso Jos\u00e9 de Andrade, entre outros, que ajudaram nos custos para a sua forma\u00e7\u00e3o. \u201c<strong>De forma volunt\u00e1ria me apadrinharam.&nbsp;Outros ju\u00edzes me abra\u00e7aram e atrav\u00e9s destas m\u00e3os estendidas, com muito esfor\u00e7o eu consegui me formar<\/strong>\u201c, contou.<\/p><div class=\"woqzi69f25f1057c8b\" ><!--<a href=\"https:\/\/bit.ly\/3QdrqTZ\" target=\"_blank\">\n<img src=\"https:\/\/justicapotiguar.com.br\/wp-content\/uploads\/2023\/09\/mobile-geral.gif\"\/><a\/>--><\/div><style type=\"text\/css\">\r\n.woqzi69f25f1057c8b {\r\ntext-align: center;\r\n}\r\n@media screen and (min-width: 1201px) {\r\n.woqzi69f25f1057c8b {\r\ndisplay: none;\r\n}\r\n}\r\n@media screen and (min-width: 993px) and (max-width: 1200px) {\r\n.woqzi69f25f1057c8b {\r\ndisplay: none;\r\n}\r\n}\r\n@media screen and (min-width: 769px) and (max-width: 992px) {\r\n.woqzi69f25f1057c8b {\r\ndisplay: none;\r\n}\r\n}\r\n@media screen and (min-width: 768px) and (max-width: 768px) {\r\n.woqzi69f25f1057c8b {\r\ndisplay: block;\r\n}\r\n}\r\n@media screen and (max-width: 767px) {\r\n.woqzi69f25f1057c8b {\r\ndisplay: block;\r\n}\r\n}\r\n<\/style>\r\n<div class=\"cvqxn69f25f1057c75\" ><!--<a href=\"https:\/\/bit.ly\/3QdrqTZ\" target=\"_blank\">\n<img src=\"https:\/\/justicapotiguar.com.br\/wp-content\/uploads\/2023\/09\/desktop-geral.gif\"\/><a\/>--><\/div><style type=\"text\/css\">\r\n.cvqxn69f25f1057c75 {\r\ntext-align: center;\nmargin-bottom: 1em;\r\n}\r\n@media screen and (min-width: 1201px) {\r\n.cvqxn69f25f1057c75 {\r\ndisplay: block;\r\n}\r\n}\r\n@media screen and (min-width: 993px) and (max-width: 1200px) {\r\n.cvqxn69f25f1057c75 {\r\ndisplay: block;\r\n}\r\n}\r\n@media screen and (min-width: 769px) and (max-width: 992px) {\r\n.cvqxn69f25f1057c75 {\r\ndisplay: block;\r\n}\r\n}\r\n@media screen and (min-width: 768px) and (max-width: 768px) {\r\n.cvqxn69f25f1057c75 {\r\ndisplay: none;\r\n}\r\n}\r\n@media screen and (max-width: 767px) {\r\n.cvqxn69f25f1057c75 {\r\ndisplay: none;\r\n}\r\n}\r\n<\/style>\r\n\n\n\n\n<p>Depois disso, ele n\u00e3o parou mais. Se tornou especialista em Gest\u00e3o Escolar pela Universidade de S\u00e3o Paulo (USP), recebeu bolsas de estudo para a Universidade de La Verne (Calif\u00f3rnia) para cursos de curta dura\u00e7\u00e3o,\u00a0<strong><a href=\"https:\/\/razoesparaacreditar.com\/jovem-medicina-harvard\/\">foi aprovado em cursos em Oxford, MIT, Harvard e Newcastle<\/a><\/strong>. Hoje trabalha na Procuradoria-Geral de Contagem. O pesquisador tamb\u00e9m possui v\u00e1rias participa\u00e7\u00f5es em livros jur\u00eddicos e artigos em revistas jur\u00eddicas.<\/p>\n\n\n\n<p>Atrav\u00e9s do seu conhecimento, ele tem ajudado outras pessoas a tamb\u00e9m ingressarem nos cursos. \u201c<strong>O que mais me alegra \u00e9 poder ser uma refer\u00eancia de perseveran\u00e7a e de motiva\u00e7\u00e3o para muitos<\/strong>\u201c, analisou.<\/p>\n\n\n\n<p>Raz\u00f5es para Acreditar<\/p>\n\n\n\n<figure class=\"wp-block-embed-instagram wp-block-embed\"><div class=\"wp-block-embed__wrapper\">\nhttps:\/\/www.instagram.com\/p\/CJrrdAZh-vV\/media\/?size=l\n<\/div><\/figure>\n","protected":false},"excerpt":{"rendered":"<p>A hist\u00f3ria de Samuel Santos da Silva \u00e9 motivante. Tudo come\u00e7a com as dificuldades com a fam\u00edlia, depois a ado\u00e7\u00e3o por parte de um casal humilde, a entrada nos estudos sem nenhuma base, os trabalhos como vendedor de picol\u00e9, servente de pedreiro, faxineiro de F\u00f3rum at\u00e9 se tornar Bacharel em Direito e Especialista em Gest\u00e3o<br \/><a class=\"more-link\" href=\"https:\/\/justicapotiguar.com.br\/index.php\/2021\/01\/24\/jovem-entra-em-forum-como-faxineiro-sai-formado-em-direito-e-hoje-atua-na-procuradoria-geral-de-contagem-mg\/\">Mais&#8230;<\/a><\/p>\n","protected":false},"author":5,"featured_media":16199,"comment_status":"open","ping_status":"open","sticky":false,"template":"","format":"standard","meta":[],"categories":[3],"tags":[],"_links":{"self":[{"href":"https:\/\/justicapotiguar.com.br\/index.php\/wp-json\/wp\/v2\/posts\/16198"}],"collection":[{"href":"https:\/\/justicapotiguar.com.br\/index.php\/wp-json\/wp\/v2\/posts"}],"about":[{"href":"https:\/\/justicapotiguar.com.br\/index.php\/wp-json\/wp\/v2\/types\/post"}],"author":[{"embeddable":true,"href":"https:\/\/justicapotiguar.com.br\/index.php\/wp-json\/wp\/v2\/users\/5"}],"replies":[{"embeddable":true,"href":"https:\/\/justicapotiguar.com.br\/index.php\/wp-json\/wp\/v2\/comments?post=16198"}],"version-history":[{"count":1,"href":"https:\/\/justicapotiguar.com.br\/index.php\/wp-json\/wp\/v2\/posts\/16198\/revisions"}],"predecessor-version":[{"id":16200,"href":"https:\/\/justicapotiguar.com.br\/index.php\/wp-json\/wp\/v2\/posts\/16198\/revisions\/16200"}],"wp:featuredmedia":[{"embeddable":true,"href":"https:\/\/justicapotiguar.com.br\/index.php\/wp-json\/wp\/v2\/media\/16199"}],"wp:attachment":[{"href":"https:\/\/justicapotiguar.com.br\/index.php\/wp-json\/wp\/v2\/media?parent=16198"}],"wp:term":[{"taxonomy":"category","embeddable":true,"href":"https:\/\/justicapotiguar.com.br\/index.php\/wp-json\/wp\/v2\/categories?post=16198"},{"taxonomy":"post_tag","embeddable":true,"href":"https:\/\/justicapotiguar.com.br\/index.php\/wp-json\/wp\/v2\/tags?post=16198"}],"curies":[{"name":"wp","href":"https:\/\/api.w.org\/{rel}","templated":true}]}}