{"id":16170,"date":"2021-01-22T11:14:31","date_gmt":"2021-01-22T14:14:31","guid":{"rendered":"https:\/\/justicapotiguar.com.br\/?p=16170"},"modified":"2021-01-22T11:14:31","modified_gmt":"2021-01-22T14:14:31","slug":"por-3-votos-a-2-tre-rn-nega-embargos-declaracao-de-defesa-de-kerinho","status":"publish","type":"post","link":"https:\/\/justicapotiguar.com.br\/index.php\/2021\/01\/22\/por-3-votos-a-2-tre-rn-nega-embargos-declaracao-de-defesa-de-kerinho\/","title":{"rendered":"Por 3 votos a 2, TRE-RN nega embargos declara\u00e7\u00e3o de defesa de Kerinho"},"content":{"rendered":"\n<figure class=\"wp-block-image size-large\"><img loading=\"lazy\" width=\"602\" height=\"400\" src=\"https:\/\/justicapotiguar.com.br\/wp-content\/uploads\/2020\/03\/TRE-RN.jpg\" alt=\"\" class=\"wp-image-7252\" srcset=\"https:\/\/justicapotiguar.com.br\/wp-content\/uploads\/2020\/03\/TRE-RN.jpg 602w, https:\/\/justicapotiguar.com.br\/wp-content\/uploads\/2020\/03\/TRE-RN-300x199.jpg 300w\" sizes=\"(max-width: 602px) 100vw, 602px\" \/><\/figure>\n\n\n\n<p>No primeiro item da pauta do julgamento do caso Kerinho no Pleno do Tribunal Regional Eleitoral (TRE-RN) teve negado por maioria de votos, 3 a 2, os embargos de declara\u00e7\u00e3o quanto a falsidade ideol\u00f3gica de documentos que comprovaram o v\u00ednculo de Kerinho em cargo p\u00fablico no munic\u00edpio de Monte Alegre.<\/p><div class=\"rlkhf69f24a167a578\" ><!--<a href=\"https:\/\/bit.ly\/3QdrqTZ\" target=\"_blank\">\n<img src=\"https:\/\/justicapotiguar.com.br\/wp-content\/uploads\/2023\/09\/mobile-geral.gif\"\/><a\/>--><\/div><style type=\"text\/css\">\r\n.rlkhf69f24a167a578 {\r\ntext-align: center;\r\n}\r\n@media screen and (min-width: 1201px) {\r\n.rlkhf69f24a167a578 {\r\ndisplay: none;\r\n}\r\n}\r\n@media screen and (min-width: 993px) and (max-width: 1200px) {\r\n.rlkhf69f24a167a578 {\r\ndisplay: none;\r\n}\r\n}\r\n@media screen and (min-width: 769px) and (max-width: 992px) {\r\n.rlkhf69f24a167a578 {\r\ndisplay: none;\r\n}\r\n}\r\n@media screen and (min-width: 768px) and (max-width: 768px) {\r\n.rlkhf69f24a167a578 {\r\ndisplay: block;\r\n}\r\n}\r\n@media screen and (max-width: 767px) {\r\n.rlkhf69f24a167a578 {\r\ndisplay: block;\r\n}\r\n}\r\n<\/style>\r\n<div class=\"mzequ69f24a167a55c\" ><!--<a href=\"https:\/\/bit.ly\/3QdrqTZ\" target=\"_blank\">\n<img src=\"https:\/\/justicapotiguar.com.br\/wp-content\/uploads\/2023\/09\/desktop-geral.gif\"\/><a\/>--><\/div><style type=\"text\/css\">\r\n.mzequ69f24a167a55c {\r\ntext-align: center;\nmargin-bottom: 1em;\r\n}\r\n@media screen and (min-width: 1201px) {\r\n.mzequ69f24a167a55c {\r\ndisplay: block;\r\n}\r\n}\r\n@media screen and (min-width: 993px) and (max-width: 1200px) {\r\n.mzequ69f24a167a55c {\r\ndisplay: block;\r\n}\r\n}\r\n@media screen and (min-width: 769px) and (max-width: 992px) {\r\n.mzequ69f24a167a55c {\r\ndisplay: block;\r\n}\r\n}\r\n@media screen and (min-width: 768px) and (max-width: 768px) {\r\n.mzequ69f24a167a55c {\r\ndisplay: none;\r\n}\r\n}\r\n@media screen and (max-width: 767px) {\r\n.mzequ69f24a167a55c {\r\ndisplay: none;\r\n}\r\n}\r\n<\/style>\r\n\n\n\n\n<p>O voto do relator Ricardo Tinoco, foi seguido pelo desembargador Ibanez Monteiro e o juiz Carlos Wagner. Enquanto divergiram os ju\u00edzes eleitorais Adriana Magalh\u00e3es e Fernando Jales.<\/p>\n","protected":false},"excerpt":{"rendered":"<p>No primeiro item da pauta do julgamento do caso Kerinho no Pleno do Tribunal Regional Eleitoral (TRE-RN) teve negado por maioria de votos, 3 a 2, os embargos de declara\u00e7\u00e3o quanto a falsidade ideol\u00f3gica de documentos que comprovaram o v\u00ednculo de Kerinho em cargo p\u00fablico no munic\u00edpio de Monte Alegre. O voto do relator Ricardo<br \/><a class=\"more-link\" href=\"https:\/\/justicapotiguar.com.br\/index.php\/2021\/01\/22\/por-3-votos-a-2-tre-rn-nega-embargos-declaracao-de-defesa-de-kerinho\/\">Mais&#8230;<\/a><\/p>\n","protected":false},"author":5,"featured_media":0,"comment_status":"open","ping_status":"open","sticky":false,"template":"","format":"standard","meta":[],"categories":[3],"tags":[],"_links":{"self":[{"href":"https:\/\/justicapotiguar.com.br\/index.php\/wp-json\/wp\/v2\/posts\/16170"}],"collection":[{"href":"https:\/\/justicapotiguar.com.br\/index.php\/wp-json\/wp\/v2\/posts"}],"about":[{"href":"https:\/\/justicapotiguar.com.br\/index.php\/wp-json\/wp\/v2\/types\/post"}],"author":[{"embeddable":true,"href":"https:\/\/justicapotiguar.com.br\/index.php\/wp-json\/wp\/v2\/users\/5"}],"replies":[{"embeddable":true,"href":"https:\/\/justicapotiguar.com.br\/index.php\/wp-json\/wp\/v2\/comments?post=16170"}],"version-history":[{"count":1,"href":"https:\/\/justicapotiguar.com.br\/index.php\/wp-json\/wp\/v2\/posts\/16170\/revisions"}],"predecessor-version":[{"id":16171,"href":"https:\/\/justicapotiguar.com.br\/index.php\/wp-json\/wp\/v2\/posts\/16170\/revisions\/16171"}],"wp:attachment":[{"href":"https:\/\/justicapotiguar.com.br\/index.php\/wp-json\/wp\/v2\/media?parent=16170"}],"wp:term":[{"taxonomy":"category","embeddable":true,"href":"https:\/\/justicapotiguar.com.br\/index.php\/wp-json\/wp\/v2\/categories?post=16170"},{"taxonomy":"post_tag","embeddable":true,"href":"https:\/\/justicapotiguar.com.br\/index.php\/wp-json\/wp\/v2\/tags?post=16170"}],"curies":[{"name":"wp","href":"https:\/\/api.w.org\/{rel}","templated":true}]}}