{"id":16168,"date":"2021-01-22T10:28:54","date_gmt":"2021-01-22T13:28:54","guid":{"rendered":"https:\/\/justicapotiguar.com.br\/?p=16168"},"modified":"2021-01-22T16:27:35","modified_gmt":"2021-01-22T19:27:35","slug":"siga-ao-vivo-pleno-do-tre-rn-nega-pedido-de-adiamento-e-inicia-julgamento-do-caso-kerinho","status":"publish","type":"post","link":"https:\/\/justicapotiguar.com.br\/index.php\/2021\/01\/22\/siga-ao-vivo-pleno-do-tre-rn-nega-pedido-de-adiamento-e-inicia-julgamento-do-caso-kerinho\/","title":{"rendered":"SIGA AO VIVO: Pleno do TRE-RN nega pedido de adiamento e retoma julgamento do Caso Kerinho"},"content":{"rendered":"\n<figure class=\"wp-block-embed-youtube wp-block-embed is-type-video is-provider-youtube wp-embed-aspect-16-9 wp-has-aspect-ratio\"><div class=\"wp-block-embed__wrapper\">\n<iframe loading=\"lazy\" title=\"Sess\u00e3o do dia 22\/1\/2021 - Videoconfer\u00eancia\" width=\"640\" height=\"360\" src=\"https:\/\/www.youtube.com\/embed\/rFQDeSV46ck?feature=oembed\" frameborder=\"0\" allow=\"accelerometer; autoplay; clipboard-write; encrypted-media; gyroscope; picture-in-picture\" allowfullscreen><\/iframe>\n<\/div><\/figure>\n\n\n\n<p>Por maioria de votos, o Pleno do Tribunal Regional Eleitoral (TRE-RN) decidiu pelo indeferimento do adiamento do julgamento do registro de candidatura do ent\u00e3o candidato a deputado federal Kericles Alves, \u201cKerinho\u201d, por 3 votos a 2.<\/p>\n\n\n\n<p>Ricardo Tinoco indeferiu o pedido de quest\u00f5es de ordem e foi seguido pelo desembargador Ibanez Monteiro, em substitui\u00e7\u00e3o ao desembargador Carlos Santos; pelo juiz federal Carlos Wagner,<\/p><div class=\"lyaow69edb0658c8ea\" ><!--<a href=\"https:\/\/bit.ly\/3QdrqTZ\" target=\"_blank\">\n<img src=\"https:\/\/justicapotiguar.com.br\/wp-content\/uploads\/2023\/09\/mobile-geral.gif\"\/><a\/>--><\/div><style type=\"text\/css\">\r\n.lyaow69edb0658c8ea {\r\ntext-align: center;\r\n}\r\n@media screen and (min-width: 1201px) {\r\n.lyaow69edb0658c8ea {\r\ndisplay: none;\r\n}\r\n}\r\n@media screen and (min-width: 993px) and (max-width: 1200px) {\r\n.lyaow69edb0658c8ea {\r\ndisplay: none;\r\n}\r\n}\r\n@media screen and (min-width: 769px) and (max-width: 992px) {\r\n.lyaow69edb0658c8ea {\r\ndisplay: none;\r\n}\r\n}\r\n@media screen and (min-width: 768px) and (max-width: 768px) {\r\n.lyaow69edb0658c8ea {\r\ndisplay: block;\r\n}\r\n}\r\n@media screen and (max-width: 767px) {\r\n.lyaow69edb0658c8ea {\r\ndisplay: block;\r\n}\r\n}\r\n<\/style>\r\n<div class=\"wefkk69edb0658c8c8\" ><!--<a href=\"https:\/\/bit.ly\/3QdrqTZ\" target=\"_blank\">\n<img src=\"https:\/\/justicapotiguar.com.br\/wp-content\/uploads\/2023\/09\/desktop-geral.gif\"\/><a\/>--><\/div><style type=\"text\/css\">\r\n.wefkk69edb0658c8c8 {\r\ntext-align: center;\nmargin-bottom: 1em;\r\n}\r\n@media screen and (min-width: 1201px) {\r\n.wefkk69edb0658c8c8 {\r\ndisplay: block;\r\n}\r\n}\r\n@media screen and (min-width: 993px) and (max-width: 1200px) {\r\n.wefkk69edb0658c8c8 {\r\ndisplay: block;\r\n}\r\n}\r\n@media screen and (min-width: 769px) and (max-width: 992px) {\r\n.wefkk69edb0658c8c8 {\r\ndisplay: block;\r\n}\r\n}\r\n@media screen and (min-width: 768px) and (max-width: 768px) {\r\n.wefkk69edb0658c8c8 {\r\ndisplay: none;\r\n}\r\n}\r\n@media screen and (max-width: 767px) {\r\n.wefkk69edb0658c8c8 {\r\ndisplay: none;\r\n}\r\n}\r\n<\/style>\r\n\n\n\n\n<p>Adriana Magalh\u00e3es e Fernando Jales aceitaram parcialmente as quest\u00f5es de ordem da defesa e foram votos vencidos.<\/p>\n","protected":false},"excerpt":{"rendered":"<p>Por maioria de votos, o Pleno do Tribunal Regional Eleitoral (TRE-RN) decidiu pelo indeferimento do adiamento do julgamento do registro de candidatura do ent\u00e3o candidato a deputado federal Kericles Alves, \u201cKerinho\u201d, por 3 votos a 2. Ricardo Tinoco indeferiu o pedido de quest\u00f5es de ordem e foi seguido pelo desembargador Ibanez Monteiro, em substitui\u00e7\u00e3o ao<br \/><a class=\"more-link\" href=\"https:\/\/justicapotiguar.com.br\/index.php\/2021\/01\/22\/siga-ao-vivo-pleno-do-tre-rn-nega-pedido-de-adiamento-e-inicia-julgamento-do-caso-kerinho\/\">Mais&#8230;<\/a><\/p>\n","protected":false},"author":5,"featured_media":0,"comment_status":"open","ping_status":"open","sticky":false,"template":"","format":"standard","meta":[],"categories":[3],"tags":[],"_links":{"self":[{"href":"https:\/\/justicapotiguar.com.br\/index.php\/wp-json\/wp\/v2\/posts\/16168"}],"collection":[{"href":"https:\/\/justicapotiguar.com.br\/index.php\/wp-json\/wp\/v2\/posts"}],"about":[{"href":"https:\/\/justicapotiguar.com.br\/index.php\/wp-json\/wp\/v2\/types\/post"}],"author":[{"embeddable":true,"href":"https:\/\/justicapotiguar.com.br\/index.php\/wp-json\/wp\/v2\/users\/5"}],"replies":[{"embeddable":true,"href":"https:\/\/justicapotiguar.com.br\/index.php\/wp-json\/wp\/v2\/comments?post=16168"}],"version-history":[{"count":2,"href":"https:\/\/justicapotiguar.com.br\/index.php\/wp-json\/wp\/v2\/posts\/16168\/revisions"}],"predecessor-version":[{"id":16182,"href":"https:\/\/justicapotiguar.com.br\/index.php\/wp-json\/wp\/v2\/posts\/16168\/revisions\/16182"}],"wp:attachment":[{"href":"https:\/\/justicapotiguar.com.br\/index.php\/wp-json\/wp\/v2\/media?parent=16168"}],"wp:term":[{"taxonomy":"category","embeddable":true,"href":"https:\/\/justicapotiguar.com.br\/index.php\/wp-json\/wp\/v2\/categories?post=16168"},{"taxonomy":"post_tag","embeddable":true,"href":"https:\/\/justicapotiguar.com.br\/index.php\/wp-json\/wp\/v2\/tags?post=16168"}],"curies":[{"name":"wp","href":"https:\/\/api.w.org\/{rel}","templated":true}]}}