{"id":16150,"date":"2021-01-21T19:20:11","date_gmt":"2021-01-21T22:20:11","guid":{"rendered":"https:\/\/justicapotiguar.com.br\/?p=16150"},"modified":"2021-01-21T19:20:11","modified_gmt":"2021-01-21T22:20:11","slug":"senador-jean-paul-denuncia-alvaro-dias-ao-mp-por-incentivo-ao-uso-de-ivermectina-para-a-covid-19","status":"publish","type":"post","link":"https:\/\/justicapotiguar.com.br\/index.php\/2021\/01\/21\/senador-jean-paul-denuncia-alvaro-dias-ao-mp-por-incentivo-ao-uso-de-ivermectina-para-a-covid-19\/","title":{"rendered":"Senador Jean Paul denuncia \u00c1lvaro Dias ao MP por incentivo ao uso de Ivermectina para a Covid-19"},"content":{"rendered":"\n<p>O senador do PT, Jean Paul Prates encaminhou representa\u00e7\u00e3o ao Minist\u00e9rio P\u00fablico do RN para abrir inqu\u00e9rito contra o prefeito de Natal, \u00c1lvaro Dias, por recomendar o uso do medicamento Ivermectina para tratar a Covid-19, o que n\u00e3o teria respaldo cient\u00edfico.<\/p>\n\n\n\n<figure class=\"wp-block-image size-large\"><img loading=\"lazy\" width=\"679\" height=\"452\" src=\"https:\/\/justicapotiguar.com.br\/wp-content\/uploads\/2021\/01\/images-10.jpeg\" alt=\"\" class=\"wp-image-16152\" srcset=\"https:\/\/justicapotiguar.com.br\/wp-content\/uploads\/2021\/01\/images-10.jpeg 679w, https:\/\/justicapotiguar.com.br\/wp-content\/uploads\/2021\/01\/images-10-300x200.jpeg 300w\" sizes=\"(max-width: 679px) 100vw, 679px\" \/><figcaption> Secom Natal<\/figcaption><\/figure>\n\n\n\n<figure class=\"wp-block-image\"><img alt=\"\"\/><\/figure>\n\n\n\n<p>Na pe\u00e7a, o senador cita que, &#8220;o Sr. \u00c1lvaro<br>Costa Dias foi \u00e0s redes de comunica\u00e7\u00e3o aberta apresentar o uso da Ivermectina como meio substitutivo ao uso da vacina para imuniza\u00e7\u00e3o coletiva em claro atentado \u00e0 sa\u00fade coletiva uma vez que est\u00e1 cientificamente comprovado n\u00e3o existir alternativa terap\u00eautica aprovada e dispon\u00edvel para prevenir e\/ou tratar a doen\u00e7a causada pelo Covid-19, em substitui\u00e7\u00e3o ao uso da vacina enquanto mecanismo imunizante&#8221;. <\/p><div class=\"tbxdo69edb01a006d7\" ><!--<a href=\"https:\/\/bit.ly\/3QdrqTZ\" target=\"_blank\">\n<img src=\"https:\/\/justicapotiguar.com.br\/wp-content\/uploads\/2023\/09\/mobile-geral.gif\"\/><a\/>--><\/div><style type=\"text\/css\">\r\n.tbxdo69edb01a006d7 {\r\ntext-align: center;\r\n}\r\n@media screen and (min-width: 1201px) {\r\n.tbxdo69edb01a006d7 {\r\ndisplay: none;\r\n}\r\n}\r\n@media screen and (min-width: 993px) and (max-width: 1200px) {\r\n.tbxdo69edb01a006d7 {\r\ndisplay: none;\r\n}\r\n}\r\n@media screen and (min-width: 769px) and (max-width: 992px) {\r\n.tbxdo69edb01a006d7 {\r\ndisplay: none;\r\n}\r\n}\r\n@media screen and (min-width: 768px) and (max-width: 768px) {\r\n.tbxdo69edb01a006d7 {\r\ndisplay: block;\r\n}\r\n}\r\n@media screen and (max-width: 767px) {\r\n.tbxdo69edb01a006d7 {\r\ndisplay: block;\r\n}\r\n}\r\n<\/style>\r\n<div class=\"bpgnm69edb01a006bb\" ><!--<a href=\"https:\/\/bit.ly\/3QdrqTZ\" target=\"_blank\">\n<img src=\"https:\/\/justicapotiguar.com.br\/wp-content\/uploads\/2023\/09\/desktop-geral.gif\"\/><a\/>--><\/div><style type=\"text\/css\">\r\n.bpgnm69edb01a006bb {\r\ntext-align: center;\nmargin-bottom: 1em;\r\n}\r\n@media screen and (min-width: 1201px) {\r\n.bpgnm69edb01a006bb {\r\ndisplay: block;\r\n}\r\n}\r\n@media screen and (min-width: 993px) and (max-width: 1200px) {\r\n.bpgnm69edb01a006bb {\r\ndisplay: block;\r\n}\r\n}\r\n@media screen and (min-width: 769px) and (max-width: 992px) {\r\n.bpgnm69edb01a006bb {\r\ndisplay: block;\r\n}\r\n}\r\n@media screen and (min-width: 768px) and (max-width: 768px) {\r\n.bpgnm69edb01a006bb {\r\ndisplay: none;\r\n}\r\n}\r\n@media screen and (max-width: 767px) {\r\n.bpgnm69edb01a006bb {\r\ndisplay: none;\r\n}\r\n}\r\n<\/style>\r\n\n\n\n\n<p>Ainda segundo o senaodr o prefeito incenticou o uso do rem\u00e9dio para quem n\u00e3o tomou ainda a vacina. &#8220;Aproveito aqui a oportunidade pra aconselhar toda a popula\u00e7\u00e3o, quem n\u00e3o tiver acesso a vacina continue tomando a ivermectina de 15 (quinze) em 15 (quinze) dias na dosagem recomendada que estar\u00e1 devidamente protegido contra o coronav\u00edrus&#8221;.<\/p>\n\n\n\n<figure class=\"wp-block-image\"><img alt=\"\"\/><\/figure>\n\n\n\n<div class=\"wp-block-file\"><a href=\"https:\/\/justicapotiguar.com.br\/wp-content\/uploads\/2021\/01\/Representacao-Invermectina-Prefeito-de-Natal..pdf\">Representacao-Invermectina-Prefeito-de-Natal.<\/a><a href=\"https:\/\/justicapotiguar.com.br\/wp-content\/uploads\/2021\/01\/Representacao-Invermectina-Prefeito-de-Natal..pdf\" class=\"wp-block-file__button\" download>Baixar<\/a><\/div>\n","protected":false},"excerpt":{"rendered":"<p>O senador do PT, Jean Paul Prates encaminhou representa\u00e7\u00e3o ao Minist\u00e9rio P\u00fablico do RN para abrir inqu\u00e9rito contra o prefeito de Natal, \u00c1lvaro Dias, por recomendar o uso do medicamento Ivermectina para tratar a Covid-19, o que n\u00e3o teria respaldo cient\u00edfico. Na pe\u00e7a, o senador cita que, &#8220;o Sr. \u00c1lvaroCosta Dias foi \u00e0s redes de<br \/><a class=\"more-link\" href=\"https:\/\/justicapotiguar.com.br\/index.php\/2021\/01\/21\/senador-jean-paul-denuncia-alvaro-dias-ao-mp-por-incentivo-ao-uso-de-ivermectina-para-a-covid-19\/\">Mais&#8230;<\/a><\/p>\n","protected":false},"author":5,"featured_media":16152,"comment_status":"open","ping_status":"open","sticky":false,"template":"","format":"standard","meta":[],"categories":[3],"tags":[],"_links":{"self":[{"href":"https:\/\/justicapotiguar.com.br\/index.php\/wp-json\/wp\/v2\/posts\/16150"}],"collection":[{"href":"https:\/\/justicapotiguar.com.br\/index.php\/wp-json\/wp\/v2\/posts"}],"about":[{"href":"https:\/\/justicapotiguar.com.br\/index.php\/wp-json\/wp\/v2\/types\/post"}],"author":[{"embeddable":true,"href":"https:\/\/justicapotiguar.com.br\/index.php\/wp-json\/wp\/v2\/users\/5"}],"replies":[{"embeddable":true,"href":"https:\/\/justicapotiguar.com.br\/index.php\/wp-json\/wp\/v2\/comments?post=16150"}],"version-history":[{"count":1,"href":"https:\/\/justicapotiguar.com.br\/index.php\/wp-json\/wp\/v2\/posts\/16150\/revisions"}],"predecessor-version":[{"id":16153,"href":"https:\/\/justicapotiguar.com.br\/index.php\/wp-json\/wp\/v2\/posts\/16150\/revisions\/16153"}],"wp:featuredmedia":[{"embeddable":true,"href":"https:\/\/justicapotiguar.com.br\/index.php\/wp-json\/wp\/v2\/media\/16152"}],"wp:attachment":[{"href":"https:\/\/justicapotiguar.com.br\/index.php\/wp-json\/wp\/v2\/media?parent=16150"}],"wp:term":[{"taxonomy":"category","embeddable":true,"href":"https:\/\/justicapotiguar.com.br\/index.php\/wp-json\/wp\/v2\/categories?post=16150"},{"taxonomy":"post_tag","embeddable":true,"href":"https:\/\/justicapotiguar.com.br\/index.php\/wp-json\/wp\/v2\/tags?post=16150"}],"curies":[{"name":"wp","href":"https:\/\/api.w.org\/{rel}","templated":true}]}}