{"id":16148,"date":"2021-01-21T18:29:34","date_gmt":"2021-01-21T21:29:34","guid":{"rendered":"https:\/\/justicapotiguar.com.br\/?p=16148"},"modified":"2021-01-21T17:33:00","modified_gmt":"2021-01-21T20:33:00","slug":"preocupacao-do-governo-e-intimidar-diz-presidente-da-oab","status":"publish","type":"post","link":"https:\/\/justicapotiguar.com.br\/index.php\/2021\/01\/21\/preocupacao-do-governo-e-intimidar-diz-presidente-da-oab\/","title":{"rendered":"&#8220;Preocupa\u00e7\u00e3o do governo \u00e9 intimidar&#8221;, diz presidente da OAB"},"content":{"rendered":"\n<h2><\/h2>\n\n\n\n<figure class=\"wp-block-image\"><img alt=\"\"\/><\/figure>\n\n\n\n<p>O presidente da OAB,&nbsp;<strong>Felipe Santa Cruz<\/strong>, emitiu nota acerca da not\u00edcia de que foi aberto inqu\u00e9rito contra o advogado Marcelo Feller em raz\u00e3o de cr\u00edticas a Jair Bolsonaro.<\/p>\n\n\n\n<p>Para Santa Cruz, em meio \u00e0 pandemia, a preocupa\u00e7\u00e3o do governo &#8220;<em>\u00e9 intimidar e tentar calar os que apontam seus erros no lugar de salvar vidas, suprir oxig\u00eanio nos hospitais e viabilizar a vacina\u00e7\u00e3o de todos<\/em>&#8220;.<\/p>\n\n\n\n<figure class=\"wp-block-image\"><img src=\"https:\/\/img2.migalhas.uol.com.br\/_MEDPROC_\/https__img1.migalhas.uol.com.br__SL__gf_base__SL__empresas__SL__MIGA__SL__imagens__SL__2021__SL__01__SL__21__SL__56b38820-e1db-4344-801a-a2ff4423ecb7.jpg._PROC_CP75.jpg\" alt=\"(Imagem: Gustavo Lima\/STJ)\" title=\"(Imagem: Gustavo Lima\/STJ)\"\/><\/figure>\n\n\n\n<p>(Imagem: Gustavo Lima\/STJ)<\/p>\n\n\n\n<p>No pedido do inqu\u00e9rito, Andr\u00e9 Mendon\u00e7a alegou que a cr\u00edtica feita por Feller poderia ser enquadrado na lei de Seguran\u00e7a Nacional &#8220;<em>em raz\u00e3o de a acusa\u00e7\u00e3o lesar ou expor a perigo de les\u00e3o o regime democr\u00e1tico e a pessoa do presidente da Rep\u00fablica<\/em>&#8220;. &nbsp;<\/p>\n\n\n\n<p>Contudo, para o presidente da Ordem, ao tentar criminalizar os cr\u00edticos, &#8220;<em>o ministro extrapola suas fun\u00e7\u00f5es, desvia o foco dos verdadeiros respons\u00e1veis pelo descaso com a sa\u00fade dos brasileiros e desrespeita princ\u00edpios caros ao Estado Democr\u00e1tico de Direito<\/em>&#8220;.<\/p>\n\n\n\n<ul><li>Veja abaixo a nota oficial.<\/li><\/ul>\n\n\n\n<p>___________<\/p><div class=\"wnsxe69edc3efba522\" ><!--<a href=\"https:\/\/bit.ly\/3QdrqTZ\" target=\"_blank\">\n<img src=\"https:\/\/justicapotiguar.com.br\/wp-content\/uploads\/2023\/09\/mobile-geral.gif\"\/><a\/>--><\/div><style type=\"text\/css\">\r\n.wnsxe69edc3efba522 {\r\ntext-align: center;\r\n}\r\n@media screen and (min-width: 1201px) {\r\n.wnsxe69edc3efba522 {\r\ndisplay: none;\r\n}\r\n}\r\n@media screen and (min-width: 993px) and (max-width: 1200px) {\r\n.wnsxe69edc3efba522 {\r\ndisplay: none;\r\n}\r\n}\r\n@media screen and (min-width: 769px) and (max-width: 992px) {\r\n.wnsxe69edc3efba522 {\r\ndisplay: none;\r\n}\r\n}\r\n@media screen and (min-width: 768px) and (max-width: 768px) {\r\n.wnsxe69edc3efba522 {\r\ndisplay: block;\r\n}\r\n}\r\n@media screen and (max-width: 767px) {\r\n.wnsxe69edc3efba522 {\r\ndisplay: block;\r\n}\r\n}\r\n<\/style>\r\n<div class=\"mfiug69edc3efba500\" ><!--<a href=\"https:\/\/bit.ly\/3QdrqTZ\" target=\"_blank\">\n<img src=\"https:\/\/justicapotiguar.com.br\/wp-content\/uploads\/2023\/09\/desktop-geral.gif\"\/><a\/>--><\/div><style type=\"text\/css\">\r\n.mfiug69edc3efba500 {\r\ntext-align: center;\nmargin-bottom: 1em;\r\n}\r\n@media screen and (min-width: 1201px) {\r\n.mfiug69edc3efba500 {\r\ndisplay: block;\r\n}\r\n}\r\n@media screen and (min-width: 993px) and (max-width: 1200px) {\r\n.mfiug69edc3efba500 {\r\ndisplay: block;\r\n}\r\n}\r\n@media screen and (min-width: 769px) and (max-width: 992px) {\r\n.mfiug69edc3efba500 {\r\ndisplay: block;\r\n}\r\n}\r\n@media screen and (min-width: 768px) and (max-width: 768px) {\r\n.mfiug69edc3efba500 {\r\ndisplay: none;\r\n}\r\n}\r\n@media screen and (max-width: 767px) {\r\n.mfiug69edc3efba500 {\r\ndisplay: none;\r\n}\r\n}\r\n<\/style>\r\n\n\n\n\n<p>&#8220;O ministro da Justi\u00e7a, Andr\u00e9 Mendon\u00e7a, ao requisitar inqu\u00e9rito policial para investigar o advogado Marcelo Feller, busca atingir, mais uma vez, quem se manifesta de forma cr\u00edtica ao descalabro do governo diante da pandemia que atinge os brasileiros. No momento em que o pa\u00eds soma mais de 212 mil vidas perdidas, a preocupa\u00e7\u00e3o demonstrada pelo governo \u00e9 intimidar e tentar calar os que apontam seus erros no lugar de salvar vidas, suprir oxig\u00eanio nos hospitais e viabilizar a vacina\u00e7\u00e3o de todos. Com a tentativa de criminalizar os cr\u00edticos, o ministro extrapola suas fun\u00e7\u00f5es, desvia o foco dos verdadeiros respons\u00e1veis pelo descaso com a sa\u00fade dos brasileiros e desrespeita princ\u00edpios caros ao Estado Democr\u00e1tico de Direito, como a liberdade de express\u00e3o.&#8221;<\/p>\n\n\n\n<p><strong>Felipe Santa Cruz<\/strong><\/p>\n\n\n\n<p><strong>Presidente da OAB Nacional<\/strong>.    <\/p>\n\n\n\n<p><\/p>\n\n\n\n<p>Migalhas<\/p>\n","protected":false},"excerpt":{"rendered":"<p>O presidente da OAB,&nbsp;Felipe Santa Cruz, emitiu nota acerca da not\u00edcia de que foi aberto inqu\u00e9rito contra o advogado Marcelo Feller em raz\u00e3o de cr\u00edticas a Jair Bolsonaro. Para Santa Cruz, em meio \u00e0 pandemia, a preocupa\u00e7\u00e3o do governo &#8220;\u00e9 intimidar e tentar calar os que apontam seus erros no lugar de salvar vidas, suprir<br \/><a class=\"more-link\" href=\"https:\/\/justicapotiguar.com.br\/index.php\/2021\/01\/21\/preocupacao-do-governo-e-intimidar-diz-presidente-da-oab\/\">Mais&#8230;<\/a><\/p>\n","protected":false},"author":5,"featured_media":33,"comment_status":"open","ping_status":"open","sticky":false,"template":"","format":"standard","meta":[],"categories":[3],"tags":[],"_links":{"self":[{"href":"https:\/\/justicapotiguar.com.br\/index.php\/wp-json\/wp\/v2\/posts\/16148"}],"collection":[{"href":"https:\/\/justicapotiguar.com.br\/index.php\/wp-json\/wp\/v2\/posts"}],"about":[{"href":"https:\/\/justicapotiguar.com.br\/index.php\/wp-json\/wp\/v2\/types\/post"}],"author":[{"embeddable":true,"href":"https:\/\/justicapotiguar.com.br\/index.php\/wp-json\/wp\/v2\/users\/5"}],"replies":[{"embeddable":true,"href":"https:\/\/justicapotiguar.com.br\/index.php\/wp-json\/wp\/v2\/comments?post=16148"}],"version-history":[{"count":1,"href":"https:\/\/justicapotiguar.com.br\/index.php\/wp-json\/wp\/v2\/posts\/16148\/revisions"}],"predecessor-version":[{"id":16149,"href":"https:\/\/justicapotiguar.com.br\/index.php\/wp-json\/wp\/v2\/posts\/16148\/revisions\/16149"}],"wp:featuredmedia":[{"embeddable":true,"href":"https:\/\/justicapotiguar.com.br\/index.php\/wp-json\/wp\/v2\/media\/33"}],"wp:attachment":[{"href":"https:\/\/justicapotiguar.com.br\/index.php\/wp-json\/wp\/v2\/media?parent=16148"}],"wp:term":[{"taxonomy":"category","embeddable":true,"href":"https:\/\/justicapotiguar.com.br\/index.php\/wp-json\/wp\/v2\/categories?post=16148"},{"taxonomy":"post_tag","embeddable":true,"href":"https:\/\/justicapotiguar.com.br\/index.php\/wp-json\/wp\/v2\/tags?post=16148"}],"curies":[{"name":"wp","href":"https:\/\/api.w.org\/{rel}","templated":true}]}}