{"id":16128,"date":"2021-01-21T11:41:16","date_gmt":"2021-01-21T14:41:16","guid":{"rendered":"https:\/\/justicapotiguar.com.br\/?p=16128"},"modified":"2021-01-21T11:41:16","modified_gmt":"2021-01-21T14:41:16","slug":"presidencia-do-tjrn-promove-primeira-reuniao-com-juizes-de-direito-de-todo-o-estado","status":"publish","type":"post","link":"https:\/\/justicapotiguar.com.br\/index.php\/2021\/01\/21\/presidencia-do-tjrn-promove-primeira-reuniao-com-juizes-de-direito-de-todo-o-estado\/","title":{"rendered":"Presid\u00eancia do TJRN promove primeira reuni\u00e3o com ju\u00edzes de Direito de todo o estado"},"content":{"rendered":"\n<figure class=\"wp-block-image size-large\"><img loading=\"lazy\" width=\"1024\" height=\"576\" src=\"https:\/\/justicapotiguar.com.br\/wp-content\/uploads\/2021\/01\/reuniao_juizes2-1024x576.jpeg\" alt=\"\" class=\"wp-image-16129\" srcset=\"https:\/\/justicapotiguar.com.br\/wp-content\/uploads\/2021\/01\/reuniao_juizes2-1024x576.jpeg 1024w, https:\/\/justicapotiguar.com.br\/wp-content\/uploads\/2021\/01\/reuniao_juizes2-300x169.jpeg 300w, https:\/\/justicapotiguar.com.br\/wp-content\/uploads\/2021\/01\/reuniao_juizes2-768x432.jpeg 768w, https:\/\/justicapotiguar.com.br\/wp-content\/uploads\/2021\/01\/reuniao_juizes2.jpeg 1280w\" sizes=\"(max-width: 1024px) 100vw, 1024px\" \/><figcaption>Reprodu\u00e7\u00e3o<\/figcaption><\/figure>\n\n\n\n<p>O presidente do Tribunal de Justi\u00e7a, desembargador Vivaldo Pinheiro, promoveu sua primeira reuni\u00e3o com os ju\u00edzes de Direito do Poder Judici\u00e1rio estadual, nesta quinta-feira (21), \u00e0s 10h. O evento consistiu em uma visita virtual de cortesia do dirigente da institui\u00e7\u00e3o aos profissionais da magistratura de primeira inst\u00e2ncia, de v\u00e1rias comarcas do estado. Mais de 100 participantes acompanharam os pronunciamentos do presidente e dos ju\u00edzes auxiliares da Presid\u00eancia do TJRN, Jo\u00e3o Afonso Pordeus e Patr\u00edcia Gondim.<br><br>\u201cApesar deste momento dif\u00edcil que ainda estamos vivendo, estamos sempre \u00e0 disposi\u00e7\u00e3o para ouvi-los e iremos realizar reuni\u00f5es como esta, regionais, para sugest\u00f5es, opini\u00f5es e reivindica\u00e7\u00f5es que os senhores desejem apresentar\u201d, ressaltou o presidente, ao anunciar, que esses encontros com os polos da Justi\u00e7a pelo RN devem acontecer durante o m\u00eas de fevereiro. Vivaldo Pinheiro ressaltou mais uma vez que o objetivo de sua gest\u00e3o \u00e9 concretizar um Judici\u00e1rio cada vez mais valorizado, com presta\u00e7\u00e3o de servi\u00e7o cada vez mais eficiente, e que para isso \u00e9 preciso valorizar os magistrados e os servidores.<br><br>O desembargador acrescentou em sua fala que sua administra\u00e7\u00e3o estar\u00e1 sempre de portas abertas para receber e ouvir, pr\u00e1tica que faz parte de sua atua\u00e7\u00e3o desde os tempos de juiz. Destacou a import\u00e2ncia de manter o equil\u00edbrio financeiro e reduzir despesas, entre elas as referentes a alugu\u00e9is. Pediu a colabora\u00e7\u00e3o de cada um e destacou que a gest\u00e3o conta com ju\u00edzes auxiliares e pessoal administrativo experientes, profissionais e dedicados para fazer o Judici\u00e1rio avan\u00e7ar.<br><br>Lembrou o magistrado dirigente da Justi\u00e7a potiguar que reuni\u00f5es semelhantes como a de hoje j\u00e1 foram realizadas com os poderes Executivo e Legislativo. E outras dever\u00e3o ocorrer com o Minist\u00e9rio P\u00fablico e a OAB, por exemplo. Outras reuni\u00f5es com ampla participa\u00e7\u00e3o e apresenta\u00e7\u00e3o de sugest\u00f5es pelos ju\u00edzes est\u00e3o sendo marcadas com os polos regionais. Vivaldo Pinheiro observou que todos os pleitos encaminhados ou apresentados \u00e0 sua gest\u00e3o levar\u00e3o sempre em conta pontos como legalidade e disponibilidade financeira.<\/p>\n\n\n\n<p><img alt=\"\" src=\"http:\/\/www.tjrn.jus.br\/images\/NOT%C3%8DCIAS%202021\/reuniao_juizes1.jpeg\"><br><br><strong>Uni\u00e3o<\/strong><\/p><div class=\"flehq69f04e4bd0575\" ><!--<a href=\"https:\/\/bit.ly\/3QdrqTZ\" target=\"_blank\">\n<img src=\"https:\/\/justicapotiguar.com.br\/wp-content\/uploads\/2023\/09\/mobile-geral.gif\"\/><a\/>--><\/div><style type=\"text\/css\">\r\n.flehq69f04e4bd0575 {\r\ntext-align: center;\r\n}\r\n@media screen and (min-width: 1201px) {\r\n.flehq69f04e4bd0575 {\r\ndisplay: none;\r\n}\r\n}\r\n@media screen and (min-width: 993px) and (max-width: 1200px) {\r\n.flehq69f04e4bd0575 {\r\ndisplay: none;\r\n}\r\n}\r\n@media screen and (min-width: 769px) and (max-width: 992px) {\r\n.flehq69f04e4bd0575 {\r\ndisplay: none;\r\n}\r\n}\r\n@media screen and (min-width: 768px) and (max-width: 768px) {\r\n.flehq69f04e4bd0575 {\r\ndisplay: block;\r\n}\r\n}\r\n@media screen and (max-width: 767px) {\r\n.flehq69f04e4bd0575 {\r\ndisplay: block;\r\n}\r\n}\r\n<\/style>\r\n<div class=\"vgkwc69f04e4bd0561\" ><!--<a href=\"https:\/\/bit.ly\/3QdrqTZ\" target=\"_blank\">\n<img src=\"https:\/\/justicapotiguar.com.br\/wp-content\/uploads\/2023\/09\/desktop-geral.gif\"\/><a\/>--><\/div><style type=\"text\/css\">\r\n.vgkwc69f04e4bd0561 {\r\ntext-align: center;\nmargin-bottom: 1em;\r\n}\r\n@media screen and (min-width: 1201px) {\r\n.vgkwc69f04e4bd0561 {\r\ndisplay: block;\r\n}\r\n}\r\n@media screen and (min-width: 993px) and (max-width: 1200px) {\r\n.vgkwc69f04e4bd0561 {\r\ndisplay: block;\r\n}\r\n}\r\n@media screen and (min-width: 769px) and (max-width: 992px) {\r\n.vgkwc69f04e4bd0561 {\r\ndisplay: block;\r\n}\r\n}\r\n@media screen and (min-width: 768px) and (max-width: 768px) {\r\n.vgkwc69f04e4bd0561 {\r\ndisplay: none;\r\n}\r\n}\r\n@media screen and (max-width: 767px) {\r\n.vgkwc69f04e4bd0561 {\r\ndisplay: none;\r\n}\r\n}\r\n<\/style>\r\n\n\n\n\n<p>O juiz auxiliar Jo\u00e3o Afonso Pordeus destacou o momento de dificuldades e incertezas trazidos pela pandemia da Covid-19 e pediu a uni\u00e3o e compreens\u00e3o de todos os magistrados para essa realidade.<br><br>\u201cEstamos em um momento dif\u00edcil e a situa\u00e7\u00e3o do Tribunal n\u00e3o \u00e9 a mesma de anos atr\u00e1s. Sabemos que temos muitos gargalos a enfrentar e \u00e9 preciso que haja essa uni\u00e3o e compreens\u00e3o tamb\u00e9m, porque nada se resolve do dia para a noite. Contamos com todos nessa nossa caminhada que n\u00e3o ser\u00e1 f\u00e1cil, mas com a uni\u00e3o de todos n\u00e3o ser\u00e1 dif\u00edcil\u201d, observou o magistrado.<br><br>\u201cVamos ter que fazer mais com muito menos, pedimos a colabora\u00e7\u00e3o de todos nesse sentido e a ajuda de todos para que a gente possa fazer um Judici\u00e1rio melhor, com uma presta\u00e7\u00e3o jurisdicional melhor ao cidad\u00e3o que \u00e9 isso que ele espera de n\u00f3s\u201d, exortou a ju\u00edza auxiliar Patr\u00edcia Gondim, lembrando que a Presid\u00eancia estar\u00e1 sempre a disposi\u00e7\u00e3o.<br><br>Ela reafirmou que a gest\u00e3o \u00e9 participativa e que os ju\u00edzes auxiliares est\u00e3o dividindo suas tarefas. No mesmo esp\u00edrito, Jo\u00e3o Pordeus ressaltou que conta com a contribui\u00e7\u00e3o dos ju\u00edzes. \u201cEstamos a disposi\u00e7\u00e3o para toda e qualquer necessidade que os colegas porventura tenham\u201d, finalizou.<\/p>\n","protected":false},"excerpt":{"rendered":"<p>O presidente do Tribunal de Justi\u00e7a, desembargador Vivaldo Pinheiro, promoveu sua primeira reuni\u00e3o com os ju\u00edzes de Direito do Poder Judici\u00e1rio estadual, nesta quinta-feira (21), \u00e0s 10h. O evento consistiu em uma visita virtual de cortesia do dirigente da institui\u00e7\u00e3o aos profissionais da magistratura de primeira inst\u00e2ncia, de v\u00e1rias comarcas do estado. Mais de 100<br \/><a class=\"more-link\" href=\"https:\/\/justicapotiguar.com.br\/index.php\/2021\/01\/21\/presidencia-do-tjrn-promove-primeira-reuniao-com-juizes-de-direito-de-todo-o-estado\/\">Mais&#8230;<\/a><\/p>\n","protected":false},"author":5,"featured_media":16129,"comment_status":"open","ping_status":"open","sticky":false,"template":"","format":"standard","meta":[],"categories":[3],"tags":[],"_links":{"self":[{"href":"https:\/\/justicapotiguar.com.br\/index.php\/wp-json\/wp\/v2\/posts\/16128"}],"collection":[{"href":"https:\/\/justicapotiguar.com.br\/index.php\/wp-json\/wp\/v2\/posts"}],"about":[{"href":"https:\/\/justicapotiguar.com.br\/index.php\/wp-json\/wp\/v2\/types\/post"}],"author":[{"embeddable":true,"href":"https:\/\/justicapotiguar.com.br\/index.php\/wp-json\/wp\/v2\/users\/5"}],"replies":[{"embeddable":true,"href":"https:\/\/justicapotiguar.com.br\/index.php\/wp-json\/wp\/v2\/comments?post=16128"}],"version-history":[{"count":1,"href":"https:\/\/justicapotiguar.com.br\/index.php\/wp-json\/wp\/v2\/posts\/16128\/revisions"}],"predecessor-version":[{"id":16130,"href":"https:\/\/justicapotiguar.com.br\/index.php\/wp-json\/wp\/v2\/posts\/16128\/revisions\/16130"}],"wp:featuredmedia":[{"embeddable":true,"href":"https:\/\/justicapotiguar.com.br\/index.php\/wp-json\/wp\/v2\/media\/16129"}],"wp:attachment":[{"href":"https:\/\/justicapotiguar.com.br\/index.php\/wp-json\/wp\/v2\/media?parent=16128"}],"wp:term":[{"taxonomy":"category","embeddable":true,"href":"https:\/\/justicapotiguar.com.br\/index.php\/wp-json\/wp\/v2\/categories?post=16128"},{"taxonomy":"post_tag","embeddable":true,"href":"https:\/\/justicapotiguar.com.br\/index.php\/wp-json\/wp\/v2\/tags?post=16128"}],"curies":[{"name":"wp","href":"https:\/\/api.w.org\/{rel}","templated":true}]}}