{"id":16126,"date":"2021-01-21T10:43:51","date_gmt":"2021-01-21T13:43:51","guid":{"rendered":"https:\/\/justicapotiguar.com.br\/?p=16126"},"modified":"2021-01-21T10:43:51","modified_gmt":"2021-01-21T13:43:51","slug":"advogado-marcelo-feller-e-intimado-por-acusar-bolsonaro-de-assassinato-em-massa","status":"publish","type":"post","link":"https:\/\/justicapotiguar.com.br\/index.php\/2021\/01\/21\/advogado-marcelo-feller-e-intimado-por-acusar-bolsonaro-de-assassinato-em-massa\/","title":{"rendered":"Advogado Marcelo Feller \u00e9 intimado por acusar Bolsonaro de assassinato em massa"},"content":{"rendered":"\n<figure class=\"wp-block-image\"><img src=\"https:\/\/img2.migalhas.uol.com.br\/_MEDPROC_\/https__img1.migalhas.uol.com.br__SL__gf_base__SL__empresas__SL__MIGA__SL__imagens__SL__2021__SL__01__SL__21__SL__7205e68a-af1d-4ba2-b735-e0db1e9f3976.jpg._PROC_CP75.jpg\" alt=\"(Imagem: Reprodu\u00e7\u00e3o)\" title=\"(Imagem: Reprodu\u00e7\u00e3o)\"\/><\/figure>\n\n\n\n<p>(Imagem: Reprodu\u00e7\u00e3o)<\/p>\n\n\n\n<p>A Pol\u00edcia Federal intimou o advogado&nbsp;<strong>Marcelo Feller<\/strong>&nbsp;por acusar Bolsonaro em um debate na CNN de ter cometido assassinato em massa por omiss\u00e3o durante a pandemia do coronav\u00edrus. O inqu\u00e9rito foi aberto em agosto a pedido do ministro da Justi\u00e7a, Andr\u00e9 Mendon\u00e7a.<\/p>\n\n\n\n<p>No pedido, o ministro da Justi\u00e7a alegou que o fato poderia se subsumir \u00e0 conduta t\u00edpica descrita no art. 26, caput, da LSN &#8211; Lei de Seguran\u00e7a Nacional (<a href=\"http:\/\/www.planalto.gov.br\/ccivil_03\/leis\/l7170.htm\" target=\"_blank\" rel=\"noreferrer noopener\">7.170\/83<\/a>), &#8220;<em>em raz\u00e3o de a acusa\u00e7\u00e3o lesar ou expor a perigo de les\u00e3o o regime democr\u00e1tico e a pessoa do presidente da Rep\u00fablica<\/em>&#8220;.<\/p><div class=\"eduoz69f066b8996c7\" ><!--<a href=\"https:\/\/bit.ly\/3QdrqTZ\" target=\"_blank\">\n<img src=\"https:\/\/justicapotiguar.com.br\/wp-content\/uploads\/2023\/09\/mobile-geral.gif\"\/><a\/>--><\/div><style type=\"text\/css\">\r\n.eduoz69f066b8996c7 {\r\ntext-align: center;\r\n}\r\n@media screen and (min-width: 1201px) {\r\n.eduoz69f066b8996c7 {\r\ndisplay: none;\r\n}\r\n}\r\n@media screen and (min-width: 993px) and (max-width: 1200px) {\r\n.eduoz69f066b8996c7 {\r\ndisplay: none;\r\n}\r\n}\r\n@media screen and (min-width: 769px) and (max-width: 992px) {\r\n.eduoz69f066b8996c7 {\r\ndisplay: none;\r\n}\r\n}\r\n@media screen and (min-width: 768px) and (max-width: 768px) {\r\n.eduoz69f066b8996c7 {\r\ndisplay: block;\r\n}\r\n}\r\n@media screen and (max-width: 767px) {\r\n.eduoz69f066b8996c7 {\r\ndisplay: block;\r\n}\r\n}\r\n<\/style>\r\n<div class=\"bihiz69f066b8996ae\" ><!--<a href=\"https:\/\/bit.ly\/3QdrqTZ\" target=\"_blank\">\n<img src=\"https:\/\/justicapotiguar.com.br\/wp-content\/uploads\/2023\/09\/desktop-geral.gif\"\/><a\/>--><\/div><style type=\"text\/css\">\r\n.bihiz69f066b8996ae {\r\ntext-align: center;\nmargin-bottom: 1em;\r\n}\r\n@media screen and (min-width: 1201px) {\r\n.bihiz69f066b8996ae {\r\ndisplay: block;\r\n}\r\n}\r\n@media screen and (min-width: 993px) and (max-width: 1200px) {\r\n.bihiz69f066b8996ae {\r\ndisplay: block;\r\n}\r\n}\r\n@media screen and (min-width: 769px) and (max-width: 992px) {\r\n.bihiz69f066b8996ae {\r\ndisplay: block;\r\n}\r\n}\r\n@media screen and (min-width: 768px) and (max-width: 768px) {\r\n.bihiz69f066b8996ae {\r\ndisplay: none;\r\n}\r\n}\r\n@media screen and (max-width: 767px) {\r\n.bihiz69f066b8996ae {\r\ndisplay: none;\r\n}\r\n}\r\n<\/style>\r\n\n\n\n\n<p>O advogado disse durante o debate que &#8220;<em>o discurso e a postura do presidente da Rep\u00fablica s\u00e3o diretamente respons\u00e1vel por pelo menos 10% dos casos de covid no Brasil<\/em>&#8220;. Feller afirmou que &#8220;<em>n\u00e3o \u00e9 o Ex\u00e9rcito que \u00e9 genocida, \u00e9 o pr\u00f3prio presidente, politicamente falando<\/em>&#8220;.<\/p>\n\n\n\n<p><em>&#8220;Jair Bolsonaro tem dito, repetido e agido com um sonoro &#8216;e da\u00ed&#8217;. Se n\u00e3o tem inten\u00e7\u00e3o de matar tantos, no m\u00ednimo, n\u00e3o se importa com suas mortes. \u00c9 aquilo que no Direto Penal a gente chama de dolo eventual, a pessoa prev\u00ea o risco, \u00e9 avisado, mas n\u00e3o se importa. Afinal, &#8216;e da\u00ed?&#8217;.&#8221;<\/em><\/p>\n\n\n\n<ul><li>Veja a\u00a0<a rel=\"noreferrer noopener\" href=\"https:\/\/www.migalhas.uol.com.br\/arquivos\/2021\/1\/25E83EBF840908_intimacaomarcelo.pdf\" target=\"_blank\">intima\u00e7\u00e3o<\/a>.<\/li><\/ul>\n\n\n\n<p>Migalhas<\/p>\n","protected":false},"excerpt":{"rendered":"<p>(Imagem: Reprodu\u00e7\u00e3o) A Pol\u00edcia Federal intimou o advogado&nbsp;Marcelo Feller&nbsp;por acusar Bolsonaro em um debate na CNN de ter cometido assassinato em massa por omiss\u00e3o durante a pandemia do coronav\u00edrus. O inqu\u00e9rito foi aberto em agosto a pedido do ministro da Justi\u00e7a, Andr\u00e9 Mendon\u00e7a. No pedido, o ministro da Justi\u00e7a alegou que o fato poderia se<br \/><a class=\"more-link\" href=\"https:\/\/justicapotiguar.com.br\/index.php\/2021\/01\/21\/advogado-marcelo-feller-e-intimado-por-acusar-bolsonaro-de-assassinato-em-massa\/\">Mais&#8230;<\/a><\/p>\n","protected":false},"author":5,"featured_media":7226,"comment_status":"open","ping_status":"open","sticky":false,"template":"","format":"standard","meta":[],"categories":[3],"tags":[],"_links":{"self":[{"href":"https:\/\/justicapotiguar.com.br\/index.php\/wp-json\/wp\/v2\/posts\/16126"}],"collection":[{"href":"https:\/\/justicapotiguar.com.br\/index.php\/wp-json\/wp\/v2\/posts"}],"about":[{"href":"https:\/\/justicapotiguar.com.br\/index.php\/wp-json\/wp\/v2\/types\/post"}],"author":[{"embeddable":true,"href":"https:\/\/justicapotiguar.com.br\/index.php\/wp-json\/wp\/v2\/users\/5"}],"replies":[{"embeddable":true,"href":"https:\/\/justicapotiguar.com.br\/index.php\/wp-json\/wp\/v2\/comments?post=16126"}],"version-history":[{"count":1,"href":"https:\/\/justicapotiguar.com.br\/index.php\/wp-json\/wp\/v2\/posts\/16126\/revisions"}],"predecessor-version":[{"id":16127,"href":"https:\/\/justicapotiguar.com.br\/index.php\/wp-json\/wp\/v2\/posts\/16126\/revisions\/16127"}],"wp:featuredmedia":[{"embeddable":true,"href":"https:\/\/justicapotiguar.com.br\/index.php\/wp-json\/wp\/v2\/media\/7226"}],"wp:attachment":[{"href":"https:\/\/justicapotiguar.com.br\/index.php\/wp-json\/wp\/v2\/media?parent=16126"}],"wp:term":[{"taxonomy":"category","embeddable":true,"href":"https:\/\/justicapotiguar.com.br\/index.php\/wp-json\/wp\/v2\/categories?post=16126"},{"taxonomy":"post_tag","embeddable":true,"href":"https:\/\/justicapotiguar.com.br\/index.php\/wp-json\/wp\/v2\/tags?post=16126"}],"curies":[{"name":"wp","href":"https:\/\/api.w.org\/{rel}","templated":true}]}}