{"id":16122,"date":"2021-01-21T09:09:53","date_gmt":"2021-01-21T12:09:53","guid":{"rendered":"https:\/\/justicapotiguar.com.br\/?p=16122"},"modified":"2021-01-20T22:31:24","modified_gmt":"2021-01-21T01:31:24","slug":"tre-rn-empossa-novas-integrantes-da-corte-eleitoral-no-dia-25","status":"publish","type":"post","link":"https:\/\/justicapotiguar.com.br\/index.php\/2021\/01\/21\/tre-rn-empossa-novas-integrantes-da-corte-eleitoral-no-dia-25\/","title":{"rendered":"TRE-RN empossa novas integrantes da Corte Eleitoral no dia 25"},"content":{"rendered":"\n<figure class=\"wp-block-image\" id=\"imagem-principal-texto\"><img src=\"https:\/\/www.tre-rn.jus.br\/imagens\/imagens\/posse-corte-tre-rn\/@@images\/1726a397-2615-4e2f-88c3-b7437e9f0f76.jpeg\" alt=\"ju\u00edzas \u00c9rika Paiva e Ticiana Nobre\"\/><\/figure>\n\n\n\n<p>Na pr\u00f3xima segunda (25), a ju\u00edza \u00c9rika Paiva ser\u00e1 empossada como nova ju\u00edza titular da Corte do Tribunal Regional Eleitoral do Rio Grande do Norte (TRE-RN) para o bi\u00eanio 2021-2023. Na mesma ocasi\u00e3o, a ju\u00edza Ticiana Maria Delgado Nobre assume a vaga de suplente. A sess\u00e3o solene de posse ser\u00e1 virtual, com transmiss\u00e3o ao vivo no canal oficial do&nbsp;<a href=\"https:\/\/www.youtube.com\/user\/justicaeleitoralrn\">TRE-RN no YouTube<\/a>&nbsp;a partir das 14h, e conduzida pelo presidente do TRE-RN, Desembargador Gilson Barbosa.<\/p>\n\n\n\n<p>\u00c9rika Paiva e Ticiana Nobre foram escolhidas para compor a Corte do TRE-RN, respectivamente como titular e suplente, pelo Tribunal de Justi\u00e7a do Rio Grande do Norte, no dia 13 de janeiro. \u00c9rika substitui o juiz Ricardo Tinoco, que finaliza o per\u00edodo como titular. J\u00e1 Ticiana passa a posi\u00e7\u00e3o de suplente que foi ocupada por \u00c9rika no bi\u00eanio que se encerra.<\/p><div class=\"dmket69f07f55b99dc\" ><!--<a href=\"https:\/\/bit.ly\/3QdrqTZ\" target=\"_blank\">\n<img src=\"https:\/\/justicapotiguar.com.br\/wp-content\/uploads\/2023\/09\/mobile-geral.gif\"\/><a\/>--><\/div><style type=\"text\/css\">\r\n.dmket69f07f55b99dc {\r\ntext-align: center;\r\n}\r\n@media screen and (min-width: 1201px) {\r\n.dmket69f07f55b99dc {\r\ndisplay: none;\r\n}\r\n}\r\n@media screen and (min-width: 993px) and (max-width: 1200px) {\r\n.dmket69f07f55b99dc {\r\ndisplay: none;\r\n}\r\n}\r\n@media screen and (min-width: 769px) and (max-width: 992px) {\r\n.dmket69f07f55b99dc {\r\ndisplay: none;\r\n}\r\n}\r\n@media screen and (min-width: 768px) and (max-width: 768px) {\r\n.dmket69f07f55b99dc {\r\ndisplay: block;\r\n}\r\n}\r\n@media screen and (max-width: 767px) {\r\n.dmket69f07f55b99dc {\r\ndisplay: block;\r\n}\r\n}\r\n<\/style>\r\n<div class=\"iiccz69f07f55b99c9\" ><!--<a href=\"https:\/\/bit.ly\/3QdrqTZ\" target=\"_blank\">\n<img src=\"https:\/\/justicapotiguar.com.br\/wp-content\/uploads\/2023\/09\/desktop-geral.gif\"\/><a\/>--><\/div><style type=\"text\/css\">\r\n.iiccz69f07f55b99c9 {\r\ntext-align: center;\nmargin-bottom: 1em;\r\n}\r\n@media screen and (min-width: 1201px) {\r\n.iiccz69f07f55b99c9 {\r\ndisplay: block;\r\n}\r\n}\r\n@media screen and (min-width: 993px) and (max-width: 1200px) {\r\n.iiccz69f07f55b99c9 {\r\ndisplay: block;\r\n}\r\n}\r\n@media screen and (min-width: 769px) and (max-width: 992px) {\r\n.iiccz69f07f55b99c9 {\r\ndisplay: block;\r\n}\r\n}\r\n@media screen and (min-width: 768px) and (max-width: 768px) {\r\n.iiccz69f07f55b99c9 {\r\ndisplay: none;\r\n}\r\n}\r\n@media screen and (max-width: 767px) {\r\n.iiccz69f07f55b99c9 {\r\ndisplay: none;\r\n}\r\n}\r\n<\/style>\r\n\n\n\n\n<p>A magistrada \u00c9rika Paiva \u00e9 graduada em Direito pela Universidade Federal do Rio Grande do Norte (UFRN) e \u00e9 especialista em Processo Civil pela Escola de Magistratura do Rio Grande do Norte (ESMARN). Al\u00e9m de exercer a fun\u00e7\u00e3o de ju\u00edza de Direito desde 2000, a magistrada tamb\u00e9m j\u00e1 atuou como Procuradora na UFRN, foi representante da rede de governan\u00e7a colaborativa do TRE-RN, ju\u00edza auxiliar da presid\u00eancia do Tribunal de Justi\u00e7a do Rio Grande do Norte, em 2012, e do TRE-RN, em 2018. \u00c9 diretora da Escola Judici\u00e1ria Eleitoral do RN desde 2019 e ju\u00edza suplente na Corte Eleitoral Potiguar (2019-2020).<\/p>\n\n\n\n<p>A ju\u00edza Ticiana Maria Delgado Nobre \u00e9 graduada em Direito pela UFRN e mestre em Direito Constitucional pela mesma institui\u00e7\u00e3o. Foi Ju\u00edza de Direito no Estado da Para\u00edba entre 2003 e 2004, ingressando em seguida na magistratura do Rio Grande do Norte, onde atuou nas Comarcas de Natal, Pedro Velho, Monte Alegre, Martins, Mossor\u00f3, Jo\u00e3o C\u00e2mara e nas respectivas Zonas Eleitorais, titularizou a 2\u00aa Turma Recursal do Estado (2017\/2019) e exerceu os cargos de Coordenadora Administrativa da ESMARN (2013\/2014); Ju\u00edza Auxiliar da Presid\u00eancia do Tribunal de Justi\u00e7a (2015\/2016); Coordenadora dos Juizados Especiais (2019\/2020); Ju\u00edza Auxiliar da Presid\u00eancia do TRE\/RN (abril a agosto de 2020) e Ju\u00edza Auxiliar da Corregedoria do TRE\/RN (agosto de 2020 a janeiro de 2021).<\/p>\n","protected":false},"excerpt":{"rendered":"<p>Na pr\u00f3xima segunda (25), a ju\u00edza \u00c9rika Paiva ser\u00e1 empossada como nova ju\u00edza titular da Corte do Tribunal Regional Eleitoral do Rio Grande do Norte (TRE-RN) para o bi\u00eanio 2021-2023. Na mesma ocasi\u00e3o, a ju\u00edza Ticiana Maria Delgado Nobre assume a vaga de suplente. A sess\u00e3o solene de posse ser\u00e1 virtual, com transmiss\u00e3o ao vivo<br \/><a class=\"more-link\" href=\"https:\/\/justicapotiguar.com.br\/index.php\/2021\/01\/21\/tre-rn-empossa-novas-integrantes-da-corte-eleitoral-no-dia-25\/\">Mais&#8230;<\/a><\/p>\n","protected":false},"author":5,"featured_media":16123,"comment_status":"open","ping_status":"open","sticky":false,"template":"","format":"standard","meta":[],"categories":[3],"tags":[],"_links":{"self":[{"href":"https:\/\/justicapotiguar.com.br\/index.php\/wp-json\/wp\/v2\/posts\/16122"}],"collection":[{"href":"https:\/\/justicapotiguar.com.br\/index.php\/wp-json\/wp\/v2\/posts"}],"about":[{"href":"https:\/\/justicapotiguar.com.br\/index.php\/wp-json\/wp\/v2\/types\/post"}],"author":[{"embeddable":true,"href":"https:\/\/justicapotiguar.com.br\/index.php\/wp-json\/wp\/v2\/users\/5"}],"replies":[{"embeddable":true,"href":"https:\/\/justicapotiguar.com.br\/index.php\/wp-json\/wp\/v2\/comments?post=16122"}],"version-history":[{"count":1,"href":"https:\/\/justicapotiguar.com.br\/index.php\/wp-json\/wp\/v2\/posts\/16122\/revisions"}],"predecessor-version":[{"id":16124,"href":"https:\/\/justicapotiguar.com.br\/index.php\/wp-json\/wp\/v2\/posts\/16122\/revisions\/16124"}],"wp:featuredmedia":[{"embeddable":true,"href":"https:\/\/justicapotiguar.com.br\/index.php\/wp-json\/wp\/v2\/media\/16123"}],"wp:attachment":[{"href":"https:\/\/justicapotiguar.com.br\/index.php\/wp-json\/wp\/v2\/media?parent=16122"}],"wp:term":[{"taxonomy":"category","embeddable":true,"href":"https:\/\/justicapotiguar.com.br\/index.php\/wp-json\/wp\/v2\/categories?post=16122"},{"taxonomy":"post_tag","embeddable":true,"href":"https:\/\/justicapotiguar.com.br\/index.php\/wp-json\/wp\/v2\/tags?post=16122"}],"curies":[{"name":"wp","href":"https:\/\/api.w.org\/{rel}","templated":true}]}}