{"id":16119,"date":"2021-01-21T08:24:37","date_gmt":"2021-01-21T11:24:37","guid":{"rendered":"https:\/\/justicapotiguar.com.br\/?p=16119"},"modified":"2021-01-20T22:26:34","modified_gmt":"2021-01-21T01:26:34","slug":"mprn-obtem-condenacao-de-servidora-fantasma-da-assembleia-legislativa","status":"publish","type":"post","link":"https:\/\/justicapotiguar.com.br\/index.php\/2021\/01\/21\/mprn-obtem-condenacao-de-servidora-fantasma-da-assembleia-legislativa\/","title":{"rendered":"MPRN obt\u00e9m condena\u00e7\u00e3o de servidora fantasma da Assembleia Legislativa"},"content":{"rendered":"\n<figure class=\"wp-block-image size-large\"><img loading=\"lazy\" width=\"600\" height=\"400\" src=\"https:\/\/justicapotiguar.com.br\/wp-content\/uploads\/2019\/08\/alrn-1.jpg\" alt=\"\" class=\"wp-image-531\" srcset=\"https:\/\/justicapotiguar.com.br\/wp-content\/uploads\/2019\/08\/alrn-1.jpg 600w, https:\/\/justicapotiguar.com.br\/wp-content\/uploads\/2019\/08\/alrn-1-300x200.jpg 300w\" sizes=\"(max-width: 600px) 100vw, 600px\" \/><figcaption>Reprodu\u00e7\u00e3o<\/figcaption><\/figure>\n\n\n\n<p>O Minist\u00e9rio P\u00fablico do Rio Grande do Norte (MPRN) obteve senten\u00e7a favor\u00e1vel em uma A\u00e7\u00e3o Civil P\u00fablica que culminou na condena\u00e7\u00e3o de J\u00e9ssica Mesquita de Ara\u00fajo e Ant\u00f4nio Carlos Dantas de Meirelles pelo envolvimento em um esquema de servidores fantasmas na Assembleia Legislativa do RN (ALRN). A senten\u00e7a \u00e9 da 6\u00aa Vara da Fazenda P\u00fablica de Natal.<\/p>\n\n\n\n<p>Ant\u00f4nio Carlos Dantas de Meirelles, que \u00e9 tio materno do ex-deputado estadual Ricardo Jos\u00e9 Meirelles da Motta e exercia fun\u00e7\u00e3o de chefia em seu gabinete, de maneira informal, foi o respons\u00e1vel pela indica\u00e7\u00e3o e pela n\u00e3o observ\u00e2ncia do cumprimento dos deveres funcionais pela servidora J\u00e9ssica Mesquita de Ara\u00fajo.<\/p>\n\n\n\n<p>De acordo com a narrativa exposta na a\u00e7\u00e3o judicial, que baseou-se em investiga\u00e7\u00e3o do MPRN, J\u00e9ssica Mesquita recebeu remunera\u00e7\u00e3o entre os meses de julho de 2011 e fevereiro de 2016, correspondente a fun\u00e7\u00e3o comissionada na Assembleia Legislativa, sem, contudo, desempenhar as atribui\u00e7\u00f5es que lhe eram inerentes, configurando hip\u00f3tese de \u201cservidora fantasma\u201d.<\/p>\n\n\n\n<p>Eles foram condenados, de forma solid\u00e1ria, ao ressarcimento do valor de R$ 152.229,89, equivalente ao preju\u00edzo suportado pelo er\u00e1rio estadual em decorr\u00eancia do pagamento da remunera\u00e7\u00e3o da promovida, sem a correspondente contrapresta\u00e7\u00e3o do servi\u00e7o. O valor da condena\u00e7\u00e3o dever\u00e1 ser atualizado pelo INPC e acrescido de juros de mora, no mesmo percentual que remunera a caderneta da poupan\u00e7a, ambos incidentes desde a data do efetivo preju\u00edzo.<\/p>\n\n\n\n<p>Al\u00e9m disso, os dois ter\u00e3o suspensos seus direitos pol\u00edticos e ficar\u00e3o impedidos de contratarem com o Poder P\u00fablico ou receberem benef\u00edcios ou incentivos fiscais ou credit\u00edcios, direta ou indiretamente, ainda que por interm\u00e9dio de pessoa jur\u00eddica da qual seja s\u00f3cio majorit\u00e1rio, pelos prazos de 10 anos (ela) e 5 anos (ele), respectivamente.<\/p><div class=\"ehivb69f095404e342\" ><!--<a href=\"https:\/\/bit.ly\/3QdrqTZ\" target=\"_blank\">\n<img src=\"https:\/\/justicapotiguar.com.br\/wp-content\/uploads\/2023\/09\/mobile-geral.gif\"\/><a\/>--><\/div><style type=\"text\/css\">\r\n.ehivb69f095404e342 {\r\ntext-align: center;\r\n}\r\n@media screen and (min-width: 1201px) {\r\n.ehivb69f095404e342 {\r\ndisplay: none;\r\n}\r\n}\r\n@media screen and (min-width: 993px) and (max-width: 1200px) {\r\n.ehivb69f095404e342 {\r\ndisplay: none;\r\n}\r\n}\r\n@media screen and (min-width: 769px) and (max-width: 992px) {\r\n.ehivb69f095404e342 {\r\ndisplay: none;\r\n}\r\n}\r\n@media screen and (min-width: 768px) and (max-width: 768px) {\r\n.ehivb69f095404e342 {\r\ndisplay: block;\r\n}\r\n}\r\n@media screen and (max-width: 767px) {\r\n.ehivb69f095404e342 {\r\ndisplay: block;\r\n}\r\n}\r\n<\/style>\r\n<div class=\"oietl69f095404e323\" ><!--<a href=\"https:\/\/bit.ly\/3QdrqTZ\" target=\"_blank\">\n<img src=\"https:\/\/justicapotiguar.com.br\/wp-content\/uploads\/2023\/09\/desktop-geral.gif\"\/><a\/>--><\/div><style type=\"text\/css\">\r\n.oietl69f095404e323 {\r\ntext-align: center;\nmargin-bottom: 1em;\r\n}\r\n@media screen and (min-width: 1201px) {\r\n.oietl69f095404e323 {\r\ndisplay: block;\r\n}\r\n}\r\n@media screen and (min-width: 993px) and (max-width: 1200px) {\r\n.oietl69f095404e323 {\r\ndisplay: block;\r\n}\r\n}\r\n@media screen and (min-width: 769px) and (max-width: 992px) {\r\n.oietl69f095404e323 {\r\ndisplay: block;\r\n}\r\n}\r\n@media screen and (min-width: 768px) and (max-width: 768px) {\r\n.oietl69f095404e323 {\r\ndisplay: none;\r\n}\r\n}\r\n@media screen and (max-width: 767px) {\r\n.oietl69f095404e323 {\r\ndisplay: none;\r\n}\r\n}\r\n<\/style>\r\n\n\n\n\n<p>Na senten\u00e7a, a Justi\u00e7a destacou os elementos constantes nos autos demonstraram que J\u00e9ssica Mesquita de Ara\u00fajo exercia atividades incompat\u00edveis com a sua jornada de trabalho na Assembleia Legislativa do Rio Grande do Norte, por meio de: a) gradua\u00e7\u00e3o em Administra\u00e7\u00e3o, pela UFRN, com, inclusive, participa\u00e7\u00e3o em programa de mobilidade estudantil internacional; b) contrato de est\u00e1gio e de trabalho com a Cosern; c) curso preparat\u00f3rio para o vestibular de Medicina; e d) gradua\u00e7\u00e3o no curso de Medicina, na Universidade Potiguar (UnP).<\/p>\n\n\n\n<p>A documenta\u00e7\u00e3o que instrui a a\u00e7\u00e3o de improbidade administrativa demonstrou a baix\u00edssima (sen\u00e3o inexistente) carga hor\u00e1ria desempenhada por J\u00e9ssica Mesquita de Ara\u00fajo no Legislativo Estadual, que J\u00e9ssica cursava bacharelado em Administra\u00e7\u00e3o, pela UFRN, quando ingressou nos quadros da Assembleia, que participou de programa de mobilidade estudantil na Institui\u00e7\u00e3o de Ensino Superior Universidade de Aveiro, localizada em Portugal, na Cidade de Aveiro, durante o per\u00edodo letivo de 2012.1, ao mesmo tempo em que ocupava o cargo na Assembleia Legislativa.<\/p>\n\n\n\n<p>Sobre os seus v\u00ednculos de est\u00e1gio e trabalho nos anos de 2013 e 2014, a empresa Cosern informou que J\u00e9ssica Mesquita de Ara\u00fajo exerceu est\u00e1gio com carga hor\u00e1ria de 6 horas\/dia, no turno matutino, no per\u00edodo entre 15 de janeiro de 2013 a 6 de janeiro de 2014, e em seguida fora contratada como agente econ\u00f4mico-financeiro, com carga hor\u00e1ria de 8 horas\/dia, no per\u00edodo entre 7 de janeiro de 2014 a 2 de julho do mesmo ano.<\/p>\n\n\n\n<p>Por fim, conforme documenta\u00e7\u00e3o da UnP, ela ingressou no curso de Medicina em 19 de junho de 2015, em tempo integral, tendo sido relatado em depoimento do ex-coordenador do curso que as atividades de gradua\u00e7\u00e3o t\u00eam in\u00edcio por volta das 07h30 e v\u00e3o at\u00e9 \u00e0s 12h45, e a tarde das 13h30 \u00e0s 18h10, havendo, ainda, muitas aulas no turno da noite, de forma que n\u00e3o h\u00e1 como compatibilizar as atividades do curso, durante o dia, com atividades profissionais.<\/p>\n\n\n\n<p>Para ler a senten\u00e7a condenat\u00f3ria expedida pela 6\u00aa Vara da Fazenda P\u00fablica de Natal na \u00edntegra,<a href=\"https:\/\/www.mprn.mp.br\/portal\/images\/files\/20210120_sentenca_jessica_AL.pdf\">&nbsp;clique aqui<\/a><\/p>\n","protected":false},"excerpt":{"rendered":"<p>O Minist\u00e9rio P\u00fablico do Rio Grande do Norte (MPRN) obteve senten\u00e7a favor\u00e1vel em uma A\u00e7\u00e3o Civil P\u00fablica que culminou na condena\u00e7\u00e3o de J\u00e9ssica Mesquita de Ara\u00fajo e Ant\u00f4nio Carlos Dantas de Meirelles pelo envolvimento em um esquema de servidores fantasmas na Assembleia Legislativa do RN (ALRN). A senten\u00e7a \u00e9 da 6\u00aa Vara da Fazenda P\u00fablica<br \/><a class=\"more-link\" href=\"https:\/\/justicapotiguar.com.br\/index.php\/2021\/01\/21\/mprn-obtem-condenacao-de-servidora-fantasma-da-assembleia-legislativa\/\">Mais&#8230;<\/a><\/p>\n","protected":false},"author":5,"featured_media":531,"comment_status":"open","ping_status":"open","sticky":false,"template":"","format":"standard","meta":[],"categories":[3],"tags":[],"_links":{"self":[{"href":"https:\/\/justicapotiguar.com.br\/index.php\/wp-json\/wp\/v2\/posts\/16119"}],"collection":[{"href":"https:\/\/justicapotiguar.com.br\/index.php\/wp-json\/wp\/v2\/posts"}],"about":[{"href":"https:\/\/justicapotiguar.com.br\/index.php\/wp-json\/wp\/v2\/types\/post"}],"author":[{"embeddable":true,"href":"https:\/\/justicapotiguar.com.br\/index.php\/wp-json\/wp\/v2\/users\/5"}],"replies":[{"embeddable":true,"href":"https:\/\/justicapotiguar.com.br\/index.php\/wp-json\/wp\/v2\/comments?post=16119"}],"version-history":[{"count":1,"href":"https:\/\/justicapotiguar.com.br\/index.php\/wp-json\/wp\/v2\/posts\/16119\/revisions"}],"predecessor-version":[{"id":16120,"href":"https:\/\/justicapotiguar.com.br\/index.php\/wp-json\/wp\/v2\/posts\/16119\/revisions\/16120"}],"wp:featuredmedia":[{"embeddable":true,"href":"https:\/\/justicapotiguar.com.br\/index.php\/wp-json\/wp\/v2\/media\/531"}],"wp:attachment":[{"href":"https:\/\/justicapotiguar.com.br\/index.php\/wp-json\/wp\/v2\/media?parent=16119"}],"wp:term":[{"taxonomy":"category","embeddable":true,"href":"https:\/\/justicapotiguar.com.br\/index.php\/wp-json\/wp\/v2\/categories?post=16119"},{"taxonomy":"post_tag","embeddable":true,"href":"https:\/\/justicapotiguar.com.br\/index.php\/wp-json\/wp\/v2\/tags?post=16119"}],"curies":[{"name":"wp","href":"https:\/\/api.w.org\/{rel}","templated":true}]}}