{"id":16112,"date":"2021-01-20T17:46:42","date_gmt":"2021-01-20T20:46:42","guid":{"rendered":"https:\/\/justicapotiguar.com.br\/?p=16112"},"modified":"2021-01-20T17:46:42","modified_gmt":"2021-01-20T20:46:42","slug":"lewandowski-determina-que-anvisa-informe-sobre-uso-emergencial-da-sputnik-v-em-72-horas","status":"publish","type":"post","link":"https:\/\/justicapotiguar.com.br\/index.php\/2021\/01\/20\/lewandowski-determina-que-anvisa-informe-sobre-uso-emergencial-da-sputnik-v-em-72-horas\/","title":{"rendered":"Lewandowski determina que Anvisa informe sobre uso emergencial da Sputnik V em 72 horas"},"content":{"rendered":"\n<p>Nesta quarta-feira, 20, o ministro do STF&nbsp;<strong>Ricardo Lewandowski<\/strong>&nbsp;determinou que a Anvisa &#8211; Ag\u00eancia Nacional de Vigil\u00e2ncia Sanit\u00e1ria, no prazo de 72h, confirme a afirma\u00e7\u00e3o de que foi requerida a autoriza\u00e7\u00e3o emergencial para uso da vacina Sputnik V contra a covid-19. Em caso positivo, a ag\u00eancia deve esclarecer qual o est\u00e1gio em se encontra a aprova\u00e7\u00e3o do referido imunizante, assim como eventuais pend\u00eancias a serem cumpridas.<\/p>\n\n\n\n<p>A decis\u00e3o se deu no \u00e2mbito da ADIn&nbsp;<a href=\"http:\/\/portal.stf.jus.br\/processos\/detalhe.asp?incidente=6086688\" target=\"_blank\" rel=\"noreferrer noopener\">6.661<\/a>, do governador da Bahia Rui Costa.<\/p>\n\n\n\n<figure class=\"wp-block-image\"><img src=\"https:\/\/img2.migalhas.uol.com.br\/_MEDPROC_\/https__img1.migalhas.uol.com.br__SL__gf_base__SL__empresas__SL__MIGA__SL__imagens__SL__2021__SL__01__SL__20__SL__511b6a95-858d-41f2-b7cb-42010ea518a8.jpg._PROC_CP75.jpg\" alt=\"(Imagem: Nelson Jr\/STF)\" title=\"(Imagem: Nelson Jr\/STF)\"\/><\/figure>\n\n\n\n<p>(Imagem: Nelson Jr\/STF)<\/p>\n\n\n\n<p><strong>Entenda<\/strong><\/p>\n\n\n\n<p>Rui Costa ajuizou a\u00e7\u00e3o no Supremo contra dispositivos da MP&nbsp;<a href=\"http:\/\/www.planalto.gov.br\/ccivil_03\/_Ato2019-2022\/2021\/Mpv\/mpv1026.htm\" target=\"_blank\" rel=\"noreferrer noopener\">1.026\/21<\/a>&nbsp;que criam restri\u00e7\u00f5es para a importa\u00e7\u00e3o e a distribui\u00e7\u00e3o de vacinas contra a covid-19 ainda n\u00e3o registradas pela Anvisa. Segundo o governador, os dispositivos cerceiam a atua\u00e7\u00e3o dos Estados no combate \u00e0 pandemia, ao impedir a importa\u00e7\u00e3o de vacinas ainda n\u00e3o certificadas segundo as regras da MP, como a Sputnik V, desenvolvida na R\u00fassia.<\/p>\n\n\n\n<p>O objeto da a\u00e7\u00e3o s\u00e3o os artigos 13 e 16 da MP. O primeiro condiciona a aplica\u00e7\u00e3o das vacinas \u00e0 observ\u00e2ncia do Plano Nacional de Operacionaliza\u00e7\u00e3o da Vacina\u00e7\u00e3o. O governador pede que o Supremo confira ao dispositivo interpreta\u00e7\u00e3o que n\u00e3o impe\u00e7a que os entes da Federa\u00e7\u00e3o possam iniciar a imuniza\u00e7\u00e3o em seus respectivos territ\u00f3rios, caso disponham de vacinas.<\/p>\n\n\n\n<p>Em rela\u00e7\u00e3o ao artigo 16 da MP, ele sustenta que deve ser declarada inconstitucional a parte que restringe a autoriza\u00e7\u00e3o de importa\u00e7\u00e3o de vacina sem registro na Anvisa, desde que autorizadas por uma das cinco autoridades sanit\u00e1rias: dos Estados Unidos, da Uni\u00e3o Europeia, do Jap\u00e3o, da China e do Reino Unido e Irlanda do Norte.<\/p><div class=\"ufdte69f0c5611a290\" ><!--<a href=\"https:\/\/bit.ly\/3QdrqTZ\" target=\"_blank\">\n<img src=\"https:\/\/justicapotiguar.com.br\/wp-content\/uploads\/2023\/09\/mobile-geral.gif\"\/><a\/>--><\/div><style type=\"text\/css\">\r\n.ufdte69f0c5611a290 {\r\ntext-align: center;\r\n}\r\n@media screen and (min-width: 1201px) {\r\n.ufdte69f0c5611a290 {\r\ndisplay: none;\r\n}\r\n}\r\n@media screen and (min-width: 993px) and (max-width: 1200px) {\r\n.ufdte69f0c5611a290 {\r\ndisplay: none;\r\n}\r\n}\r\n@media screen and (min-width: 769px) and (max-width: 992px) {\r\n.ufdte69f0c5611a290 {\r\ndisplay: none;\r\n}\r\n}\r\n@media screen and (min-width: 768px) and (max-width: 768px) {\r\n.ufdte69f0c5611a290 {\r\ndisplay: block;\r\n}\r\n}\r\n@media screen and (max-width: 767px) {\r\n.ufdte69f0c5611a290 {\r\ndisplay: block;\r\n}\r\n}\r\n<\/style>\r\n<div class=\"bdvia69f0c5611a26f\" ><!--<a href=\"https:\/\/bit.ly\/3QdrqTZ\" target=\"_blank\">\n<img src=\"https:\/\/justicapotiguar.com.br\/wp-content\/uploads\/2023\/09\/desktop-geral.gif\"\/><a\/>--><\/div><style type=\"text\/css\">\r\n.bdvia69f0c5611a26f {\r\ntext-align: center;\nmargin-bottom: 1em;\r\n}\r\n@media screen and (min-width: 1201px) {\r\n.bdvia69f0c5611a26f {\r\ndisplay: block;\r\n}\r\n}\r\n@media screen and (min-width: 993px) and (max-width: 1200px) {\r\n.bdvia69f0c5611a26f {\r\ndisplay: block;\r\n}\r\n}\r\n@media screen and (min-width: 769px) and (max-width: 992px) {\r\n.bdvia69f0c5611a26f {\r\ndisplay: block;\r\n}\r\n}\r\n@media screen and (min-width: 768px) and (max-width: 768px) {\r\n.bdvia69f0c5611a26f {\r\ndisplay: none;\r\n}\r\n}\r\n@media screen and (max-width: 767px) {\r\n.bdvia69f0c5611a26f {\r\ndisplay: none;\r\n}\r\n}\r\n<\/style>\r\n\n\n\n\n<p>Tamb\u00e9m \u00e9 solicitada a mesma interpreta\u00e7\u00e3o ao artigo 3\u00ba, inciso VIII, al\u00ednea &#8216;a&#8217;, da lei&nbsp;<a href=\"http:\/\/www.planalto.gov.br\/ccivil_03\/_ato2019-2022\/2020\/lei\/l13979.htm\" target=\"_blank\" rel=\"noreferrer noopener\">13.979\/20<\/a>, que igualmente restringe a importa\u00e7\u00e3o excepcional de materiais e medicamentos para o combate \u00e0 pandemia aos certificados por determinadas autoridades sanit\u00e1rias.PUBLICIDADEhttps:\/\/961249f88c470f12951793ed447861e3.safeframe.googlesyndication.com\/safeframe\/1-0-37\/html\/container.html<\/p>\n\n\n\n<p><strong>Higidez<\/strong><\/p>\n\n\n\n<p>O governador defende que seja admitida a compra, pelos Estados, de vacinas que tenham registro em ag\u00eancia reguladora regional de refer\u00eancia certificada pela Organiza\u00e7\u00e3o Panamericana de Sa\u00fade ou &#8220;outro crit\u00e9rio que o valha e assegure a higidez da avalia\u00e7\u00e3o&#8221;.<\/p>\n\n\n\n<p>No caso da Sputnik V, Rui Costa assinala que, al\u00e9m de j\u00e1 ter registro de outras autoridades sanit\u00e1rias, est\u00e1 sendo aplicada em outros pa\u00edses, como Argentina e Paraguai. Ele acrescenta que, diferentemente do expediente adotado por outros laborat\u00f3rios, o Fundo Russo de Investimentos Diretos e o Centro Nacional de Pesquisa em Epidemiologia e Microbiologia Gamaleya, respons\u00e1veis pelo desenvolvimento do imunizante, n\u00e3o exigem qualquer termo de isen\u00e7\u00e3o ou limita\u00e7\u00e3o de responsabilidade pelo uso da vacina.<\/p>\n\n\n\n<ul><li>Processo:&nbsp;ADIn&nbsp;<a href=\"http:\/\/portal.stf.jus.br\/processos\/detalhe.asp?incidente=6086688\" target=\"_blank\" rel=\"noreferrer noopener\">6.661<\/a><\/li><\/ul>\n\n\n\n<p>Leia a\u00a0<a rel=\"noreferrer noopener\" href=\"https:\/\/www.migalhas.uol.com.br\/arquivos\/2021\/1\/EBDA608E357D40_decisao-anvisa.pdf\" target=\"_blank\">decis\u00e3o<\/a>.<\/p>\n\n\n\n<p>Migalhas<\/p>\n","protected":false},"excerpt":{"rendered":"<p>Nesta quarta-feira, 20, o ministro do STF&nbsp;Ricardo Lewandowski&nbsp;determinou que a Anvisa &#8211; Ag\u00eancia Nacional de Vigil\u00e2ncia Sanit\u00e1ria, no prazo de 72h, confirme a afirma\u00e7\u00e3o de que foi requerida a autoriza\u00e7\u00e3o emergencial para uso da vacina Sputnik V contra a covid-19. Em caso positivo, a ag\u00eancia deve esclarecer qual o est\u00e1gio em se encontra a aprova\u00e7\u00e3o<br \/><a class=\"more-link\" href=\"https:\/\/justicapotiguar.com.br\/index.php\/2021\/01\/20\/lewandowski-determina-que-anvisa-informe-sobre-uso-emergencial-da-sputnik-v-em-72-horas\/\">Mais&#8230;<\/a><\/p>\n","protected":false},"author":5,"featured_media":888,"comment_status":"open","ping_status":"open","sticky":false,"template":"","format":"standard","meta":[],"categories":[3],"tags":[],"_links":{"self":[{"href":"https:\/\/justicapotiguar.com.br\/index.php\/wp-json\/wp\/v2\/posts\/16112"}],"collection":[{"href":"https:\/\/justicapotiguar.com.br\/index.php\/wp-json\/wp\/v2\/posts"}],"about":[{"href":"https:\/\/justicapotiguar.com.br\/index.php\/wp-json\/wp\/v2\/types\/post"}],"author":[{"embeddable":true,"href":"https:\/\/justicapotiguar.com.br\/index.php\/wp-json\/wp\/v2\/users\/5"}],"replies":[{"embeddable":true,"href":"https:\/\/justicapotiguar.com.br\/index.php\/wp-json\/wp\/v2\/comments?post=16112"}],"version-history":[{"count":1,"href":"https:\/\/justicapotiguar.com.br\/index.php\/wp-json\/wp\/v2\/posts\/16112\/revisions"}],"predecessor-version":[{"id":16113,"href":"https:\/\/justicapotiguar.com.br\/index.php\/wp-json\/wp\/v2\/posts\/16112\/revisions\/16113"}],"wp:featuredmedia":[{"embeddable":true,"href":"https:\/\/justicapotiguar.com.br\/index.php\/wp-json\/wp\/v2\/media\/888"}],"wp:attachment":[{"href":"https:\/\/justicapotiguar.com.br\/index.php\/wp-json\/wp\/v2\/media?parent=16112"}],"wp:term":[{"taxonomy":"category","embeddable":true,"href":"https:\/\/justicapotiguar.com.br\/index.php\/wp-json\/wp\/v2\/categories?post=16112"},{"taxonomy":"post_tag","embeddable":true,"href":"https:\/\/justicapotiguar.com.br\/index.php\/wp-json\/wp\/v2\/tags?post=16112"}],"curies":[{"name":"wp","href":"https:\/\/api.w.org\/{rel}","templated":true}]}}