{"id":16110,"date":"2021-01-20T16:57:54","date_gmt":"2021-01-20T19:57:54","guid":{"rendered":"https:\/\/justicapotiguar.com.br\/?p=16110"},"modified":"2021-01-20T16:57:54","modified_gmt":"2021-01-20T19:57:54","slug":"justica-federal-determina-que-prefeitura-de-natal-e-iphan-executem-restauracao-do-antigo-hotel-central","status":"publish","type":"post","link":"https:\/\/justicapotiguar.com.br\/index.php\/2021\/01\/20\/justica-federal-determina-que-prefeitura-de-natal-e-iphan-executem-restauracao-do-antigo-hotel-central\/","title":{"rendered":"Justi\u00e7a Federal determina que Prefeitura de Natal e IPHAN executem restaura\u00e7\u00e3o do antigo Hotel Central"},"content":{"rendered":"\n<figure class=\"wp-block-image size-large\"><img loading=\"lazy\" width=\"730\" height=\"400\" src=\"https:\/\/justicapotiguar.com.br\/wp-content\/uploads\/2019\/08\/justica-federal.jpg\" alt=\"\" class=\"wp-image-786\" srcset=\"https:\/\/justicapotiguar.com.br\/wp-content\/uploads\/2019\/08\/justica-federal.jpg 730w, https:\/\/justicapotiguar.com.br\/wp-content\/uploads\/2019\/08\/justica-federal-300x164.jpg 300w\" sizes=\"(max-width: 730px) 100vw, 730px\" \/><figcaption>Reprodu\u00e7\u00e3o<\/figcaption><\/figure>\n\n\n\n<p>&nbsp;&nbsp;&nbsp;&nbsp;&nbsp;&nbsp;&nbsp;&nbsp;&nbsp;&nbsp;&nbsp;&nbsp;A Prefeitura de Natal e o Instituto do Patrim\u00f4nio Hist\u00f3rio e Art\u00edstico Nacional (IPHAN) est\u00e3o obrigados a executarem a completa restaura\u00e7\u00e3o do antigo Hotel Central, localizado na rua C\u00e2mara Cascudo, no bairro da Ribeira, na capital potiguar. A senten\u00e7a foi do Juiz Federal Ivan Lira de Carvalho, titular da 5\u00aa Vara, que acolheu pedido formulado pelo Minist\u00e9rio P\u00fablico Federal.<\/p>\n\n\n\n<p>&nbsp;&nbsp;&nbsp;&nbsp;&nbsp;&nbsp;&nbsp;&nbsp;&nbsp;&nbsp;&nbsp;&nbsp;O Munic\u00edpio e o IPHAN dever\u00e3o apresentar, no prazo de 60 dias, o cronograma de a\u00e7\u00f5es para o im\u00f3vel, contemplando desde o projeto executivo at\u00e9 a efetiva realiza\u00e7\u00e3o dos servi\u00e7os. Al\u00e9m disso, dever\u00e3o, periodicamente, vistoria o im\u00f3vel at\u00e9 que seja completamente recuperado.<\/p>\n\n\n\n<p>&nbsp;&nbsp;&nbsp;&nbsp;&nbsp;&nbsp;&nbsp;&nbsp;&nbsp;&nbsp;&nbsp;&nbsp;Na a\u00e7\u00e3o, o Minist\u00e9rio P\u00fablico Federal apontou que o pr\u00e9dio est\u00e1 contemplado com o PAC das Cidades Hist\u00f3ricas e h\u00e1 R$ 610.400 depositados h\u00e1 mais de cinco anos para a obra de recupera\u00e7\u00e3o.<\/p><div class=\"ixiuf69f0dd013b930\" ><!--<a href=\"https:\/\/bit.ly\/3QdrqTZ\" target=\"_blank\">\n<img src=\"https:\/\/justicapotiguar.com.br\/wp-content\/uploads\/2023\/09\/mobile-geral.gif\"\/><a\/>--><\/div><style type=\"text\/css\">\r\n.ixiuf69f0dd013b930 {\r\ntext-align: center;\r\n}\r\n@media screen and (min-width: 1201px) {\r\n.ixiuf69f0dd013b930 {\r\ndisplay: none;\r\n}\r\n}\r\n@media screen and (min-width: 993px) and (max-width: 1200px) {\r\n.ixiuf69f0dd013b930 {\r\ndisplay: none;\r\n}\r\n}\r\n@media screen and (min-width: 769px) and (max-width: 992px) {\r\n.ixiuf69f0dd013b930 {\r\ndisplay: none;\r\n}\r\n}\r\n@media screen and (min-width: 768px) and (max-width: 768px) {\r\n.ixiuf69f0dd013b930 {\r\ndisplay: block;\r\n}\r\n}\r\n@media screen and (max-width: 767px) {\r\n.ixiuf69f0dd013b930 {\r\ndisplay: block;\r\n}\r\n}\r\n<\/style>\r\n<div class=\"zdttr69f0dd013b913\" ><!--<a href=\"https:\/\/bit.ly\/3QdrqTZ\" target=\"_blank\">\n<img src=\"https:\/\/justicapotiguar.com.br\/wp-content\/uploads\/2023\/09\/desktop-geral.gif\"\/><a\/>--><\/div><style type=\"text\/css\">\r\n.zdttr69f0dd013b913 {\r\ntext-align: center;\nmargin-bottom: 1em;\r\n}\r\n@media screen and (min-width: 1201px) {\r\n.zdttr69f0dd013b913 {\r\ndisplay: block;\r\n}\r\n}\r\n@media screen and (min-width: 993px) and (max-width: 1200px) {\r\n.zdttr69f0dd013b913 {\r\ndisplay: block;\r\n}\r\n}\r\n@media screen and (min-width: 769px) and (max-width: 992px) {\r\n.zdttr69f0dd013b913 {\r\ndisplay: block;\r\n}\r\n}\r\n@media screen and (min-width: 768px) and (max-width: 768px) {\r\n.zdttr69f0dd013b913 {\r\ndisplay: none;\r\n}\r\n}\r\n@media screen and (max-width: 767px) {\r\n.zdttr69f0dd013b913 {\r\ndisplay: none;\r\n}\r\n}\r\n<\/style>\r\n\n\n\n\n<p>&nbsp;&nbsp;&nbsp;&nbsp;&nbsp;&nbsp;&nbsp;&nbsp;&nbsp;&nbsp;&nbsp;&nbsp;Na senten\u00e7a, o Juiz Federal Ivan Lira lembrou que o edif\u00edcio faz parte do&nbsp;Conjunto Arquitet\u00f4nico, Urban\u00edstico e Paisag\u00edstico do Munic\u00edpio de Natal. O pr\u00e9dio \u00e9 ocupado por 16 fam\u00edlias do Movimento de Luta nos Bairros, Vilas e Favelas. O magistrado lembrou que chegou a ocorrer audi\u00eancia de media\u00e7\u00e3o no Tribunal de Justi\u00e7a do Rio Grande do Norte para a desocupa\u00e7\u00e3o do pr\u00e9dio, mas a Prefeitura de Natal n\u00e3o avan\u00e7ou com as tratativas para reintegra\u00e7\u00e3o de posse, \u201co que demonstra (por parte da Prefeitura de Natal) pouco compromisso com a solu\u00e7\u00e3o do problema, com a continuidade da degrada\u00e7\u00e3o do im\u00f3vel integrante do Centro Hist\u00f3rico de Natal, al\u00e9m da presen\u00e7a de fam\u00edlias ainda residindo no local, sem que sejam tomadas medidas efetivas pelo Poder P\u00fablico para a completa restaura\u00e7\u00e3o do im\u00f3vel objeto desta a\u00e7\u00e3o\u201d.<\/p>\n\n\n\n<p>&nbsp;&nbsp;&nbsp;&nbsp;&nbsp;&nbsp;&nbsp;&nbsp;&nbsp;&nbsp;&nbsp;&nbsp;O magistrado chamou aten\u00e7\u00e3o que houve omiss\u00e3o manifesta dos r\u00e9us (Munic\u00edpio e IPHAN) . \u201cUma omiss\u00e3o manifesta por parte dos r\u00e9us em dar andamento ao processo necess\u00e1rio \u00e0 recupera\u00e7\u00e3o do im\u00f3vel \u2018Hotel Central\u2019, n\u00e3o havendo que se falar, em tal caso, em usurpa\u00e7\u00e3o de fun\u00e7\u00e3o do Executivo pelo Judici\u00e1rio e muito menos em interfer\u00eancia em pol\u00edtica p\u00fablica sem pr\u00e9vio fonte de custeio, pois claramente n\u00e3o se trata de falta de or\u00e7amento e nem de escassez de prazo para que tais medidas sejam implementadas\u201d, escreveu o Juiz Federal.<\/p>\n","protected":false},"excerpt":{"rendered":"<p>&nbsp;&nbsp;&nbsp;&nbsp;&nbsp;&nbsp;&nbsp;&nbsp;&nbsp;&nbsp;&nbsp;&nbsp;A Prefeitura de Natal e o Instituto do Patrim\u00f4nio Hist\u00f3rio e Art\u00edstico Nacional (IPHAN) est\u00e3o obrigados a executarem a completa restaura\u00e7\u00e3o do antigo Hotel Central, localizado na rua C\u00e2mara Cascudo, no bairro da Ribeira, na capital potiguar. A senten\u00e7a foi do Juiz Federal Ivan Lira de Carvalho, titular da 5\u00aa Vara, que acolheu pedido formulado<br \/><a class=\"more-link\" href=\"https:\/\/justicapotiguar.com.br\/index.php\/2021\/01\/20\/justica-federal-determina-que-prefeitura-de-natal-e-iphan-executem-restauracao-do-antigo-hotel-central\/\">Mais&#8230;<\/a><\/p>\n","protected":false},"author":5,"featured_media":787,"comment_status":"open","ping_status":"open","sticky":false,"template":"","format":"standard","meta":[],"categories":[3],"tags":[],"_links":{"self":[{"href":"https:\/\/justicapotiguar.com.br\/index.php\/wp-json\/wp\/v2\/posts\/16110"}],"collection":[{"href":"https:\/\/justicapotiguar.com.br\/index.php\/wp-json\/wp\/v2\/posts"}],"about":[{"href":"https:\/\/justicapotiguar.com.br\/index.php\/wp-json\/wp\/v2\/types\/post"}],"author":[{"embeddable":true,"href":"https:\/\/justicapotiguar.com.br\/index.php\/wp-json\/wp\/v2\/users\/5"}],"replies":[{"embeddable":true,"href":"https:\/\/justicapotiguar.com.br\/index.php\/wp-json\/wp\/v2\/comments?post=16110"}],"version-history":[{"count":1,"href":"https:\/\/justicapotiguar.com.br\/index.php\/wp-json\/wp\/v2\/posts\/16110\/revisions"}],"predecessor-version":[{"id":16111,"href":"https:\/\/justicapotiguar.com.br\/index.php\/wp-json\/wp\/v2\/posts\/16110\/revisions\/16111"}],"wp:featuredmedia":[{"embeddable":true,"href":"https:\/\/justicapotiguar.com.br\/index.php\/wp-json\/wp\/v2\/media\/787"}],"wp:attachment":[{"href":"https:\/\/justicapotiguar.com.br\/index.php\/wp-json\/wp\/v2\/media?parent=16110"}],"wp:term":[{"taxonomy":"category","embeddable":true,"href":"https:\/\/justicapotiguar.com.br\/index.php\/wp-json\/wp\/v2\/categories?post=16110"},{"taxonomy":"post_tag","embeddable":true,"href":"https:\/\/justicapotiguar.com.br\/index.php\/wp-json\/wp\/v2\/tags?post=16110"}],"curies":[{"name":"wp","href":"https:\/\/api.w.org\/{rel}","templated":true}]}}